{"id":3141,"date":"2018-08-30T22:05:23","date_gmt":"2018-08-30T22:05:23","guid":{"rendered":""},"modified":"2026-03-11T09:11:56","modified_gmt":"2026-03-11T14:11:56","slug":"abusos-las-conferencias-episcopales-del-mundo-apoyan-al-papa","status":"publish","type":"post","link":"https:\/\/ceas.org.pe\/index.php\/2018\/08\/30\/abusos-las-conferencias-episcopales-del-mundo-apoyan-al-papa\/","title":{"rendered":"Abusos: las Conferencias episcopales del mundo apoyan al Papa"},"content":{"rendered":"<p class=\"MsoNormal\" style=\"margin-bottom:0cm;margin-bottom:.0001pt;text-align:\njustify;line-height:normal\">Comuni\u00f3n, colegialidad, apoyo, fidelidad, cercan\u00eda, colaboraci\u00f3n: son los t\u00e9rminos m\u00e1s recurrentes en las cartas abiertas que las Conferencias episcopales del mundo han enviado y est\u00e1n enviando en estas horas al Papa Francisco. Las cartas llegan despu\u00e9s de la publicaci\u00f3n del documento de Monse\u00f1or Carlo Maria Vigan\u00f2, ex nuncio en los Estados Unidos, quien acusa al Pont\u00edfice y a otros cardenales de haber encubierto los hechos del card. Theodore McCarrick. Acusado de abuso de menores, el pasado 27 de julio el Papa acept\u00f3 su dimisi\u00f3n como cardenal y orden\u00f3 su suspensi\u00f3n del ejercicio de cualquier ministerio p\u00fablico.<o:p><\/o:p><\/p>\n<p class=\"MsoNormal\" style=\"margin-bottom:0cm;margin-bottom:.0001pt;text-align:\njustify;line-height:normal\"><o:p>\u00a0<\/o:p><\/p>\n<p class=\"MsoNormal\" style=\"margin-bottom:0cm;margin-bottom:.0001pt;text-align:\njustify;line-height:normal;mso-outline-level:2\"><b>Apreciaci\u00f3n por el trabajo del Papa<o:p><\/o:p><\/b><\/p>\n<p class=\"MsoNormal\" style=\"margin-bottom:0cm;margin-bottom:.0001pt;text-align:\njustify;line-height:normal\">Los episcopados expresan su cercan\u00eda al Papa: los obispos de Per\u00fa, por ejemplo, subrayan su apoyo fraterno y episcopal al camino l\u00facido, valiente y firme modo en que el Papa ha de conducir la barca de Cristo. Un apoyo necesario ante el intento de desestabilizar la Iglesia y su ministerio. \u00a0En la misma l\u00ednea, el CELAM -Consejo de las Conferencias Episcopales Latinoamericanas- que, en una carta del 26 de agosto, agradeci\u00f3 al Papa Francisco su \u201cservicio pleno de abnegaci\u00f3n hacia la Iglesia\u201d ofreci\u00f3 al Pont\u00edfice \u201cfidelidad, cercan\u00eda y colaboraci\u00f3n para que la verdad brille por encima de todo pecado\u00bb.<o:p><\/o:p><\/p>\n<p class=\"MsoNormal\" style=\"margin-bottom:0cm;margin-bottom:.0001pt;text-align:\njustify;line-height:normal;mso-outline-level:2\"><o:p>\u00a0<\/o:p><\/p>\n<p class=\"MsoNormal\" style=\"margin-bottom:0cm;margin-bottom:.0001pt;text-align:\njustify;line-height:normal;mso-outline-level:2\"><b>Una incansable labor pastoral<o:p><\/o:p><\/b><\/p>\n<p class=\"MsoNormal\" style=\"margin-bottom:0cm;margin-bottom:.0001pt;text-align:\njustify;line-height:normal\">Los obispos de Paraguay agradecen al Papa por su liderazgo y por continuar el trabajo de sus predecesores con gran humildad y firmeza en la lucha contra el abuso. \u00a0La cercan\u00eda tambi\u00e9n llega de la Conferencia Episcopal Espa\u00f1ola, presidida por el Card. Ricardo Bl\u00e1zquez: \u201cSanto Padre, usted no est\u00e1 solo\u201d, escribe el purpurado, que da gracias a Dios por la incansable labor pastoral llevada adelante por el Pont\u00edfice y por su dedicaci\u00f3n al ministerio petrino.<o:p><\/o:p><\/p>\n<p class=\"MsoNormal\" style=\"margin-bottom:0cm;margin-bottom:.0001pt;text-align:\njustify;line-height:normal;mso-outline-level:2\"><o:p>\u00a0<\/o:p><\/p>\n<p class=\"MsoNormal\" style=\"margin-bottom:0cm;margin-bottom:.0001pt;text-align:\njustify;line-height:normal;mso-outline-level:2\"><b>Reacci\u00f3n de los obispos de los Estados Unidos<o:p><\/o:p><\/b><\/p>\n<p class=\"MsoNormal\" style=\"margin-bottom:0cm;margin-bottom:.0001pt;text-align:\njustify;line-height:normal\">Son d\u00edas dif\u00edciles y expresamos al Papa nuestro afecto fraterno -afirma el presidente del episcopado de Estados Unidos, Card. Daniel DiNardo &#8211; mientras esta herida abierta de los abusos nos desaf\u00eda a ser firmes y decididos en la b\u00fasqueda de la verdad y la justicia. \u00a0El cardenal pide una audiencia con el Papa para obtener su apoyo al plan de acci\u00f3n de los obispos de los Estados Unidos inspirado en su reciente carta al Pueblo de Dios, en la que se incluyen propuestas m\u00e1s detalladas para simplificar la denuncia de abusos y mala conducta por parte de los obispos y para mejorar los procedimientos de resoluci\u00f3n de denuncias contra los obispos. \u00a0Otros prelados, como el Arzobispo de Filadelfia, Charles Chaput, y Thomas Olmsted, Obispo de Phoenix, han dicho que no tienen conocimiento directo de los hechos pero hablan de Vigan\u00f2 de una manera positiva. \u00a0El obispo de San Diego, Robert McElroy, expres\u00f3 que el testimonio de Vigan\u00f2 es una distorsi\u00f3n y que sus ataques est\u00e1n inspirados por su odio hacia el Papa Francisco y todo lo que \u00e9l ha ense\u00f1ado. Junto con el Papa Francisco -afirma- confiamos en que la verificaci\u00f3n de las declaraciones de Vigan\u00f2 ayudar\u00e1 a establecer la verdad.<o:p><\/o:p><\/p>\n<p class=\"MsoNormal\" style=\"margin-bottom:0cm;margin-bottom:.0001pt;text-align:\njustify;line-height:normal\"><o:p>\u00a0<\/o:p><\/p>\n<p><i style=\"text-align: justify;\">Tomado de: VATICAN NEWS. Por Isabella Piro \u2013 Ciudad del Vaticano. 30 de agosto de 2018.<\/i>\u00a0<\/p>\n<p><a href=\"http:\/\/web.hilo.org.pe\/wp-content\/uploads\/Papa Francisco.jpg\" target=\"_blank\" rel=\"noopener\">Ver archivo adjunto<\/a><\/p>\n","protected":false},"excerpt":{"rendered":"<p>Diversas Iglesias del mundo escriben al Papa Francisco, asegurando su apoyo en comuni\u00f3n con el compromiso del magisterio en la lucha contra los abusos.<\/p>\n","protected":false},"author":1,"featured_media":5502,"comment_status":"closed","ping_status":"closed","sticky":false,"template":"","format":"standard","meta":{"footnotes":""},"categories":[9],"tags":[],"class_list":["post-3141","post","type-post","status-publish","format-standard","has-post-thumbnail","hentry","category-noticias"],"_links":{"self":[{"href":"https:\/\/ceas.org.pe\/index.php\/wp-json\/wp\/v2\/posts\/3141","targetHints":{"allow":["GET"]}}],"collection":[{"href":"https:\/\/ceas.org.pe\/index.php\/wp-json\/wp\/v2\/posts"}],"about":[{"href":"https:\/\/ceas.org.pe\/index.php\/wp-json\/wp\/v2\/types\/post"}],"author":[{"embeddable":true,"href":"https:\/\/ceas.org.pe\/index.php\/wp-json\/wp\/v2\/users\/1"}],"replies":[{"embeddable":true,"href":"https:\/\/ceas.org.pe\/index.php\/wp-json\/wp\/v2\/comments?post=3141"}],"version-history":[{"count":1,"href":"https:\/\/ceas.org.pe\/index.php\/wp-json\/wp\/v2\/posts\/3141\/revisions"}],"predecessor-version":[{"id":6077,"href":"https:\/\/ceas.org.pe\/index.php\/wp-json\/wp\/v2\/posts\/3141\/revisions\/6077"}],"wp:featuredmedia":[{"embeddable":true,"href":"https:\/\/ceas.org.pe\/index.php\/wp-json\/wp\/v2\/media\/5502"}],"wp:attachment":[{"href":"https:\/\/ceas.org.pe\/index.php\/wp-json\/wp\/v2\/media?parent=3141"}],"wp:term":[{"taxonomy":"category","embeddable":true,"href":"https:\/\/ceas.org.pe\/index.php\/wp-json\/wp\/v2\/categories?post=3141"},{"taxonomy":"post_tag","embeddable":true,"href":"https:\/\/ceas.org.pe\/index.php\/wp-json\/wp\/v2\/tags?post=3141"}],"curies":[{"name":"wp","href":"https:\/\/api.w.org\/{rel}","templated":true}]}}