{"id":3140,"date":"2018-08-30T21:35:08","date_gmt":"2018-08-30T21:35:08","guid":{"rendered":""},"modified":"2026-03-11T09:11:56","modified_gmt":"2026-03-11T14:11:56","slug":"carta-al-santo-padre-de-los-obispos-del-peru","status":"publish","type":"post","link":"https:\/\/ceas.org.pe\/index.php\/2018\/08\/30\/carta-al-santo-padre-de-los-obispos-del-peru\/","title":{"rendered":"Carta al Santo Padre de los Obispos del Per\u00fa"},"content":{"rendered":"<p class=\"MsoNoSpacing\"><span style=\"font-size:11.0pt;font-family:\"Calibri\",\"sans-serif\";\nmso-ascii-theme-font:minor-latin;mso-hansi-theme-font:minor-latin;mso-bidi-theme-font:\nminor-latin\">Beat\u00edsimo Padre:<o:p><\/o:p><\/span><\/p>\n<p class=\"MsoNoSpacing\"><span style=\"font-size:11.0pt;font-family:\"Calibri\",\"sans-serif\";\nmso-ascii-theme-font:minor-latin;mso-hansi-theme-font:minor-latin;mso-bidi-theme-font:\nminor-latin\">Con vivo sentimiento de comuni\u00f3n y colegialidad con Usted y su Ministerio Petrino al frente de la Iglesia Universal, queremos hacerle llegar nuestra cercan\u00eda en la certeza que la promesa de Jes\u00fas sostiene siempre a la roca sobre la cual edific\u00f3 su Iglesia: \u201cT\u00fa eres Pedro y sobre esta piedra edificar\u00e9 mi Iglesia, y las puertas del infierno no prevalecer\u00e1n contra ella\u201d (Mt.16, 18).<o:p><\/o:p><\/span><\/p>\n<p class=\"MsoNoSpacing\"><span style=\"font-size:11.0pt;font-family:\"Calibri\",\"sans-serif\";\nmso-ascii-theme-font:minor-latin;mso-hansi-theme-font:minor-latin;mso-bidi-theme-font:\nminor-latin\">Santidad, frente a intentos de desestabilizar a la Iglesia y a su ministerio, proclamamos nuestra fe en Cristo Resucitado, quien dijo: \u201cEn el mundo tendr\u00e1n tribulaci\u00f3n, pero \u00a1\u00e1nimo!, Yo he vencido al mun<a name=\"_GoBack\"><\/a>do\u201d (Jn. 16, 33). <o:p><\/o:p><\/span><\/p>\n<p class=\"MsoNoSpacing\"><span style=\"font-size:11.0pt;font-family:\"Calibri\",\"sans-serif\";\nmso-ascii-theme-font:minor-latin;mso-hansi-theme-font:minor-latin;mso-bidi-theme-font:\nminor-latin\">Testimoniamos nuestro pleno, fraterno y episcopal respaldo a su l\u00facida, valiente y firme manera de conducir la barca de Cristo, como ha quedado evidenciado en sus hasta hoy cinco fruct\u00edferos a\u00f1os de Pontificado, y su reciente \u201cCarta al Pueblo de Dios\u201d, del pasado 20 de agosto. <o:p><\/o:p><\/span><\/p>\n<p class=\"MsoNoSpacing\"><span style=\"font-size:11.0pt;font-family:\"Calibri\",\"sans-serif\";\nmso-ascii-theme-font:minor-latin;mso-hansi-theme-font:minor-latin;mso-bidi-theme-font:\nminor-latin\">Estamos seguros que Cristo Resucitado, que nos muestra el perenne rostro joven de la Iglesia, seguir\u00e1 impuls\u00e1ndonos para que sin miedo y llenos de esperanza, continuemos trabajando con mayor energ\u00eda al servicio del pueblo de Dios.<o:p><\/o:p><\/span><\/p>\n<p class=\"MsoNoSpacing\"><span style=\"font-size:11.0pt;font-family:\"Calibri\",\"sans-serif\";\nmso-ascii-theme-font:minor-latin;mso-hansi-theme-font:minor-latin;mso-bidi-theme-font:\nminor-latin\">Renov\u00e1ndole nuestro agradecimiento por habernos regalado su reciente visita al Per\u00fa, le suplicamos humildemente nos imparta su bendici\u00f3n apost\u00f3lica.<o:p><\/o:p><\/span><\/p>\n<p class=\"MsoNoSpacing\"><span style=\"font-size:11.0pt;font-family:\"Calibri\",\"sans-serif\";\nmso-ascii-theme-font:minor-latin;mso-hansi-theme-font:minor-latin;mso-bidi-theme-font:\nminor-latin\">En la festividad del Martirio de San Juan Bautista, Lima 29 de Agosto del 2018.<o:p><\/o:p><\/span><\/p>\n<p class=\"MsoNoSpacing\"><span style=\"font-size:11.0pt;font-family:\"Calibri\",\"sans-serif\";\nmso-ascii-theme-font:minor-latin;mso-hansi-theme-font:minor-latin;mso-bidi-theme-font:\nminor-latin\">\u00a0<\/span><\/p>\n<p class=\"MsoNoSpacing\" align=\"center\" style=\"text-align:center\"><span style=\"font-size:11.0pt;font-family:\"Calibri\",\"sans-serif\";mso-ascii-theme-font:\nminor-latin;mso-hansi-theme-font:minor-latin;mso-bidi-theme-font:minor-latin\">En nombre de los Obispos del Per\u00fa <o:p><\/o:p><\/span><\/p>\n<p class=\"MsoNoSpacing\" align=\"center\" style=\"text-align:center\"><span style=\"font-size:11.0pt;font-family:\"Calibri\",\"sans-serif\";mso-ascii-theme-font:\nminor-latin;mso-hansi-theme-font:minor-latin;mso-bidi-theme-font:minor-latin\">La Presidencia de la CEP<o:p><\/o:p><\/span><\/p>\n<p><span style=\"font-size: 14pt;\">\u00a0<\/span>\u00a0<\/p>\n<p><a href=\"http:\/\/web.hilo.org.pe\/wp-content\/uploads\/CEP.jpg\" target=\"_blank\" rel=\"noopener\">Ver archivo adjunto<\/a><\/p>\n","protected":false},"excerpt":{"rendered":"<p>Obispos del Per\u00fa le hacen llegar su cercan\u00eda y respaldo al Papa Francisco.<\/p>\n","protected":false},"author":1,"featured_media":7854,"comment_status":"closed","ping_status":"closed","sticky":false,"template":"","format":"standard","meta":{"footnotes":""},"categories":[9],"tags":[],"class_list":["post-3140","post","type-post","status-publish","format-standard","has-post-thumbnail","hentry","category-noticias"],"_links":{"self":[{"href":"https:\/\/ceas.org.pe\/index.php\/wp-json\/wp\/v2\/posts\/3140","targetHints":{"allow":["GET"]}}],"collection":[{"href":"https:\/\/ceas.org.pe\/index.php\/wp-json\/wp\/v2\/posts"}],"about":[{"href":"https:\/\/ceas.org.pe\/index.php\/wp-json\/wp\/v2\/types\/post"}],"author":[{"embeddable":true,"href":"https:\/\/ceas.org.pe\/index.php\/wp-json\/wp\/v2\/users\/1"}],"replies":[{"embeddable":true,"href":"https:\/\/ceas.org.pe\/index.php\/wp-json\/wp\/v2\/comments?post=3140"}],"version-history":[{"count":1,"href":"https:\/\/ceas.org.pe\/index.php\/wp-json\/wp\/v2\/posts\/3140\/revisions"}],"predecessor-version":[{"id":6078,"href":"https:\/\/ceas.org.pe\/index.php\/wp-json\/wp\/v2\/posts\/3140\/revisions\/6078"}],"wp:featuredmedia":[{"embeddable":true,"href":"https:\/\/ceas.org.pe\/index.php\/wp-json\/wp\/v2\/media\/7854"}],"wp:attachment":[{"href":"https:\/\/ceas.org.pe\/index.php\/wp-json\/wp\/v2\/media?parent=3140"}],"wp:term":[{"taxonomy":"category","embeddable":true,"href":"https:\/\/ceas.org.pe\/index.php\/wp-json\/wp\/v2\/categories?post=3140"},{"taxonomy":"post_tag","embeddable":true,"href":"https:\/\/ceas.org.pe\/index.php\/wp-json\/wp\/v2\/tags?post=3140"}],"curies":[{"name":"wp","href":"https:\/\/api.w.org\/{rel}","templated":true}]}}