{"id":3139,"date":"2018-08-29T11:23:39","date_gmt":"2018-08-29T11:23:39","guid":{"rendered":""},"modified":"2026-03-11T09:11:56","modified_gmt":"2026-03-11T14:11:56","slug":"jornada-de-oracion-por-la-creacion-el-papa-el-agua-un-bien-primordial","status":"publish","type":"post","link":"https:\/\/ceas.org.pe\/index.php\/2018\/08\/29\/jornada-de-oracion-por-la-creacion-el-papa-el-agua-un-bien-primordial\/","title":{"rendered":"Jornada de Oraci\u00f3n por la Creaci\u00f3n. El Papa: el agua un bien primordial"},"content":{"rendered":"<p class=\"MsoNormal\" style=\"margin-bottom:0cm;margin-bottom:.0001pt;text-align:\njustify;line-height:normal\"><span style=\"mso-bidi-font-family:Calibri;\nmso-bidi-theme-font:minor-latin;color:black;mso-themecolor:text1;background:\nwhite\">\u201cEl pr\u00f3ximo s\u00e1bado, 1 de septiembre, se celebra la Cuarta Jornada Mundial de Oraci\u00f3n por el cuidado de la Creaci\u00f3n, que celebramos en uni\u00f3n con nuestros hermanos y hermanas ortodoxos y con la adhesi\u00f3n de otras Iglesias y Comunidades cristianas\u201d, lo record\u00f3 el Papa Francisco al finalizar la Audiencia General del \u00faltimo mi\u00e9rcoles de agosto de 2018.<\/span><o:p><\/o:p><\/p>\n<p class=\"MsoNormal\" style=\"margin-bottom:0cm;margin-bottom:.0001pt;text-align:\njustify;line-height:normal\"><span style=\"mso-bidi-font-family:Calibri;\nmso-bidi-theme-font:minor-latin;color:black;mso-themecolor:text1;background:\nwhite\"><o:p>\u00a0<\/o:p><\/span><\/p>\n<p class=\"MsoNormal\" style=\"margin-bottom:0cm;margin-bottom:.0001pt;text-align:\njustify;line-height:normal\"><span style=\"mso-bidi-font-family:Calibri;\nmso-bidi-theme-font:minor-latin;color:black;mso-themecolor:text1;background:\nwhite\">\u201cEn el Mensaje de este a\u00f1o \u2013 se\u00f1al\u00f3 el Pont\u00edfice \u2013 deseo dirigir la atenci\u00f3n sobre la cuesti\u00f3n del agua, un bien primario que debe ser protegido y puesto a disposici\u00f3n de todos\u201d. Agradezco las diversas iniciativas que en diferentes lugares las Iglesias particulares, los Institutos de Vida Consagrada y las Asociaciones Eclesiales han preparado. Invito a todos \u2013 concluy\u00f3 el Papa \u2013 a unirse en oraci\u00f3n, este s\u00e1bado, por nuestra casa com\u00fan.<\/span><o:p><\/o:p><\/p>\n<p class=\"MsoNormal\" style=\"margin-bottom:0cm;margin-bottom:.0001pt;line-height:\nnormal\"><span style=\"mso-bidi-font-family:Calibri;mso-bidi-theme-font:minor-latin;\ncolor:black;mso-themecolor:text1;background:white\"><o:p>\u00a0<\/o:p><\/span><\/p>\n<p class=\"MsoNormal\" style=\"margin-bottom:0cm;margin-bottom:.0001pt;line-height:\nnormal\"><i style=\"mso-bidi-font-style:normal\"><span style=\"mso-bidi-font-family:\nCalibri;mso-bidi-theme-font:minor-latin;color:black;mso-themecolor:text1;\nbackground:white\">Tomado de: VATICAN NEWS. Por <span style=\"mso-bidi-font-weight:\nbold\">Renato Martinez \u2013 Ciudad del Vaticano. 29 de agosto de 2018.<\/span><\/span><\/i><i style=\"mso-bidi-font-style:normal\"><span style=\"mso-bidi-font-family:Calibri;\nmso-bidi-theme-font:minor-latin;color:black;mso-themecolor:text1\"><o:p><\/o:p><\/span><\/i><\/p>\n<p><a href=\"http:\/\/web.hilo.org.pe\/wp-content\/uploads\/Jornada.jpeg\" target=\"_blank\" rel=\"noopener\">Ver archivo adjunto<\/a><\/p>\n","protected":false},"excerpt":{"rendered":"<p>Al final de la Audiencia General del \u00faltimo mi\u00e9rcoles de agosto, el Papa Francisco record\u00f3 la Cuarta Jornada Mundial de Oraci\u00f3n por el cuidado de la Creaci\u00f3n, que se celebrar\u00e1 el pr\u00f3ximo s\u00e1bado, en la que se abordar\u00e1 la cuesti\u00f3n del agua.<\/p>\n","protected":false},"author":1,"featured_media":7881,"comment_status":"closed","ping_status":"closed","sticky":false,"template":"","format":"standard","meta":{"footnotes":""},"categories":[9],"tags":[],"class_list":["post-3139","post","type-post","status-publish","format-standard","has-post-thumbnail","hentry","category-noticias"],"_links":{"self":[{"href":"https:\/\/ceas.org.pe\/index.php\/wp-json\/wp\/v2\/posts\/3139","targetHints":{"allow":["GET"]}}],"collection":[{"href":"https:\/\/ceas.org.pe\/index.php\/wp-json\/wp\/v2\/posts"}],"about":[{"href":"https:\/\/ceas.org.pe\/index.php\/wp-json\/wp\/v2\/types\/post"}],"author":[{"embeddable":true,"href":"https:\/\/ceas.org.pe\/index.php\/wp-json\/wp\/v2\/users\/1"}],"replies":[{"embeddable":true,"href":"https:\/\/ceas.org.pe\/index.php\/wp-json\/wp\/v2\/comments?post=3139"}],"version-history":[{"count":1,"href":"https:\/\/ceas.org.pe\/index.php\/wp-json\/wp\/v2\/posts\/3139\/revisions"}],"predecessor-version":[{"id":6079,"href":"https:\/\/ceas.org.pe\/index.php\/wp-json\/wp\/v2\/posts\/3139\/revisions\/6079"}],"wp:featuredmedia":[{"embeddable":true,"href":"https:\/\/ceas.org.pe\/index.php\/wp-json\/wp\/v2\/media\/7881"}],"wp:attachment":[{"href":"https:\/\/ceas.org.pe\/index.php\/wp-json\/wp\/v2\/media?parent=3139"}],"wp:term":[{"taxonomy":"category","embeddable":true,"href":"https:\/\/ceas.org.pe\/index.php\/wp-json\/wp\/v2\/categories?post=3139"},{"taxonomy":"post_tag","embeddable":true,"href":"https:\/\/ceas.org.pe\/index.php\/wp-json\/wp\/v2\/tags?post=3139"}],"curies":[{"name":"wp","href":"https:\/\/api.w.org\/{rel}","templated":true}]}}