{"id":3138,"date":"2018-08-29T11:19:12","date_gmt":"2018-08-29T11:19:12","guid":{"rendered":""},"modified":"2026-03-11T09:11:56","modified_gmt":"2026-03-11T14:11:56","slug":"catequesis-del-papa-familias-alegria-para-el-mundo-irradien-el-amor-de-cristo","status":"publish","type":"post","link":"https:\/\/ceas.org.pe\/index.php\/2018\/08\/29\/catequesis-del-papa-familias-alegria-para-el-mundo-irradien-el-amor-de-cristo\/","title":{"rendered":"Catequesis del Papa: Familias, alegr\u00eda para el mundo, irradien el amor de Cristo"},"content":{"rendered":"<p style=\"margin: 0cm 0cm 0.0001pt; text-align: justify; background-image: initial; background-position: initial; background-size: initial; background-repeat: initial; background-attachment: initial; background-origin: initial; background-clip: initial;\"><span style=\"font-size: 11pt; font-family: Calibri, sans-serif;\">\u201cEl fin de semana pasado estuve en Irlanda para participar en el Encuentro Mundial de las Familias, que ten\u00eda como lema: \u00abEl Evangelio de la familia, alegr\u00eda para el mundo\u00bb. Deseaba animar a las familias cristianas en su vocaci\u00f3n para ser transmisoras de la alegr\u00eda y de la fecundidad del amor de Dios en medio de la sociedad y del mundo\u201d, lo dijo el Papa Francisco en la Audiencia General del \u00faltimo mi\u00e9rcoles de agosto de 2018, comentando su reciente Viaje Apost\u00f3lico Internacional a Irlanda, con ocasi\u00f3n del IX Encuentro Mundial de las Familias.<o:p><\/o:p><\/span><\/p>\n<h2 style=\"margin-top: 0cm; line-height: normal; background-image: initial; background-position: initial; background-size: initial; background-repeat: initial; background-attachment: initial; background-origin: initial; background-clip: initial; box-sizing: border-box; -webkit-tap-highlight-color: rgba(0, 0, 0, 0);\"><span style=\"font-size: 11pt; font-family: Calibri, sans-serif;\">\u00a0<\/span><\/h2>\n<h2 style=\"margin-top: 0cm; text-align: justify; line-height: normal; background-image: initial; background-position: initial; background-size: initial; background-repeat: initial; background-attachment: initial; background-origin: initial; background-clip: initial;\"><b><span style=\"font-size: 11pt; font-family: Calibri, sans-serif;\">El sue\u00f1o de Dios para toda la familia humana<o:p><\/o:p><\/span><\/b><\/h2>\n<p style=\"margin: 0cm 0cm 0.0001pt; background-image: initial; background-position: initial; background-size: initial; background-repeat: initial; background-attachment: initial; background-origin: initial; background-clip: initial; box-sizing: border-box; -webkit-tap-highlight-color: rgba(0, 0, 0, 0);\"><span style=\"font-size: 11pt; font-family: Calibri, sans-serif;\">Las miles de familias \u2013 esposos, abuelos, hijos \u2013 reunidas en Dubl\u00edn, con toda la variedad de idiomas, culturas y experiencias, se\u00f1al\u00f3 el Santo Padre, fueron signos elocuentes de la belleza del sue\u00f1o de Dios para toda la familia humana. \u201cEl sue\u00f1o de Dios, agreg\u00f3 el Pont\u00edfice, es la unidad, la armon\u00eda y la paz, fruto de la fidelidad, el perd\u00f3n y la reconciliaci\u00f3n que nos ha dado en Cristo. \u00c9l llama a las familias a participar de este sue\u00f1o y a hacer del mundo un hogar donde nadie est\u00e9 solo, no querido o excluido\u201d. Por lo tanto, afirm\u00f3 el Papa, el tema de este Encuentro Mundial fue muy apropiado: \u201cEl Evangelio de la Familia, alegr\u00eda para el mundo\u201d.<o:p><\/o:p><\/span><\/p>\n<p style=\"margin: 0cm 0cm 0.0001pt; text-align: justify; background-image: initial; background-position: initial; background-size: initial; background-repeat: initial; background-attachment: initial; background-origin: initial; background-clip: initial;\"><span style=\"font-size: 11pt; font-family: Calibri, sans-serif;\">\u00a0<\/span><\/p>\n<p style=\"margin: 0cm 0cm 0.0001pt; text-align: justify; background-image: initial; background-position: initial; background-size: initial; background-repeat: initial; background-attachment: initial; background-origin: initial; background-clip: initial;\"><b><span style=\"font-size: 11pt; font-family: Calibri, sans-serif;\">La Iglesia, una familia de familias<\/span><\/b><span style=\"font-size: 11pt; font-family: Calibri, sans-serif;\"><o:p><\/o:p><\/span><\/p>\n<p style=\"margin: 0cm 0cm 0.0001pt; text-align: justify; background-image: initial; background-position: initial; background-size: initial; background-repeat: initial; background-attachment: initial; background-origin: initial; background-clip: initial;\"><span style=\"font-size: 11pt; font-family: Calibri, sans-serif;\">Agradeciendo al Presidente de Irlanda, a las diversas autoridades gubernamentales, civiles y religiosas, y a las muchas personas de todos los niveles que ayudaron a preparar y llevar a cabo los eventos de este Encuentro, el Papa Francisco record\u00f3 a las Autoridades en el Castillo de Dubl\u00edn que, \u201cla Iglesia es una familia de familias y que, como un cuerpo, sostiene a estas sus c\u00e9lulas en su papel indispensable en el desarrollo de una sociedad fraterna y solidaria\u201d.<o:p><\/o:p><\/span><\/p>\n<h2 style=\"margin-top: 0cm; line-height: normal; background-image: initial; background-position: initial; background-size: initial; background-repeat: initial; background-attachment: initial; background-origin: initial; background-clip: initial; box-sizing: border-box; -webkit-tap-highlight-color: rgba(0, 0, 0, 0);\"><span style=\"font-size: 11pt; font-family: Calibri, sans-serif;\">\u00a0<\/span><\/h2>\n<h2 style=\"margin-top: 0cm; text-align: justify; line-height: normal; background-image: initial; background-position: initial; background-size: initial; background-repeat: initial; background-attachment: initial; background-origin: initial; background-clip: initial;\"><b><span style=\"font-size: 11pt; font-family: Calibri, sans-serif;\">Los testimonios del amor conyugal<o:p><\/o:p><\/span><\/b><\/h2>\n<p style=\"margin: 0cm 0cm 0.0001pt; background-image: initial; background-position: initial; background-size: initial; background-repeat: initial; background-attachment: initial; background-origin: initial; background-clip: initial; box-sizing: border-box; -webkit-tap-highlight-color: rgba(0, 0, 0, 0);\"><span style=\"font-size: 11pt; font-family: Calibri, sans-serif;\">Asimismo, el Santo Padre se\u00f1al\u00f3 que, los verdaderos puntos-luz de estos d\u00edas fueron los testimonios de amor conyugal dados por parejas de todas las edades. \u201cSus historias \u2013 precis\u00f3 el Pont\u00edfice \u2013 nos recordaron que el amor del matrimonio es un don especial de Dios, que debe ser cultivado cada d\u00eda en la iglesia domestica que es la familia\u201d. \u00a1Cu\u00e1nto necesita el mundo de una revoluci\u00f3n de amor, de ternura! Y esta revoluci\u00f3n comienza en el coraz\u00f3n de la familia.<o:p><\/o:p><\/span><\/p>\n<p style=\"margin: 0cm 0cm 0.0001pt; text-align: justify; background-image: initial; background-position: initial; background-size: initial; background-repeat: initial; background-attachment: initial; background-origin: initial; background-clip: initial;\"><span style=\"font-size: 11pt; font-family: Calibri, sans-serif;\">\u00a0<\/span><\/p>\n<h2 style=\"margin-top: 0cm; line-height: normal; background-image: initial; background-position: initial; background-size: initial; background-repeat: initial; background-attachment: initial; background-origin: initial; background-clip: initial; box-sizing: border-box; -webkit-tap-highlight-color: rgba(0, 0, 0, 0);\"><b style=\"mso-bidi-font-weight:\nnormal;box-sizing: border-box;-webkit-tap-highlight-color: rgba(0, 0, 0, 0)\"><span style=\"font-size: 11pt; font-family: Calibri, sans-serif;\">El matrimonio cristiano, fuente de gracia<o:p><\/o:p><\/span><\/b><\/h2>\n<p style=\"margin: 0cm 0cm 0.0001pt; background-image: initial; background-position: initial; background-size: initial; background-repeat: initial; background-attachment: initial; background-origin: initial; background-clip: initial; box-sizing: border-box; -webkit-tap-highlight-color: rgba(0, 0, 0, 0);\"><span style=\"font-size: 11pt; font-family: Calibri, sans-serif;\">\u201cEn la Pro-Catedral de Dubl\u00edn \u2013 afirm\u00f3 el Sucesor de Cristo \u2013 conoc\u00ed a esposos comprometidos en la Iglesia y a muchos matrimonios j\u00f3venes, muchos de ellos con hijos peque\u00f1os. Luego he encontrado a algunas familias que se enfrentan desaf\u00edos y dificultades particulares. Gracias a los Frailes Capuchinos, que est\u00e1n siempre cerca al pueblo y a la familia eclesial en general, experimentan la solidaridad y el apoyo que son fruto de la caridad.<o:p><\/o:p><\/span><\/p>\n<h2 style=\"margin-top: 0cm; line-height: normal; background-image: initial; background-position: initial; background-size: initial; background-repeat: initial; background-attachment: initial; background-origin: initial; background-clip: initial; box-sizing: border-box; -webkit-tap-highlight-color: rgba(0, 0, 0, 0);\"><span style=\"font-size: 11pt; font-family: Calibri, sans-serif;\">\u00a0<\/span><\/h2>\n<h2 style=\"margin-top: 0cm; text-align: justify; line-height: normal; background-image: initial; background-position: initial; background-size: initial; background-repeat: initial; background-attachment: initial; background-origin: initial; background-clip: initial;\"><b><span style=\"font-size: 11pt; font-family: Calibri, sans-serif;\">Fiesta de las Familias y Santa Misa<o:p><\/o:p><\/span><\/b><\/h2>\n<p style=\"margin: 0cm 0cm 0.0001pt; background-image: initial; background-position: initial; background-size: initial; background-repeat: initial; background-attachment: initial; background-origin: initial; background-clip: initial; box-sizing: border-box; -webkit-tap-highlight-color: rgba(0, 0, 0, 0);\"><span style=\"font-size: 11pt; font-family: Calibri, sans-serif;\">Un punto culminante de mi visita, precis\u00f3 el Papa Francisco, fue el Festival de las Familias, el s\u00e1bado por la noche, en el Estadio de Dubl\u00edn, seguida el domingo por la Misa en el Phoenix Park. \u201cEn la Vigilia escuchamos testimonios muy conmovedores de familias que han sufrido guerras, familias renovadas por el perd\u00f3n, familias que el amor ha salvado de la espiral de la adicci\u00f3n, familias que han aprendido a usar bien los tel\u00e9fonos m\u00f3viles y las tabletas y a priorizar el tiempo que pasan juntos. Tambi\u00e9n se ha destacado el valor de la comunicaci\u00f3n intergeneracional y el papel espec\u00edfico de los abuelos en el fortalecimiento de los lazos familiares y la transmisi\u00f3n del tesoro de la fe\u201d.<o:p><\/o:p><\/span><\/p>\n<p class=\"MsoNormal\" style=\"margin-bottom: 0.0001pt; text-align: justify; line-height: normal; background-image: initial; background-position: initial; background-size: initial; background-repeat: initial; background-attachment: initial; background-origin: initial; background-clip: initial;\"><span style=\"text-transform: uppercase; background: rgb(204, 0, 0);\"><o:p>\u00a0<\/o:p><\/span><\/p>\n<aside class=\"article__readmore\" style=\"box-sizing: border-box; margin: 0px; padding: 30px 0px 30px 15px; -webkit-tap-highlight-color: rgba(0, 0, 0, 0); display: flex; float: right; flex-direction: column;\">\n<article style=\"box-sizing: border-box; margin: 0px; padding: 0px; -webkit-tap-highlight-color: rgba(0, 0, 0, 0);\"><span style=\"box-sizing: border-box;-webkit-tap-highlight-color: rgba(0, 0, 0, 0);\ndisplay:inline-block;text-overflow: ellipsis;overflow:hidden;z-index:1\"><\/p>\n<p class=\"MsoNormal\" style=\"margin-bottom: 0.0001pt; text-align: justify; line-height: normal; background-image: initial; background-position: initial; background-size: initial; background-repeat: initial; background-attachment: initial; background-origin: initial; background-clip: initial;\"><b>Mar\u00eda proteja maternalmente a las Familias<o:p><\/o:p><\/b><\/p>\n<p style=\"margin: 0cm 0cm 0.0001pt; text-align: justify; background-image: initial; background-position: initial; background-size: initial; background-repeat: initial; background-attachment: initial; background-origin: initial; background-clip: initial;\"><span style=\"font-size: 11pt; font-family: Calibri, sans-serif;\">En su segundo d\u00eda de Visita a Irlanda, el Papa Francisco peregrin\u00f3 la ma\u00f1ana del domingo 26 de agosto, al Santuario Mariano de Knock, tan querido por el pueblo irland\u00e9s. \u201cAll\u00ed, en la capilla construida en el lugar de una aparici\u00f3n de la Virgen \u2013 subray\u00f3 el Pont\u00edfice \u2013 confi\u00e9 a su protecci\u00f3n materna a todas las familias, especialmente a las de Irlanda. Y aunque mi viaje no incluy\u00f3 una visita a Irlanda del Norte, dirig\u00ed un cordial saludo a su pueblo y alent\u00e9 el proceso de reconciliaci\u00f3n, pacificaci\u00f3n, amistad y cooperaci\u00f3n ecum\u00e9nica\u201d.<o:p><\/o:p><\/span><\/p>\n<h2 style=\"margin-top: 0cm; line-height: normal; background-image: initial; background-position: initial; background-size: initial; background-repeat: initial; background-attachment: initial; background-origin: initial; background-clip: initial; box-sizing: border-box; -webkit-tap-highlight-color: rgba(0, 0, 0, 0);\"><span style=\"font-size: 11pt; font-family: Calibri, sans-serif;\">\u00a0<\/span><\/h2>\n<h2 style=\"margin-top: 0cm; text-align: justify; line-height: normal; background-image: initial; background-position: initial; background-size: initial; background-repeat: initial; background-attachment: initial; background-origin: initial; background-clip: initial;\"><b><span style=\"font-size: 11pt; font-family: Calibri, sans-serif;\">Dolor y amargura por las diversas formas de abuso<o:p><\/o:p><\/span><\/b><\/h2>\n<p style=\"margin: 0cm 0cm 0.0001pt; background-image: initial; background-position: initial; background-size: initial; background-repeat: initial; background-attachment: initial; background-origin: initial; background-clip: initial; box-sizing: border-box; -webkit-tap-highlight-color: rgba(0, 0, 0, 0);\"><span style=\"font-size: 11pt; font-family: Calibri, sans-serif;\">\u201cMi visita a Irlanda, adem\u00e1s de la gran alegr\u00eda \u2013 agreg\u00f3 el Papa Francisco \u2013 tambi\u00e9n tuvo que asumir el dolor y la amargura del sufrimiento causado en ese pa\u00eds por las diversas formas de abuso, incluso por parte de miembros de la Iglesia, y el hecho de que las autoridades eclesi\u00e1sticas en el pasado no hemos sido capaces de afrontar de forma adecuada estos cr\u00edmenes\u201d. En varias ocasiones he pedido perd\u00f3n al Se\u00f1or por estos pecados, por el esc\u00e1ndalo y el sentido de traici\u00f3n conseguido.<o:p><\/o:p><\/span><\/p>\n<p style=\"margin: 0cm 0cm 0.0001pt; background-image: initial; background-position: initial; background-size: initial; background-repeat: initial; background-attachment: initial; background-origin: initial; background-clip: initial; box-sizing: border-box; -webkit-tap-highlight-color: rgba(0, 0, 0, 0);\"><span style=\"font-size: 11pt; font-family: Calibri, sans-serif;\">\u00a0<\/span><\/p>\n<p style=\"margin: 0cm 0cm 0.0001pt; text-align: justify; background-image: initial; background-position: initial; background-size: initial; background-repeat: initial; background-attachment: initial; background-origin: initial; background-clip: initial;\"><span style=\"font-size: 11pt; font-family: Calibri, sans-serif;\">En este sentido, el Papa Francisco se\u00f1al\u00f3 que los Obispos irlandeses han emprendido un serio camino de purificaci\u00f3n y reconciliaci\u00f3n con aquellos que han sufrido abusos, y con la ayuda de las autoridades nacionales han establecido una serie de normas estrictas para garantizar la seguridad de los j\u00f3venes. \u201cEn mi encuentro con los Obispos \u2013 se\u00f1al\u00f3 el Papa \u2013 los anim\u00e9 en sus esfuerzos por remediar los fracasos del pasado con honestidad y valent\u00eda, confiando en las promesas del Se\u00f1or y confiando en la profunda fe del pueblo irland\u00e9s, para iniciar una temporada de renovaci\u00f3n de la Iglesia en Irlanda. Irlanda tiene fe, debemos orar para que el Se\u00f1or env\u00ede nuevas vocaciones. Ave Mar\u00eda\u2026<o:p><\/o:p><\/span><\/p>\n<h2 style=\"margin-top: 0cm; line-height: normal; background-image: initial; background-position: initial; background-size: initial; background-repeat: initial; background-attachment: initial; background-origin: initial; background-clip: initial; box-sizing: border-box; -webkit-tap-highlight-color: rgba(0, 0, 0, 0);\"><span style=\"font-size: 11pt; font-family: Calibri, sans-serif;\">\u00a0<\/span><\/h2>\n<h2 style=\"margin-top: 0cm; text-align: justify; line-height: normal; background-image: initial; background-position: initial; background-size: initial; background-repeat: initial; background-attachment: initial; background-origin: initial; background-clip: initial;\"><b><span style=\"font-size: 11pt; font-family: Calibri, sans-serif;\">Familias en camino a Roma 2021<o:p><\/o:p><\/span><\/b><\/h2>\n<p style=\"margin: 0cm 0cm 0.0001pt; background-image: initial; background-position: initial; background-size: initial; background-repeat: initial; background-attachment: initial; background-origin: initial; background-clip: initial; box-sizing: border-box; -webkit-tap-highlight-color: rgba(0, 0, 0, 0);\"><span style=\"font-size: 11pt; font-family: Calibri, sans-serif;\">Antes de concluir su catequesis, el Papa Francisco se\u00f1al\u00f3 que, el Encuentro Mundial de las Familias en Dubl\u00edn fue una experiencia prof\u00e9tica y consoladora para tantas familias comprometidas en el camino evang\u00e9lico del matrimonio y de la vida familiar; familias disc\u00edpulas y misioneras, fermento de bondad, santidad, justicia y paz. \u201cEl pr\u00f3ximo Encuentro de las Familias, se celebrar\u00e1 en Roma en 202, prep\u00e1rense \u2013 alent\u00f3 el Papa \u2013 encomend\u00e9monos a la protecci\u00f3n de la Sagrada Familia de Jes\u00fas, Mar\u00eda y Jos\u00e9, para que en sus casas, parroquias y comunidades sean verdaderamente alegr\u00eda para el mundo\u201d.<o:p><\/o:p><\/span><\/p>\n<p class=\"MsoNormal\" style=\"margin-bottom:0cm;margin-bottom:.0001pt;text-align:\njustify;line-height:normal\"><span style=\"background-image: initial; background-position: initial; background-size: initial; background-repeat: initial; background-attachment: initial; background-origin: initial; background-clip: initial;\"><o:p>\u00a0<\/o:p><\/span><\/p>\n<p><i><span style=\"font-size: 11pt; line-height: 107%; font-family: Calibri, sans-serif; background-image: initial; background-position: initial; background-size: initial; background-repeat: initial; background-attachment: initial; background-origin: initial; background-clip: initial;\">Tomado de: VATICAN NEWS. Por Renato Martinez \u2013 Ciudad del Vaticano. 29 de agosto de 2018<\/span><\/i><\/span><\/article>\n<\/aside>\n<p>\u00a0<\/p>\n<p><a href=\"http:\/\/web.hilo.org.pe\/wp-content\/uploads\/cq5dam.thumbnail.cropped.1000.563.jpg\" target=\"_blank\" rel=\"noopener\">Ver archivo adjunto<\/a><\/p>\n","protected":false},"excerpt":{"rendered":"<p>El IX Encuentro Mundial de las Familias y su 24\u00b0 Viaje Apost\u00f3lico Internacional a Irlanda, tema de la catequesis del Papa Francisco en la Audiencia General del mi\u00e9rcoles 29 de agosto de 2018.<\/p>\n","protected":false},"author":1,"featured_media":7893,"comment_status":"closed","ping_status":"closed","sticky":false,"template":"","format":"standard","meta":{"footnotes":""},"categories":[9],"tags":[],"class_list":["post-3138","post","type-post","status-publish","format-standard","has-post-thumbnail","hentry","category-noticias"],"_links":{"self":[{"href":"https:\/\/ceas.org.pe\/index.php\/wp-json\/wp\/v2\/posts\/3138","targetHints":{"allow":["GET"]}}],"collection":[{"href":"https:\/\/ceas.org.pe\/index.php\/wp-json\/wp\/v2\/posts"}],"about":[{"href":"https:\/\/ceas.org.pe\/index.php\/wp-json\/wp\/v2\/types\/post"}],"author":[{"embeddable":true,"href":"https:\/\/ceas.org.pe\/index.php\/wp-json\/wp\/v2\/users\/1"}],"replies":[{"embeddable":true,"href":"https:\/\/ceas.org.pe\/index.php\/wp-json\/wp\/v2\/comments?post=3138"}],"version-history":[{"count":1,"href":"https:\/\/ceas.org.pe\/index.php\/wp-json\/wp\/v2\/posts\/3138\/revisions"}],"predecessor-version":[{"id":6080,"href":"https:\/\/ceas.org.pe\/index.php\/wp-json\/wp\/v2\/posts\/3138\/revisions\/6080"}],"wp:featuredmedia":[{"embeddable":true,"href":"https:\/\/ceas.org.pe\/index.php\/wp-json\/wp\/v2\/media\/7893"}],"wp:attachment":[{"href":"https:\/\/ceas.org.pe\/index.php\/wp-json\/wp\/v2\/media?parent=3138"}],"wp:term":[{"taxonomy":"category","embeddable":true,"href":"https:\/\/ceas.org.pe\/index.php\/wp-json\/wp\/v2\/categories?post=3138"},{"taxonomy":"post_tag","embeddable":true,"href":"https:\/\/ceas.org.pe\/index.php\/wp-json\/wp\/v2\/tags?post=3138"}],"curies":[{"name":"wp","href":"https:\/\/api.w.org\/{rel}","templated":true}]}}