{"id":3137,"date":"2018-08-29T11:09:07","date_gmt":"2018-08-29T11:09:07","guid":{"rendered":""},"modified":"2026-03-11T09:11:56","modified_gmt":"2026-03-11T14:11:56","slug":"desarrollo-y-conclusiones-del-congreso-eclesial-conmemoracion-50-anos-de-conferencia-en-medellin","status":"publish","type":"post","link":"https:\/\/ceas.org.pe\/index.php\/2018\/08\/29\/desarrollo-y-conclusiones-del-congreso-eclesial-conmemoracion-50-anos-de-conferencia-en-medellin\/","title":{"rendered":"Desarrollo y Conclusiones del Congreso Eclesial. Conmemoraci\u00f3n 50 a\u00f1os de Conferencia en Medell\u00edn"},"content":{"rendered":"<p class=\"MsoNormal\" style=\"text-align:justify\"><strong><i><span style=\"font-family: Calibri, sans-serif; background-image: initial; background-position: initial; background-size: initial; background-repeat: initial; background-attachment: initial; background-origin: initial; background-clip: initial; font-weight: normal;\"><o:p>\u00a0<\/o:p><\/span><\/i><\/strong><\/p>\n<p class=\"MsoNormal\" style=\"margin-bottom: 7.5pt; text-align: justify; line-height: normal; background-image: initial; background-position: initial; background-size: initial; background-repeat: initial; background-attachment: initial; background-origin: initial; background-clip: initial;\"><b>1.\u00a0HISTORIA:<\/b><o:p><\/o:p><\/p>\n<p class=\"MsoNormal\" style=\"margin-bottom: 7.5pt; text-align: justify; line-height: normal; background-image: initial; background-position: initial; background-size: initial; background-repeat: initial; background-attachment: initial; background-origin: initial; background-clip: initial;\"><b>La II Conferencia General del Episcopado Latinoamericano convocada por el Papa Pablo VI con el fin de aplicar el Concilio Vaticano II, se llev\u00f3 a cabo en la ciudad de Medell\u00edn, del 26 de agosto al 7 de septiembre de 1968, con el tema \u201cLa Iglesia en la actual transformaci\u00f3n de Am\u00e9rica Latina a la luz del Concilio\u201d.<\/b><o:p><\/o:p><\/p>\n<p class=\"MsoNormal\" style=\"margin-bottom: 7.5pt; text-align: justify; line-height: normal; background-image: initial; background-position: initial; background-size: initial; background-repeat: initial; background-attachment: initial; background-origin: initial; background-clip: initial;\">Dentro de los hechos precursores que se pueden destacar se encuentran:\u00a0<i>la especial importancia que el Concilio Vaticano II (Decreto Christus Dominus) dio a la conformaci\u00f3n de las Conferencias Episcopales<\/i>. Siguiendo las orientaciones del Concilio el Papa Pablo VI da a conocer el Motu propio \u00abEcclesiae Sanctae\u00bb en 1966 y ordena la constituci\u00f3n de Conferencias Episcopales all\u00ed donde a\u00fan no exist\u00edan, estableciendo que las ya existentes deb\u00edan redactar estatutos propios. Otros eventos a subrayar fueron\u00a0<i>El Pacto de las Catacumbas<\/i>\u00a0(firmado por un grupo de padres conciliares el 16 de noviembre de 1965 en Roma),\u00a0<i>la publicaci\u00f3n del Nuevo Testamento Ecum\u00e9nico<\/i>\u00a0(en el a\u00f1o 1965 en Roma),\u00a0<i>La celebraci\u00f3n del X aniversario de la creaci\u00f3n del CELAM<\/i>\u00a0(con este motivo el Papa Pablo VI pronunci\u00f3 un discurso el d\u00eda 23 de noviembre de 1965, en donde planteaba algunos fen\u00f3menos sociales que se estaban ya viviendo en Am\u00e9rica Latina y propon\u00eda imprimir a la labor pastoral un car\u00e1cter extraordinario),\u00a0<i>El Primer Congreso Latinoamericano de Vocaciones<\/i>\u00a0(realizado en Lima, Per\u00fa del 21 al 27 de noviembre de 1966),\u00a0<i>El Primer Encuentro Latinoamericano de Pastoral de Conjunto<\/i>\u00a0(que se realiz\u00f3 del 5 al 11 de junio de 1966, en Ba\u00f1os, Ecuador),\u00a0<i>la Asamblea Extraordinaria realizada en Mar del Plata, Argentina<\/i>\u00a0del 11 al 16 de octubre de 1966, teniendo como tema central \u201cla presencia activa de la Iglesia en el desarrollo e integraci\u00f3n de Am\u00e9rica Latina a la luz del Concilio Vaticano II y de la alocuci\u00f3n del Papa Pablo VI al CELAM y por \u00faltimo la realizaci\u00f3n de otros importantes Encuentros del CELAM .<o:p><\/o:p><\/p>\n<p class=\"MsoNormal\" style=\"margin-bottom: 7.5pt; text-align: justify; line-height: normal; background-image: initial; background-position: initial; background-size: initial; background-repeat: initial; background-attachment: initial; background-origin: initial; background-clip: initial;\">Con la llegada del Papa Pablo VI el 22 de agosto de 1968, se celebraba por primera vez la visita de un Papa a la conflictiva regi\u00f3n de Am\u00e9rica Latina. Era una \u00e9poca convulsionada, hac\u00eda poco hab\u00edan muerto el Padre Camilo Torres en la guerrilla colombiana, el Che Guevara en las monta\u00f1as de Bolivia, a manos de los militares. Era una \u00e9poca agitada por las manifestaciones juveniles y por las presiones de grupos y movimientos sociales que ped\u00edan igualdad de oportunidades y un cambio radical en sus condiciones de vida. La revoluci\u00f3n cubana que se hab\u00eda declarado marxista \u2013 leninista, ejerc\u00eda una gran influencia sobre sectores obreros y universitarios, y amenazaba con extenderse a los pa\u00edses de la regi\u00f3n. En pa\u00edses como Brasil, Paraguay y Nicaragua, las dictaduras manten\u00edan un r\u00e9gimen de terror, de los pocos pa\u00edses estables pol\u00edticamente eran Chile y Uruguay que a\u00f1os despu\u00e9s sufrieron el flagelo de las dictaduras. En M\u00e9xico el 2 de octubre de 1968, sucede la llamada masacre de Tlatelolco, que marc\u00f3 la vida del pueblo mexicano y latinoamericano.<o:p><\/o:p><\/p>\n<p class=\"MsoNormal\" style=\"margin-bottom: 7.5pt; text-align: justify; line-height: normal; background-image: initial; background-position: initial; background-size: initial; background-repeat: initial; background-attachment: initial; background-origin: initial; background-clip: initial;\">A este Continente llega el Papa Pablo VI a la inauguraci\u00f3n de dos eventos:\u00a0<i>el Congreso Eucar\u00edstico Internacional y la II Conferencia General del Episcopado Latinoamericano<\/i>. Para la realizaci\u00f3n de la Conferencia de Medell\u00edn se cont\u00f3 con 247 asistentes en donde adem\u00e1s de los obispos hubo dos categor\u00edas de participantes: miembros efectivos con voz y voto (seis presb\u00edteros delegados de las Conferencias Episcopales, 22 miembros nombrados por el Papa y los presb\u00edteros miembros de la Junta Directiva de la Conferencia Latinoamericana de Religiosos \u2013CLAR); y participantes con voz, pero sin voto (secretarios ejecutivos del Celam, miembros no-sacerdotes de la junta directiva de la CLAR, presb\u00edteros, religiosos(as), laicos(as) invitados en calidad de expertos y 11 observadores no-cat\u00f3licos). Por otra parte, cabe destacar que por primera vez en una reuni\u00f3n oficial del episcopado en Am\u00e9rica Latina, se cont\u00f3 con la presencia de once observadores no-cat\u00f3licos.<o:p><\/o:p><\/p>\n<p class=\"MsoNormal\" style=\"margin-bottom: 7.5pt; text-align: justify; line-height: normal; background-image: initial; background-position: initial; background-size: initial; background-repeat: initial; background-attachment: initial; background-origin: initial; background-clip: initial;\">Tres grandes \u00e1reas, fueron abordadas en relaci\u00f3n con el proceso de transformaci\u00f3n del continente:<o:p><\/o:p><\/p>\n<ul type=\"disc\">\n<li class=\"MsoNormal\" style=\"text-align: justify; line-height: normal; background-image: initial; background-position: initial; background-size: initial; background-repeat: initial; background-attachment: initial; background-origin: initial; background-clip: initial;\">En      primer lugar, el \u00e1rea de la promoci\u00f3n del hombre y de los pueblos hacia      los valores de la justicia, la paz, la educaci\u00f3n y la familia.<o:p><\/o:p><\/li>\n<li class=\"MsoNormal\" style=\"text-align: justify; line-height: normal; background-image: initial; background-position: initial; background-size: initial; background-repeat: initial; background-attachment: initial; background-origin: initial; background-clip: initial;\">En      segundo lugar, se atendi\u00f3 a la necesidad de una adaptada evangelizaci\u00f3n y      maduraci\u00f3n en la fe de los pueblos y sus \u00e9lites, a trav\u00e9s de la catequesis      y la liturgia.<o:p><\/o:p><\/li>\n<li class=\"MsoNormal\" style=\"text-align: justify; line-height: normal; background-image: initial; background-position: initial; background-size: initial; background-repeat: initial; background-attachment: initial; background-origin: initial; background-clip: initial;\">Finalmente      se abordaron los problemas relativos a los miembros de la Iglesia, que      requieren intensificar su unidad y acci\u00f3n pastoral a trav\u00e9s de estructuras      visibles, tambi\u00e9n adaptadas a las nuevas condiciones del Continente.<o:p><\/o:p><\/li>\n<\/ul>\n<p class=\"MsoNormal\" style=\"margin-bottom: 7.5pt; text-align: justify; line-height: normal; background-image: initial; background-position: initial; background-size: initial; background-repeat: initial; background-attachment: initial; background-origin: initial; background-clip: initial;\">Los temas giraron en torno a: los signos de los tiempos, interpretaci\u00f3n cristiana, iglesia y promoci\u00f3n humana, evangelizaci\u00f3n, pastoral de masas y de \u00e9lites, unidad visible de la iglesia y coordinaci\u00f3n pastoral.<o:p><\/o:p><\/p>\n<p class=\"MsoNormal\" style=\"margin-bottom: 7.5pt; text-align: justify; line-height: normal; background-image: initial; background-position: initial; background-size: initial; background-repeat: initial; background-attachment: initial; background-origin: initial; background-clip: initial;\">El Documento de Medell\u00edn influenciado por la Constituci\u00f3n Pastoral Gaudium et spes y la Enc\u00edclica Populorum Progressio, tiene grandes y decisivos aportes relacionados con el compromiso de la Iglesia con los pobres, una Iglesia cuya obra evangelizadora es humanizadora y salv\u00edfica. Estos aportes tiene que ver con las relaciones entre fe y justicia, los temas del pecado social, la liberaci\u00f3n de los pobres y la contribuci\u00f3n del Evangelio a la transformaci\u00f3n del mundo.<o:p><\/o:p><\/p>\n<p class=\"MsoNormal\" style=\"margin-bottom: 7.5pt; text-align: justify; line-height: normal; background-image: initial; background-position: initial; background-size: initial; background-repeat: initial; background-attachment: initial; background-origin: initial; background-clip: initial;\">Como cita el Documento de Medell\u00edn todo esto: \u201cen la esperanza de que todo el Pueblo de Dios, alentado por el Esp\u00edritu, comprometa sus fuerzas para su plena realizaci\u00f3n\u201d.<o:p><\/o:p><\/p>\n<p class=\"MsoNormal\" style=\"margin-bottom: 7.5pt; text-align: justify; line-height: normal; background-image: initial; background-position: initial; background-size: initial; background-repeat: initial; background-attachment: initial; background-origin: initial; background-clip: initial;\"><b>\u00a0<\/b><\/p>\n<p class=\"MsoNormal\" style=\"margin-bottom: 7.5pt; text-align: justify; line-height: normal; background-image: initial; background-position: initial; background-size: initial; background-repeat: initial; background-attachment: initial; background-origin: initial; background-clip: initial;\"><b>2. DESARROLLO<\/b><o:p><\/o:p><\/p>\n<p class=\"MsoNormal\" style=\"margin-bottom: 7.5pt; text-align: justify; line-height: normal; background-image: initial; background-position: initial; background-size: initial; background-repeat: initial; background-attachment: initial; background-origin: initial; background-clip: initial;\"><b><i>2.1. Jueves 23 de agosto de 2018<\/i><\/b><o:p><\/o:p><\/p>\n<p class=\"MsoNormal\" style=\"margin-bottom: 7.5pt; text-align: justify; line-height: normal; background-image: initial; background-position: initial; background-size: initial; background-repeat: initial; background-attachment: initial; background-origin: initial; background-clip: initial;\">El jueves 23 de agosto de 2018 se dio inicio (D\u00eda de Santa Rosa de Lima) en Medell\u00edn, Colombia el Congreso Eclesial, acto que se ejecut\u00f3 con motivo de la celebraci\u00f3n de los 50 a\u00f1os de realizada la II Conferencia General del Episcopado Latinoamericano. Con la participaci\u00f3n aprox. de 500 personas: Cardenales (7), Obispos (64), Sacerdotes (170) Religiosos (as) (124), Laicos (as) (118), Seminaristas (5) y otros invitados.<o:p><\/o:p><\/p>\n<p class=\"MsoNormal\" style=\"margin-bottom: 7.5pt; text-align: justify; line-height: normal; background-image: initial; background-position: initial; background-size: initial; background-repeat: initial; background-attachment: initial; background-origin: initial; background-clip: initial;\">El Congreso organizado por el Consejo Episcopal Latinoamericano \u2013 CELAM, La CLAR, C\u00e1ritas y la Arquidi\u00f3cesis de Medell\u00edn, se constituy\u00f3 \u00a0de 22 grupos denominados \u201cComunidades de Vida y Aprendizaje\u201d (Justicia, Paz y Reconciliaci\u00f3n; Familia, Educaci\u00f3n, Juventud; Pastoral Popular y Religiosidad Popular; Pastoral de \u00c9lites; Pastoral Urbana; Catequesis; Liturgia; Protagonismo de los laicos en la Iglesia y en la Sociedad; Sacerdotes; Vida Consagrada; Formaci\u00f3n del Clero, La Iglesia y los Pobres; Pastoral de Conjunto; Medios de Comunicaci\u00f3n Social; Pueblos Ind\u00edgenas y Afroamericanos; La Mujer en la Iglesia; Desarrollo integral y Cuidado de la Creaci\u00f3n; Formaci\u00f3n de Disc\u00edpulos Misioneros \u2013 Vocaciones en la Iglesia; Migraci\u00f3n, Refugio, Trata de Personas; Comunidades Eclesiales de Base y Peque\u00f1as Comunidades y Animaci\u00f3n B\u00edblica de la pastoral) quienes como objetivo tuvieron hacer un an\u00e1lisis comparativo de la situaci\u00f3n de Am\u00e9rica Latina hace 50 a\u00f1os con respecto a la situaci\u00f3n hoy, para establecer l\u00edneas de acci\u00f3n que orienten el trabajo de la Iglesia cuya obra evangelizadora es humanizadora y salv\u00edfica.<o:p><\/o:p><\/p>\n<p class=\"MsoNormal\" style=\"margin-bottom: 7.5pt; text-align: justify; line-height: normal; background-image: initial; background-position: initial; background-size: initial; background-repeat: initial; background-attachment: initial; background-origin: initial; background-clip: initial;\"><b>Acto acad\u00e9mico \u2013 Presentaci\u00f3n del libro:<\/b>\u00a0<b>\u201cObispos de la Patria Grande: pastores, profetas y m\u00e1rtires\u201d<\/b><o:p><\/o:p><\/p>\n<p class=\"MsoNormal\" style=\"margin-bottom: 7.5pt; text-align: justify; line-height: normal; background-image: initial; background-position: initial; background-size: initial; background-repeat: initial; background-attachment: initial; background-origin: initial; background-clip: initial;\">A las 3 pm. en el Aula Magna Mons. Manuel Jos\u00e9 Sierra de la Universidad Pontificia Bolivariana se dio inicio al acto acad\u00e9mico denominado \u201cProtagonistas de Medell\u00edn en la UPB\u201d con las palabras del Pbro. Julio Jairo Ceballos Sep\u00falveda (Rector UPB). Su discurso se orient\u00f3 en recordar la importancia que tuvo en la historia de Am\u00e9rica Latina y El Caribe, la II Conferencia General del Episcopado Latinoamericano (Medell\u00edn), y el valor de rememorar este acontecimiento en camino a renovar esta experiencia en pro del trabajo eclesial y pastoral en el Continente.<o:p><\/o:p><\/p>\n<p class=\"MsoNormal\" style=\"margin-bottom: 7.5pt; text-align: justify; line-height: normal; background-image: initial; background-position: initial; background-size: initial; background-repeat: initial; background-attachment: initial; background-origin: initial; background-clip: initial;\">El Emmo. Se\u00f1or Cardenal, Rub\u00e9n Salazar G\u00f3mez, presidente del CELAM, present\u00f3 del libro: \u201cObispos de la Patria Grande: pastores, profetas y m\u00e1rtires\u201d. \u00a0Se\u00f1al\u00f3 la importancia de comprender que la obra de Dios se realiza en la historia a trav\u00e9s de las personas y as\u00ed mirar hacia el pasado, pero acentuar la escucha y la mirada de cara al presente y al futuro.<o:p><\/o:p><\/p>\n<p class=\"MsoNormal\" style=\"margin-bottom: 7.5pt; text-align: justify; line-height: normal; background-image: initial; background-position: initial; background-size: initial; background-repeat: initial; background-attachment: initial; background-origin: initial; background-clip: initial;\">\u201cLa reconstrucci\u00f3n hist\u00f3rica de veinti\u00fan procesos pastorales y vitales en las p\u00e1ginas que siguen, nos ayuda tambi\u00e9n a conocer y a entender mejor el contexto de esos tumultuosos a\u00f1os que marcaron la celebraci\u00f3n del Concilio Vaticano II\u00a0 (1962-1965) y la realizaci\u00f3n de la II Conferencia General del Episcopado Latinoamericano en Medell\u00edn (1968). Fue un tiempo sumamente complejo, \u00a0de ruptura \u00a0de paradigmas \u00a0y de grandes innovaciones, de graves\u00a0conflictos sociales y de dolorosos choques pol\u00edticos y culturales. Por eso es tan importante valorar el testimonio de los protagonistas de esta obra que, en diversos contextos geogr\u00e1ficos, emergieron como voz de los sin voz y como luces orientadoras para todos\u201d<a name=\"_ftnref1\"><\/a><a href=\"http:\/\/www.celam.org\/observatoriosociopastoral\/detalle_noticias.php?id=MTgx#_ftn1\" title=\"\"><span style=\"color: black; text-decoration-line: none;\">[1]<\/span><\/a>.<o:p><\/o:p><\/p>\n<p class=\"MsoNormal\" style=\"margin-bottom: 7.5pt; text-align: justify; line-height: normal; background-image: initial; background-position: initial; background-size: initial; background-repeat: initial; background-attachment: initial; background-origin: initial; background-clip: initial;\">La Doctora Ana Mar\u00eda Bidega\u00edn (Compiladora), se refiri\u00f3 a la II Conferencia General del Episcopado Latinoamericano y a su contexto para explicar que el aquel entonces fue el lugar en d\u00f3nde naci\u00f3 la Teolog\u00eda Latinoamericana, cuna de los 21 obispos que se relacionan en la publicaci\u00f3n.<o:p><\/o:p><\/p>\n<p class=\"MsoNormal\" style=\"margin-bottom: 7.5pt; text-align: justify; line-height: normal; background-image: initial; background-position: initial; background-size: initial; background-repeat: initial; background-attachment: initial; background-origin: initial; background-clip: initial;\">El Padre. Carlos Arboleda Mora hizo la presentaci\u00f3n del cap\u00edtulo del libro que se refiere a Mons. Tulio Botero Salazar (Anfitri\u00f3n de la II Conferencia General del Episcopado Latinoamericano) y Mons. Ricardo Ram\u00edrez (Obispo Em\u00e9rito de la Di\u00f3cesis de Las Cruces), present\u00f3 la vida de Mons. Patricio Flores, el primer obispo latino de Estados Unidos, en la Di\u00f3cesis de San Antonio.<o:p><\/o:p><\/p>\n<p class=\"MsoNormal\" style=\"margin-bottom: 7.5pt; text-align: justify; line-height: normal; background-image: initial; background-position: initial; background-size: initial; background-repeat: initial; background-attachment: initial; background-origin: initial; background-clip: initial;\">Mons. Francisco Ni\u00f1o S\u00faa, (Secretario Adjunto \u2013 CELAM y Director de la Escuela Social), manifest\u00f3 \u201cNecesitamos seguir alimentando el fuego de una fe transformadora de la realidad, a lo que nos anima tambi\u00e9n la lectura de la vida de estos pastores, profetas y m\u00e1rtires\u201d.<o:p><\/o:p><\/p>\n<p class=\"MsoNormal\" style=\"margin-bottom: 7.5pt; text-align: justify; line-height: normal; background-image: initial; background-position: initial; background-size: initial; background-repeat: initial; background-attachment: initial; background-origin: initial; background-clip: initial;\"><b>Eucarist\u00eda Inaugural<\/b><o:p><\/o:p><\/p>\n<p class=\"MsoNormal\" style=\"margin-bottom: 7.5pt; text-align: justify; line-height: normal; background-image: initial; background-position: initial; background-size: initial; background-repeat: initial; background-attachment: initial; background-origin: initial; background-clip: initial;\">Posteriormente con una bienvenida en la Catedral se realiz\u00f3 la Eucarist\u00eda inaugural, presidida por Mons. Ricardo Tob\u00f3n, Arzobispo de Medell\u00edn.<o:p><\/o:p><\/p>\n<p class=\"MsoNormal\" style=\"margin-bottom: 7.5pt; text-align: justify; line-height: normal; background-image: initial; background-position: initial; background-size: initial; background-repeat: initial; background-attachment: initial; background-origin: initial; background-clip: initial;\">De parte de la Presidencia del CELAM participaron: Card. Rub\u00e9n Salazar G\u00f3mez, Metropolitano de Bogot\u00e1 y Primado de Colombia (Presidente), Mons. Carlos Maria Collazzi, Obispo de Mercedes, Uruguay (Primer Vice \u2013 Presidente), Dom Jos\u00e9 Belisario Da Silva, Arzobispo de S\u00e3o Lu\u00eds do Maranh\u00e3o, Brasil (Segundo Vice- Presidente), Mons. Juan Espinoza Jim\u00e9nez, Obispo Auxiliar de Morelia (Secretario General), Card. Jos\u00e9 Luis Lacunza Maestrojuan, Obispo de David, Panam\u00e1 (Presidente del Consejo de Asuntos Econ\u00f3micos) y Mons. Francisco Ni\u00f1o S\u00faa (Secretario General Adjunto).<o:p><\/o:p><\/p>\n<p class=\"MsoNormal\" style=\"margin-bottom: 7.5pt; text-align: justify; line-height: normal; background-image: initial; background-position: initial; background-size: initial; background-repeat: initial; background-attachment: initial; background-origin: initial; background-clip: initial;\">Durante la misa se resalt\u00f3 la importancia de la celebraci\u00f3n de los 50 a\u00f1os de realizada la II Conferencia General del Episcopal Latinoamericano y la manifiesta esperanza en los frutos de la jornada de trabajo. Se habl\u00f3 de la interpretaci\u00f3n de los signos de los tiempos; no se pueden desconocer las dificultades actuales; la Iglesia est\u00e1 llamada a la conversi\u00f3n, comuni\u00f3n y extraordinaria actividad pastoral para vivir su opci\u00f3n por los pobres.<o:p><\/o:p><\/p>\n<p class=\"MsoNormal\" style=\"margin-bottom: 7.5pt; text-align: justify; line-height: normal; background-image: initial; background-position: initial; background-size: initial; background-repeat: initial; background-attachment: initial; background-origin: initial; background-clip: initial;\">Dos acontecimientos m\u00e1s se presentaron ante el Se\u00f1or en acci\u00f3n de gracias y reconocimiento: los 150 a\u00f1os de la creaci\u00f3n de la Arquidi\u00f3cesis de Medell\u00edn y la solemnidad de Santa Rosa de Lima, \u201cquien supo vivir en la fe, en el vencimiento heroico del propio yo, en la lucha espiritual para ser fiel, en la oraci\u00f3n hasta los m\u00e1s altos grados de la m\u00edstica, y en la caridad generosa con los pobres. As\u00ed, vivi\u00f3 y muri\u00f3 en la heroicidad del amor\u201d.<o:p><\/o:p><\/p>\n<p class=\"MsoNormal\" style=\"margin-bottom: 7.5pt; text-align: justify; line-height: normal; background-image: initial; background-position: initial; background-size: initial; background-repeat: initial; background-attachment: initial; background-origin: initial; background-clip: initial;\"><o:p>\u00a0<\/o:p><\/p>\n<p class=\"MsoNormal\" style=\"margin-bottom: 7.5pt; text-align: justify; line-height: normal; background-image: initial; background-position: initial; background-size: initial; background-repeat: initial; background-attachment: initial; background-origin: initial; background-clip: initial;\"><b><i>2.2. Viernes 24 de agosto de 2018<\/i><\/b><o:p><\/o:p><\/p>\n<p class=\"MsoNormal\" style=\"margin-bottom: 7.5pt; text-align: justify; line-height: normal; background-image: initial; background-position: initial; background-size: initial; background-repeat: initial; background-attachment: initial; background-origin: initial; background-clip: initial;\"><b>Lectura Orante<\/b><o:p><\/o:p><\/p>\n<p class=\"MsoNormal\" align=\"center\" style=\"margin-bottom: 7.5pt; text-align: center; line-height: normal; background-image: initial; background-position: initial; background-size: initial; background-repeat: initial; background-attachment: initial; background-origin: initial; background-clip: initial;\"><b><i>\u201cHe visto la aflicci\u00f3n de mi pueblo que est\u00e1 en Egipto, he escuchado el clamor ante sus opresores\u201d<\/i><\/b><o:p><\/o:p><\/p>\n<p class=\"MsoNormal\" style=\"margin-bottom: 7.5pt; text-align: justify; line-height: normal; background-image: initial; background-position: initial; background-size: initial; background-repeat: initial; background-attachment: initial; background-origin: initial; background-clip: initial;\">En las instalaciones del Seminario Mayor de Medell\u00edn se dio inicio a la jornada del segundo d\u00eda del Congreso. Las 22 Conferencias Episcopales de Am\u00e9rica Latina y El Caribe se ambientaron por medio de las banderas de sus pa\u00edses. Dos silleteros (muestra de la artesan\u00eda de la ciudad de Medell\u00edn) acompa\u00f1aron la procesi\u00f3n inicial.<o:p><\/o:p><\/p>\n<p class=\"MsoNormal\" style=\"margin-bottom: 7.5pt; text-align: justify; line-height: normal; background-image: initial; background-position: initial; background-size: initial; background-repeat: initial; background-attachment: initial; background-origin: initial; background-clip: initial;\">Siguiendo el programa organizado, se llev\u00f3 a cabo la lectura orante, dirigida por la Hna. \u00c1ngela Cabrera (Misionera Dominica del Rosario \u2013 Representante de la CLAR),\u00a0qui\u00e9n basada en el libro del Ex. 3,7 \u2013 12 parti\u00f3 de la siguiente motivaci\u00f3n:<o:p><\/o:p><\/p>\n<p class=\"MsoNormal\" style=\"margin-bottom: 7.5pt; text-align: justify; line-height: normal; background-image: initial; background-position: initial; background-size: initial; background-repeat: initial; background-attachment: initial; background-origin: initial; background-clip: initial;\">\u201cEl tema b\u00edblico en el Documento de Medell\u00edn parece ser discreto. A pesar de las pocas citas b\u00edblicas, tan pronto se inicia a leerlo, Medell\u00edn remite al \u00e9xodo del pueblo de Israel, como se afirma en su introducci\u00f3n: \u201cAs\u00ed como otrora Israel, el primer Pueblo, experimentaba la presencia salv\u00edfica de Dios cuando lo liberaba de la opresi\u00f3n de Egipto, cuando lo hac\u00eda pasar el mar y lo conduc\u00eda hacia la tierra de la promesa, as\u00ed tambi\u00e9n nosotros, nuevo Pueblo de Dios, no podemos dejar de sentir su paso que salva, cuando se da \u00abel verdadero desarrollo, que es el paso, para cada uno y para todos, de condiciones de vida menos humanas, a condiciones m\u00e1s humanas\u201d.<o:p><\/o:p><\/p>\n<p class=\"MsoNormal\" style=\"margin-bottom: 7.5pt; text-align: justify; line-height: normal; background-image: initial; background-position: initial; background-size: initial; background-repeat: initial; background-attachment: initial; background-origin: initial; background-clip: initial;\">La situaci\u00f3n del \u00e9xodo b\u00edblico tambi\u00e9n se refleja en el tema XIV del Documento de Medell\u00edn, que trata sobre la realidad latinoamericana, donde se nos dice: \u201cUn sordo clamor brota de millones de personas, pidiendo a sus pastores una liberaci\u00f3n que no les llega de ninguna parte. Nos est\u00e1n ahora escuchando en silencio, pero o\u00edmos el grito que sube de su sufrimiento\u00bb (Cf. Ex 3,7).<o:p><\/o:p><\/p>\n<p class=\"MsoNormal\" style=\"margin-bottom: 7.5pt; text-align: justify; line-height: normal; background-image: initial; background-position: initial; background-size: initial; background-repeat: initial; background-attachment: initial; background-origin: initial; background-clip: initial;\">En suma, esta Conferencia tuvo la sensibilidad para establecer el puente hermen\u00e9utico, que sirve a nosotros de motivaci\u00f3n para iluminar la Vida con la Biblia, en b\u00fasqueda comunitaria de santidad y justicia para nuestro Continente Latinoamericano y Caribe\u00f1o\u201d.<o:p><\/o:p><\/p>\n<p class=\"MsoNormal\" style=\"margin-bottom: 7.5pt; text-align: justify; line-height: normal; background-image: initial; background-position: initial; background-size: initial; background-repeat: initial; background-attachment: initial; background-origin: initial; background-clip: initial;\"><a href=\"https:\/\/www.youtube.com\/watch?v=QMHwLu4LkuU\"><b><span style=\"color: black; text-decoration-line: none;\">Sesi\u00f3n de Inauguraci\u00f3n \u201cVideo &#8211;\u00a0Medell\u00edn, 50 A\u00f1os\u201d<\/span><\/b><\/a><o:p><\/o:p><\/p>\n<p class=\"MsoNormal\" style=\"margin-bottom: 7.5pt; text-align: justify; line-height: normal; background-image: initial; background-position: initial; background-size: initial; background-repeat: initial; background-attachment: initial; background-origin: initial; background-clip: initial;\">A continuaci\u00f3n Presidida por el Cardenal Rub\u00e9n Salazar G\u00f3mez y con la presencia del Alcalde de Medell\u00edn, Dr. Federico Guti\u00e9rrez Zuluaga, se dio comienzo a la sesi\u00f3n de inauguraci\u00f3n. En su intervenci\u00f3n, el Cardenal Rub\u00e9n Salazar G\u00f3mez, expres\u00f3: \u201cvenimos de todos los rincones de Am\u00e9rica Latina y el Caribe para celebrar otra primavera que comenz\u00f3 aqu\u00ed en este Seminario hace 50 a\u00f1os y que imploramos a Dios nos renueve a partir de este Congreso para poder construir unas comunidades eclesiales llenas de esperanza e innovadoras\u201d. Tambi\u00e9n se pronunci\u00f3 agradecimientos y felicitaciones a Mons. Ricardo Tob\u00f3n por su hospitalidad y por los 150 a\u00f1os de la creaci\u00f3n de la Arquidi\u00f3cesis de Medell\u00edn.<o:p><\/o:p><\/p>\n<p class=\"MsoNormal\" style=\"margin-bottom: 7.5pt; text-align: justify; line-height: normal; background-image: initial; background-position: initial; background-size: initial; background-repeat: initial; background-attachment: initial; background-origin: initial; background-clip: initial;\">En el acto se comparti\u00f3, el mensaje enviado por el cardenal Pietro Parolin, Secretario de Estado del Papa Francisco: Para Francisco, dice Parolin,\u00a0las reflexiones e intuiciones pastorales hechas hace cinco decenios \u201chan marcado el caminar y actuar de la Iglesia de ese continente de la esperanza\u201d. El Santo padre record\u00f3 que Am\u00e9rica Latina, adem\u00e1s de una realidad geogr\u00e1fica es una comunidad de pueblos con historias propias y valores espec\u00edficos, con problemas semejantes, y anim\u00f3 a reflexionar sobre la necesidad de \u201cpotenciar una evangelizaci\u00f3n y una catequesis m\u00e1s decisivas, que puedan renovar e inflamar el coraz\u00f3n de tantas personas para que se hagan part\u00edcipes de una civilizaci\u00f3n fraterna\u201d.<o:p><\/o:p><\/p>\n<p class=\"MsoNormal\" style=\"margin-bottom: 7.5pt; text-align: justify; line-height: normal; background-image: initial; background-position: initial; background-size: initial; background-repeat: initial; background-attachment: initial; background-origin: initial; background-clip: initial;\">Se present\u00f3 el video \u201cMedell\u00edn, 50 a\u00f1os\u201d.<o:p><\/o:p><\/p>\n<p class=\"MsoNormal\" style=\"margin-bottom: 7.5pt; text-align: justify; line-height: normal; background-image: initial; background-position: initial; background-size: initial; background-repeat: initial; background-attachment: initial; background-origin: initial; background-clip: initial;\"><b>Paneles<\/b><o:p><\/o:p><\/p>\n<p class=\"MsoNormal\" style=\"margin-bottom: 7.5pt; text-align: justify; line-height: normal; background-image: initial; background-position: initial; background-size: initial; background-repeat: initial; background-attachment: initial; background-origin: initial; background-clip: initial;\">Como Moderador del d\u00eda, el CELAM y bajo la metodolog\u00eda\u00a0<i>ver, juzgar y actuar<\/i>, iniciando esta etapa con el \u201cVer\u201d, se efectuaron una serie de paneles acerca de: 1. Situaci\u00f3n social, pol\u00edtica, econ\u00f3mica, cultural, y ecol\u00f3gica de Am\u00e9rica Latina hoy &#8211; Avances, retrocesos y nuevos escenarios en relaci\u00f3n con el 68 (Dr. Juan Luis Hern\u00e1ndez (M\u00e9xico); P. Francisco de Roux, SJ (Colombia) y\u00a0Mons. Baltazar Porras (Arzobispo de M\u00e9rida)), 2. Situaci\u00f3n socio religiosa y pastoral de Am\u00e9rica Latina hoy- Avances, retrocesos y nuevos escenarios en relaci\u00f3n con el 68 (Dra. Yolanda Valero (Colombia); P. Guillermo Campuzano (Colombia) y\u00a0CM; Card. Pedro Barreto (Arzobispo de Huancayo, Per\u00fa)), adem\u00e1s de los panales est\u00e1n constituidos los di\u00e1logos con los ponentes, mesas de trabajo de las \u201cComunidades de Vida y Aprendizaje\u201d y el compartir de experiencias pastorales incidentes.<o:p><\/o:p><\/p>\n<ul type=\"disc\">\n<li class=\"MsoNormal\" style=\"text-align: justify; line-height: normal; background-image: initial; background-position: initial; background-size: initial; background-repeat: initial; background-attachment: initial; background-origin: initial; background-clip: initial;\"><b>Situaci\u00f3n      social, pol\u00edtica, econ\u00f3mica, cultural, y ecol\u00f3gica de Am\u00e9rica Latina hoy &#8211;      Avances, retrocesos y nuevos escenarios en relaci\u00f3n con el 68. \u201cVer\u201d<\/b><o:p><\/o:p><\/li>\n<\/ul>\n<p class=\"MsoNormal\" style=\"margin-bottom: 7.5pt; text-align: justify; line-height: normal; background-image: initial; background-position: initial; background-size: initial; background-repeat: initial; background-attachment: initial; background-origin: initial; background-clip: initial;\">El Dr. \u00a0Juan Luis Hern\u00e1ndez comenz\u00f3 se\u00f1alando la importancia del acontecimiento de Medell\u00edn para Am\u00e9rica Latina, afirmando que \u201csomos porque Medell\u00edn fue, y Medell\u00edn fue para que nosotros seamos\u201d. Habl\u00f3 de la paradoja de nuestro Continente que a su vez es el m\u00e1s religioso del mundo y el m\u00e1s desigual y violento del planeta. \u00a0Invit\u00f3 a los presentes a contemplar la realidad actual a la luz de dos dictaduras: la del mercado y la del relativismo \u00e9tico, como los grandes desaf\u00edos del momento que vivimos.<o:p><\/o:p><\/p>\n<p class=\"MsoNormal\" style=\"margin-bottom: 7.5pt; text-align: justify; line-height: normal; background-image: initial; background-position: initial; background-size: initial; background-repeat: initial; background-attachment: initial; background-origin: initial; background-clip: initial;\">El Pbro. Francisco de Roux SJ., por su parte, vali\u00e9ndose del servicio que presta al frente de la Comisi\u00f3n de la Verdad en el postconflicto colombiano, hizo un an\u00e1lisis de los mayores desaf\u00edos que presenta la realidad actual, centr\u00e1ndose en problemas como la corrupci\u00f3n, la exclusi\u00f3n, la pobreza, la violencia; y ha propuesto la necesidad de reconciliaci\u00f3n y de valorar la dignidad de cada persona, construyendo proyectos comunes.<o:p><\/o:p><\/p>\n<p class=\"MsoNormal\" style=\"margin-bottom: 7.5pt; text-align: justify; line-height: normal; background-image: initial; background-position: initial; background-size: initial; background-repeat: initial; background-attachment: initial; background-origin: initial; background-clip: initial;\">Para finalizar el Cardenal Baltazar Porras, en nombre de C\u00e1ritas latinoamericana present\u00f3 la realidad del Continente, haciendo \u00e9nfasis en el tema de los nuevos rostros de la pobreza, como por ejemplo el de los migrantes, que aparecen como una realidad nueva en nuestro continente, y record\u00f3 que la opci\u00f3n preferencial por los pobres es en definitiva la opci\u00f3n misma de la Iglesia por Jes\u00fas.<o:p><\/o:p><\/p>\n<p class=\"MsoNormal\" style=\"margin-bottom: 7.5pt; text-align: justify; line-height: normal; background-image: initial; background-position: initial; background-size: initial; background-repeat: initial; background-attachment: initial; background-origin: initial; background-clip: initial;\">Se ve como conclusi\u00f3n qu\u00e9 si bien aparecen nuevas realidades, la lucha contra la pobreza y la injusticia a la que Medell\u00edn dedic\u00f3 ampliamente sus reflexiones sigue siendo un desaf\u00edo para un continente marcado por la desigualdad, unas clases pol\u00edticas y econ\u00f3micas que no contribuyen al desarrollo equitativo, y con nuevos rostros que deben interrogar a la Iglesia, teniendo presente que la hermen\u00e9utica que m\u00e1s nos acerca a Jes\u00fas es la de leer la realidad.<o:p><\/o:p><\/p>\n<ul type=\"disc\">\n<li class=\"MsoNormal\" style=\"text-align: justify; line-height: normal; background-image: initial; background-position: initial; background-size: initial; background-repeat: initial; background-attachment: initial; background-origin: initial; background-clip: initial;\"><b>Situaci\u00f3n      socio religiosa y pastoral de Am\u00e9rica Latina hoy- Avances, retrocesos y      nuevos escenarios en relaci\u00f3n con el 68. \u201cVer\u201d<\/b><o:p><\/o:p><\/li>\n<\/ul>\n<p class=\"MsoNormal\" style=\"margin-bottom: 7.5pt; text-align: justify; line-height: normal; background-image: initial; background-position: initial; background-size: initial; background-repeat: initial; background-attachment: initial; background-origin: initial; background-clip: initial;\">La Dra. Yolanda Valero en su ponencia hizo memoria del camino pastoral de Am\u00e9rica Latina a partir de la II Conferencia del Episcopado en Medell\u00edn aseverando que \u201cla misi\u00f3n de la Iglesia en Am\u00e9rica Latina ha sido siempre un mestizaje que nace de la experiencia de un encuentro con sus luces y sombras, marcadas por el sufrimiento y el don de la vida en defensa de los derechos de los pobres a trav\u00e9s de misioneros audaces y profetas que contin\u00faan animando nuestra misi\u00f3n\u201d. Destac\u00f3 la importancia que tuvo el m\u00e9todo teol\u00f3gico pastoral: Ver, Juzgar y Actuar; una metodolog\u00eda que dio dinamismo eclesial, que impulsado por el Esp\u00edritu marc\u00f3 desde Medell\u00edn la vida y misi\u00f3n de la Iglesia en el continente, se\u00f1alando el camino pastoral por el cual las comunidades cristianas de Am\u00e9rica Latina han peregrinado en estos 50 a\u00f1os y que le ha permitido ir adquiriendo una fisonom\u00eda teol\u00f3gica y pastoral propia en el contexto de la Iglesia universal.<o:p><\/o:p><\/p>\n<p class=\"MsoNormal\" style=\"margin-bottom: 7.5pt; text-align: justify; line-height: normal; background-image: initial; background-position: initial; background-size: initial; background-repeat: initial; background-attachment: initial; background-origin: initial; background-clip: initial;\">El Padre Guillermo Campuzano destac\u00f3 la propuesta que hace el Papa Francisco desde la enc\u00edclica Laudato Si, que plantea la posibilidad de elegir nuestro futuro desde la conservaci\u00f3n y el cuidado del medio ambiente. Afirm\u00f3 que \u201cla virtualidad es el canal m\u00e1s efectivo del siglo XXI, en el que los avances tecnol\u00f3gicos en los \u00faltimos 50 a\u00f1os son impensados, esa virtualidad sumada a los estados fallidos del cambio clim\u00e1tico han producido el fen\u00f3meno de la movilidad humana que produce, a su vez, desarraigos profundos en las comunidades pol\u00edticas, sociales y religiosas generan un fen\u00f3meno de la pluralidad humana que lleva a procesos de xenofobia\u201d. Recalca que \u201cen el contexto actual la Iglesia ya no es m\u00e1s generadora de cultura; al contrario, la Iglesia se ha convertido en consumidora de cultura o ha sido consumida por la cultura\u201d. Finalmente, asegura que la virtualidad va dejando desnuda y expuesta la experiencia de fe y va forzando una relectura muy seria de nuestros desaf\u00edos, de nuestras verdaderas posibilidades.<o:p><\/o:p><\/p>\n<p class=\"MsoNormal\" style=\"margin-bottom: 7.5pt; text-align: justify; line-height: normal; background-image: initial; background-position: initial; background-size: initial; background-repeat: initial; background-attachment: initial; background-origin: initial; background-clip: initial;\">El Cardenal Pedro Barreto Jimeno, en su intervenci\u00f3n destac\u00f3 que la Iglesia latinoamericana es una\u00a0<i>Iglesia Pascual<\/i>, y afirm\u00f3 que lo valioso de Medell\u00edn no es solamente el documento en s\u00ed mismo, sino el hecho de una Iglesia latinoamericana que se atreve, que se arriesga a aplicar las orientaciones del Concilio Vaticano II, de manera especial las del Documento Gaudium et Spes, punto de partida para dialogar con la sociedad y caminar hacia su transformaci\u00f3n en justicia y equidad. Medell\u00edn destaca la pobreza de la Iglesia como testimonio de expresi\u00f3n y coherencia con la opci\u00f3n a favor de los pobres. Asimismo, el Cardenal Barreto resaltaba como el Concilio Vaticano II, la Conferencia de Medell\u00edn y el Papa Francisco, son signos de la renovaci\u00f3n de la reforma que estamos viviendo en la Iglesia y que debemos todos implementar.<o:p><\/o:p><\/p>\n<p class=\"MsoNormal\" style=\"margin-bottom: 7.5pt; text-align: justify; line-height: normal; background-image: initial; background-position: initial; background-size: initial; background-repeat: initial; background-attachment: initial; background-origin: initial; background-clip: initial;\"><b>Mesas de trabajo \u2013 Comunidades de Vida<\/b><o:p><\/o:p><\/p>\n<p class=\"MsoNormal\" style=\"margin-bottom: 7.5pt; text-align: justify; line-height: normal; background-image: initial; background-position: initial; background-size: initial; background-repeat: initial; background-attachment: initial; background-origin: initial; background-clip: initial;\">En la tarde del 24 de agosto, las 22 \u201cComunidades de Vida y Aprendizaje\u201d (Justicia, Paz y Reconciliaci\u00f3n; Familia, Educaci\u00f3n, Juventud; Pastoral Popular y Religiosidad Popular; Pastoral de \u00c9lites; Pastoral Urbana; Catequesis; Liturgia; Protagonismo de los laicos en la Iglesia y en la Sociedad; Sacerdotes; Vida Consagrada; Formaci\u00f3n del Clero, La Iglesia y los Pobres; Pastoral de Conjunto; Medios de Comunicaci\u00f3n Social; Pueblos Ind\u00edgenas y Afroamericanos; La Mujer en la Iglesia; Desarrollo integral y Cuidado de la Creaci\u00f3n; Formaci\u00f3n de Disc\u00edpulos Misioneros \u2013 Vocaciones en la Iglesia; Migraci\u00f3n, Refugio, Trata de Personas; Comunidades Eclesiales de Base y Peque\u00f1as Comunidades y Animaci\u00f3n B\u00edblica de la pastoral), trabajaron bajo el m\u00e9todo ver, juzgar y actuar, cada uno de los temas que les correspond\u00eda, analizando lo expuesto al respecto en la II Conferencia General del Episcopado Latinoamericano y profundizando en una l\u00edneas de acci\u00f3n bajo el contexto actual.<o:p><\/o:p><\/p>\n<p class=\"MsoNormal\" style=\"margin-bottom: 7.5pt; text-align: justify; line-height: normal; background-image: initial; background-position: initial; background-size: initial; background-repeat: initial; background-attachment: initial; background-origin: initial; background-clip: initial;\"><b>V\u00edsperas y Eucarist\u00eda<\/b><o:p><\/o:p><\/p>\n<p class=\"MsoNormal\" style=\"margin-bottom: 7.5pt; text-align: justify; line-height: normal; background-image: initial; background-position: initial; background-size: initial; background-repeat: initial; background-attachment: initial; background-origin: initial; background-clip: initial;\">La jornada se concluy\u00f3 con las v\u00edsperas y la Eucarist\u00eda presidida por Mons. Carlos Mar\u00eda Collazzi (Obispo de la Di\u00f3cesis de Mercedes, Uruguay \u2013 Primer Vice \u2013 Presidente CELAM). Se extendi\u00f3 una acci\u00f3n de gracias al Se\u00f1or porque su mano poderosa permiti\u00f3 \u00a0la celebraci\u00f3n del Congreso, por todos aquellos \u00a0predecesores en el camino de la fe que apoyaron la creaci\u00f3n del CELAM, por las personas que desde la primera Conferencia de R\u00edo de Janeiro hasta la quinta realizada en Aparecida han ido trabajando, y contin\u00faan haci\u00e9ndolo para que Jes\u00fas sea cada vez m\u00e1s conocido, amado, servido y dar vida a su Palabra. Finaliz\u00f3 Mons. Carlos afirmando que \u201cla Iglesia se ha vuelto al hombre, consciente de que para volver a Dios es necesario conocer al hombre\u201d.<o:p><\/o:p><\/p>\n<p class=\"MsoNormal\" style=\"margin-bottom: 7.5pt; text-align: justify; line-height: normal; background-image: initial; background-position: initial; background-size: initial; background-repeat: initial; background-attachment: initial; background-origin: initial; background-clip: initial;\"><b><i>2.3. S\u00e1bado 25 de agosto de 2018<\/i><\/b><o:p><\/o:p><\/p>\n<p class=\"MsoNormal\" style=\"margin-bottom: 7.5pt; text-align: justify; line-height: normal; background-image: initial; background-position: initial; background-size: initial; background-repeat: initial; background-attachment: initial; background-origin: initial; background-clip: initial;\"><b>Eucarist\u00eda<\/b><o:p><\/o:p><\/p>\n<p class=\"MsoNormal\" style=\"margin-bottom: 7.5pt; text-align: justify; line-height: normal; background-image: initial; background-position: initial; background-size: initial; background-repeat: initial; background-attachment: initial; background-origin: initial; background-clip: initial;\">La Misa, que fue presidida por el Cardenal Peter Turkson, Prefecto del Dicasterio para el Servicio del Desarrollo Humano Integral de la Santa Sede. Se reflexion\u00f3 sobre las lecturas del profeta Ezequiel y del Evangelista Mateo, escogidos por el Se\u00f1or para servir a la gloria de Dios y a su pueblo. Dos personas caracterizadas por ser dignos de confianza: \u201cDios conf\u00eda en ellos para ser su presencia ante el pueblo, el pueblo conf\u00eda en ellos para ser sus mediadores ante el Dios\u201d. El Cardenal Peter Turkson record\u00f3 el llamado a renovar la vocaci\u00f3n y mostrarse dignos de confianza para el pueblo, tal y como en el pasado se realizara este prop\u00f3sito desde la Conferencia de Medell\u00edn.<o:p><\/o:p><\/p>\n<p class=\"MsoNormal\" style=\"margin-bottom: 7.5pt; text-align: justify; line-height: normal; background-image: initial; background-position: initial; background-size: initial; background-repeat: initial; background-attachment: initial; background-origin: initial; background-clip: initial;\">El ofertorio, estuvo ambientado por m\u00fasica latinoamericana. Se realiz\u00f3 una peque\u00f1a procesi\u00f3n con la imagen de Mons. \u00d3scar Arnulfo Romero, pr\u00f3ximo a la canonizaci\u00f3n, aut\u00e9ntico pastor, que vivi\u00f3 el esp\u00edritu de Medell\u00edn y que en el pontificado de Pablo VI fue nombrado Arzobispo de San Salvador (3 de febrero de 1977). Denunci\u00f3 las diferentes violaciones de los derechos humanos que se presentaban en su pa\u00eds y se solidariz\u00f3 con las v\u00edctimas de la violencia pol\u00edtica. Se reconoce como un defensor de \u201cLa opci\u00f3n preferencial por los pobres\u201d.<o:p><\/o:p><\/p>\n<p class=\"MsoNormal\" style=\"margin-bottom: 7.5pt; text-align: justify; line-height: normal; background-image: initial; background-position: initial; background-size: initial; background-repeat: initial; background-attachment: initial; background-origin: initial; background-clip: initial;\"><b>Paneles<\/b><o:p><\/o:p><\/p>\n<p class=\"MsoNormal\" style=\"margin-bottom: 7.5pt; text-align: justify; line-height: normal; background-image: initial; background-position: initial; background-size: initial; background-repeat: initial; background-attachment: initial; background-origin: initial; background-clip: initial;\">Como Moderador del d\u00eda, la CLAR y bajo la metodolog\u00eda\u00a0<i>ver, juzgar y actuar<\/i>, iniciando esta etapa con el \u201cJuzgar\u201d y en tercer panel el \u201cActuar\u201d, se efectuaron una serie de paneles acerca de: 1. El Documento de Medell\u00edn. Opciones fundamentales. Fundamentos B\u00edblico \u2013 Teol\u00f3gicos (P. Pedro Trigo S.J. (Venezuela)). 2. El Documento de Medell\u00edn. Valoraci\u00f3n pastoral desde el Magisterio del Papa Francisco (Dra. Mar\u00eda Clara Lucchetti Bigemer (Brasil)). 3. Perspectivas de futuro para la Iglesia Latinoamericana a los 50 a\u00f1os de Medell\u00edn (Hna. Mar\u00eda Cristina Robaina Pegas, STJ (Argentina)); el Hno. Alfonso Murad, FMS; y el Pbro. Augusto Zampini del Discasterio para el Servicio del Desarrollo Humano Integral en la Santa Sede).<o:p><\/o:p><\/p>\n<ul type=\"disc\">\n<li class=\"MsoNormal\" style=\"text-align: justify; line-height: normal; background-image: initial; background-position: initial; background-size: initial; background-repeat: initial; background-attachment: initial; background-origin: initial; background-clip: initial;\"><b>El      Documento de Medell\u00edn. Opciones fundamentales. Fundamentos B\u00edblico \u2013      Teol\u00f3gicos. \u201cJuzgar\u201d<\/b><o:p><\/o:p><\/li>\n<\/ul>\n<p class=\"MsoNormal\" style=\"margin-bottom: 7.5pt; text-align: justify; line-height: normal; background-image: initial; background-position: initial; background-size: initial; background-repeat: initial; background-attachment: initial; background-origin: initial; background-clip: initial;\">El Pbro. Pedro Mar\u00eda Trigo Dur\u00e1 desarroll\u00f3 el tema: Las opciones fundamentales del Documento de Medell\u00edn: Fundamentos b\u00edblico-teol\u00f3gicos. Manifest\u00f3 que la voluntad de Dios para Am\u00e9rica Latina es el desarrollo integral, y por tanto la Iglesia debe propender por favorecer la realizaci\u00f3n del ser humano desde un desarrollo integral teniendo en cuenta que la vida es hist\u00f3rica y la finalidad de la historia en el designio de Dios es la humanizaci\u00f3n de los seres humanos que trabajan mancomunadamente para el bien com\u00fan. Dijo, asimismo, que el sujeto de la historia no puede ser un grupo privilegiado sino todos los implicados en ella.<o:p><\/o:p><\/p>\n<p class=\"MsoNormal\" style=\"margin-bottom: 7.5pt; text-align: justify; line-height: normal; background-image: initial; background-position: initial; background-size: initial; background-repeat: initial; background-attachment: initial; background-origin: initial; background-clip: initial;\">En ese mismo sentido, el Padre Pedro Mar\u00eda, dice que la paz presupone un orden en el que todos los seres humanos no sean objeto sino agentes de su propia historia, as\u00ed, entonces, la misi\u00f3n cristiana se realiza bajo un nuevo humanismo que lleve al compromiso solidario y a una transformaci\u00f3n en la que haya lugar productivo para todos y responsabilidad y frutos compartidos. Finalmente, anot\u00f3 que como cristianos estamos llamados a vincular este momento de la historia del ser humano a la historia de salvaci\u00f3n dada en Cristo y vivida desde el amor.<o:p><\/o:p><\/p>\n<ul type=\"disc\">\n<li class=\"MsoNormal\" style=\"text-align: justify; line-height: normal; background-image: initial; background-position: initial; background-size: initial; background-repeat: initial; background-attachment: initial; background-origin: initial; background-clip: initial;\"><b>El      Documento de Medell\u00edn. Valoraci\u00f3n pastoral desde el Magisterio del Papa      Francisco. \u201cJuzgar\u201d<\/b><o:p><\/o:p><\/li>\n<\/ul>\n<p class=\"MsoNormal\" style=\"margin-bottom: 7.5pt; text-align: justify; line-height: normal; background-image: initial; background-position: initial; background-size: initial; background-repeat: initial; background-attachment: initial; background-origin: initial; background-clip: initial;\">La Dra. Mar\u00eda Clara Lucchetti Bingeme, present\u00f3 el tema: El Documento de Medell\u00edn: Valoraci\u00f3n Pastoral desde el Magisterio del Papa Francisco. En su ponencia destac\u00f3 como hace 50 a\u00f1os la mirada de los obispos se centr\u00f3 en la opci\u00f3n por los m\u00e1s pobres, y la Iglesia acept\u00f3 el desaf\u00edo de dejar de ser una Iglesia reflejo de Europa para ser una Iglesia fuente de un nuevo modelo eclesial que llevara la luz del Evangelio a su realidad particular latinoamericana, respondiendo a sus necesidades concretas de fe, justicia y compromiso por los m\u00e1s pobres. Desde esta mirada, resalta como el Papa Francisco da vida en su ministerio a esta opci\u00f3n preferencial por los m\u00e1s necesitados a partir de su palabra y su obrar, y trabaja para que la principal preocupaci\u00f3n de la Iglesia sea la humanidad. Destac\u00f3 como los documentos presentados por el Papa hasta el momento, tambi\u00e9n est\u00e1n inspirados en la Conferencia de Medell\u00edn y su tem\u00e1tica principal de optar por los pobres.<o:p><\/o:p><\/p>\n<ul type=\"disc\">\n<li class=\"MsoNormal\" style=\"text-align: justify; line-height: normal; background-image: initial; background-position: initial; background-size: initial; background-repeat: initial; background-attachment: initial; background-origin: initial; background-clip: initial;\"><b>Perspectivas      de futuro para la Iglesia Latinoamericana a los 50 a\u00f1os de Medell\u00edn.      \u201cActuar\u201d<\/b><o:p><\/o:p><\/li>\n<\/ul>\n<p class=\"MsoNormal\" style=\"margin-bottom: 7.5pt; text-align: justify; line-height: normal; background-image: initial; background-position: initial; background-size: initial; background-repeat: initial; background-attachment: initial; background-origin: initial; background-clip: initial;\">La Hna. Mar\u00eda Cristina Robaina Pegas, centr\u00f3 su presentaci\u00f3n en tres aspectos fundamentales: la humanizaci\u00f3n a partir de la justicia para defender una vida digna y respetada, la conversi\u00f3n pastoral y ecol\u00f3gica, y la cultura humanizadora. Hoy se requiere tener una Iglesia en salida misionera, en movimiento hacia la periferia del propio territorio para evangelizar a todos los pueblos, afirm\u00f3. La invitaci\u00f3n es a que propiciemos el nacimiento y la conversi\u00f3n de Am\u00e9rica Latina.<o:p><\/o:p><\/p>\n<p class=\"MsoNormal\" style=\"margin-bottom: 7.5pt; text-align: justify; line-height: normal; background-image: initial; background-position: initial; background-size: initial; background-repeat: initial; background-attachment: initial; background-origin: initial; background-clip: initial;\">Por su lado, el Hno. Afonso Murad, resalt\u00f3 en su ponencia que el futuro de la Iglesia latinoamericana est\u00e1 en atender, entre otros, los siguientes lineamientos: 1. Optar por una Iglesia comunidad que evangelice en di\u00e1logo al mundo contempor\u00e1neo, asumiendo actitudes p\u00fablicas de visibilidad prof\u00e9tica que conduzcan hacia Jes\u00fas y el Reino de Dios. 2. Colaborar para una sociedad inclusiva, equitativa y sostenible a trav\u00e9s de comunicaciones horizontales, desde una pastoral que permita cultivar la dimensi\u00f3n comunitaria y social de la fe cristiana. 3. Modificar la iniciaci\u00f3n teol\u00f3gico-pastoral de la formaci\u00f3n de los seminaristas haciendo \u00e9nfasis en lo pastoral, para que sean pastores que acompa\u00f1en a su pueblo para ser presencia de Dios en el mundo. 4. Invertir en la formaci\u00f3n de los laicos a partir de la ense\u00f1anza de la Palabra de Dios y de una teolog\u00eda viva, d\u00e1ndoles un mayor protagonismo en la evangelizaci\u00f3n de los pueblos. 5. Dar una atenci\u00f3n y acompa\u00f1amiento especial a las nuevas generaciones de ni\u00f1os y j\u00f3venes, para el futuro de la iglesia.<o:p><\/o:p><\/p>\n<p class=\"MsoNormal\" style=\"margin-bottom: 7.5pt; text-align: justify; line-height: normal; background-image: initial; background-position: initial; background-size: initial; background-repeat: initial; background-attachment: initial; background-origin: initial; background-clip: initial;\">La sesi\u00f3n termin\u00f3 con la presentaci\u00f3n del Pbro. Augusto Zampini, quien defini\u00f3 tres signos de vida de nuestra realidad, que hay que cuidar y trabajar: 1. El dinamismo de desarrollo del continente en el que la Iglesia debe expresar su testimonio y su servicio frente a la inequidad y el da\u00f1o ambiental que se vive en la actualidad. 2. No existe desarrollo humano sin ambiente: todas las formas en que vivimos est\u00e1n conectadas con la riqueza de la biodiversidad. No se puede planear la urbe a costa de la vida humana y de la naturaleza. 3. La espiritualidad como fundamento para vivir en la equidad y en el amor de Cristo.<o:p><\/o:p><\/p>\n<p class=\"MsoNormal\" style=\"margin-bottom: 7.5pt; text-align: justify; line-height: normal; background-image: initial; background-position: initial; background-size: initial; background-repeat: initial; background-attachment: initial; background-origin: initial; background-clip: initial;\"><b>Lectura Orante:<\/b><o:p><\/o:p><\/p>\n<p class=\"MsoNormal\" style=\"margin-bottom: 7.5pt; text-align: justify; line-height: normal; background-image: initial; background-position: initial; background-size: initial; background-repeat: initial; background-attachment: initial; background-origin: initial; background-clip: initial;\">Continuando con el \u201cActuar\u201d se realiz\u00f3 la lectura orante organizada por comunidades, basada en el Evangelio de \u00a0Mt. 5, 1-12, o Mt. 25, 31-46 se comparti\u00f3 la siguiente motivaci\u00f3n:<o:p><\/o:p><\/p>\n<p class=\"MsoNormal\" style=\"margin-bottom: 7.5pt; text-align: justify; line-height: normal; background-image: initial; background-position: initial; background-size: initial; background-repeat: initial; background-attachment: initial; background-origin: initial; background-clip: initial;\"><b><i>Mt. 5, 1-12:<\/i><\/b><o:p><\/o:p><\/p>\n<p class=\"MsoNormal\" style=\"margin-bottom: 7.5pt; text-align: justify; line-height: normal; background-image: initial; background-position: initial; background-size: initial; background-repeat: initial; background-attachment: initial; background-origin: initial; background-clip: initial;\">\u201cJes\u00fas explic\u00f3 con toda sencillez qu\u00e9 es ser santos, y lo hizo cuando nos dej\u00f3 las bienaventuranzas (cf. Mt 5,3-12;\u00a0 Lc 6,20-23). Son como el carnet de identidad del cristiano. As\u00ed, si alguno de nosotros se plantea la pregunta: \u00ab\u00bfC\u00f3mo se hace para llegar a ser un buen cristiano?\u00bb, la respuesta es sencilla: es necesario hacer, cada uno a su modo, lo que dice Jes\u00fas en el serm\u00f3n de las bienaventuranzas\u201d (<i>Gaudete et Exultate<\/i>\u00a063).<o:p><\/o:p><\/p>\n<p class=\"MsoNormal\" style=\"margin-bottom: 7.5pt; text-align: justify; line-height: normal; background-image: initial; background-position: initial; background-size: initial; background-repeat: initial; background-attachment: initial; background-origin: initial; background-clip: initial;\"><b><i>Mt. 25, 31-46:<\/i><\/b><o:p><\/o:p><\/p>\n<p class=\"MsoNormal\" style=\"margin-bottom: 7.5pt; text-align: justify; line-height: normal; background-image: initial; background-position: initial; background-size: initial; background-repeat: initial; background-attachment: initial; background-origin: initial; background-clip: initial;\">El\u00a0<i>evangelio<\/i>\u00a0toma la imagen del Juez y Rey soberano que separa entre buenos y malos de la tradici\u00f3n jud\u00eda, pero\u00a0<i>el gran aporte aqu\u00ed es el criterio de juicio que ser\u00e1 el amor concreto al pr\u00f3jimo necesitado<\/i>. En efecto, Mateo insiste en la necesidad de las buenas obras, por tanto, \u00abno se trata de los sentimientos que tuvieron por los pobres, ni de las intenciones, ni de las horas dedicadas a hablar sobre ellos lo que nos har\u00e1 del grupo de las ovejas sino lo que concretamente hagamos por ellos, los gestos de ayuda y solidaridad\u00bb<a name=\"_ftnref2\"><\/a><a href=\"http:\/\/www.celam.org\/observatoriosociopastoral\/detalle_noticias.php?id=MTgx#_ftn2\" title=\"\"><span style=\"color: black; text-decoration-line: none;\">[2]<\/span><\/a>.<o:p><\/o:p><\/p>\n<p class=\"MsoNormal\" style=\"margin-bottom: 7.5pt; text-align: justify; line-height: normal; background-image: initial; background-position: initial; background-size: initial; background-repeat: initial; background-attachment: initial; background-origin: initial; background-clip: initial;\">Al respecto el Papa Benedicto XVI hace referencia a este Evangelio en su enc\u00edclica \u201cDios es amor\u201d n\u00b0 15 resaltando su importante lugar en el mensaje de Jes\u00fas: \u00abEn fin, se ha de recordar de modo particular la gran par\u00e1bola del Juicio final (cf.\u00a0<i>Mt\u00a0<\/i>25, 31-46), en el cual el amor se convierte en el criterio para la decisi\u00f3n definitiva sobre la valoraci\u00f3n positiva o negativa de una vida humana. Jes\u00fas se identifica con los pobres: los hambrientos y sedientos, los forasteros, los desnudos, enfermos o encarcelados. \u00abCada vez que lo hicisteis con uno de estos mis humildes hermanos, conmigo lo hicisteis\u00bb (<i>Mt<\/i>\u00a025, 40). Amor a Dios y amor al pr\u00f3jimo se funden entre s\u00ed: en el m\u00e1s humilde encontramos a Jes\u00fas mismo y en Jes\u00fas encontramos a Dios\u00bb.<o:p><\/o:p><\/p>\n<p class=\"MsoNormal\" style=\"margin-bottom: 7.5pt; text-align: justify; line-height: normal; background-image: initial; background-position: initial; background-size: initial; background-repeat: initial; background-attachment: initial; background-origin: initial; background-clip: initial;\">Tambi\u00e9n el Papa Francisco cita este Evangelio en\u00a0<i>Evangelii Gaudium<\/i>\u00a0n\u00b0 179 resaltando su importancia y vigencia para la vida cristiana: \u201cEsta inseparable conexi\u00f3n entre la recepci\u00f3n del anuncio salv\u00edfico y un efectivo amor fraterno est\u00e1 expresada en algunos textos de las Escrituras que conviene considerar y meditar detenidamente para extraer de ellos todas sus consecuencias. Es un mensaje al cual frecuentemente nos acostumbramos, lo repetimos casi mec\u00e1nicamente, pero no nos aseguramos de que tenga una real incidencia en nuestras vidas y en nuestras comunidades. \u00a1Qu\u00e9 peligroso y qu\u00e9 da\u00f1ino es este acostumbramiento que nos lleva a perder el asombro, la cautivaci\u00f3n, el entusiasmo por vivir el Evangelio de la fraternidad y la justicia! La Palabra de Dios ense\u00f1a que en el hermano est\u00e1 la permanente prolongaci\u00f3n de la Encarnaci\u00f3n para cada uno de nosotros: \u00abLo que hicisteis a uno de estos hermanos m\u00edos m\u00e1s peque\u00f1os, lo hicisteis a m\u00ed\u00bb (<i>Mt<\/i>\u00a025,40). Lo que hagamos con los dem\u00e1s tiene una dimensi\u00f3n trascendente: \u00abCon la medida con que mid\u00e1is, se os medir\u00e1\u00bb (<i>Mt\u00a0<\/i>7,2); y responde a la misericordia divina con nosotros: \u00abSed compasivos como vuestro Padre es compasivo. No juzgu\u00e9is y no ser\u00e9is juzgados; no conden\u00e9is y no ser\u00e9is condenados; perdonad y ser\u00e9is perdonados; dad y se os dar\u00e1 [\u2026] Con la medida con que mid\u00e1is, se os medir\u00e1\u00bb (<i>Lc<\/i>\u00a06,36-38). Lo que expresan estos textos es la absoluta prioridad de la \u00absalida de s\u00ed hacia el hermano\u00bb como uno de los dos mandamientos principales que fundan toda norma moral y como el signo m\u00e1s claro para discernir acerca del camino de crecimiento espiritual en respuesta a la donaci\u00f3n absolutamente gratuita de Dios. Por eso mismo \u00abel servicio de la caridad es tambi\u00e9n una dimensi\u00f3n constitutiva de la misi\u00f3n de la Iglesia y expresi\u00f3n irrenunciable de su propia esencia\u00bb.\u00a0As\u00ed como la Iglesia es misionera por naturaleza, tambi\u00e9n brota ineludiblemente de esa naturaleza la caridad efectiva con el pr\u00f3jimo, la compasi\u00f3n que comprende, asiste y promueve\u201d.<o:p><\/o:p><\/p>\n<p class=\"MsoNormal\" style=\"margin-bottom: 7.5pt; text-align: justify; line-height: normal; background-image: initial; background-position: initial; background-size: initial; background-repeat: initial; background-attachment: initial; background-origin: initial; background-clip: initial;\"><b>Mesas de trabajo y Plenaria<\/b><o:p><\/o:p><\/p>\n<p class=\"MsoNormal\" style=\"margin-bottom: 7.5pt; text-align: justify; line-height: normal; background-image: initial; background-position: initial; background-size: initial; background-repeat: initial; background-attachment: initial; background-origin: initial; background-clip: initial;\">En mesas de trabajo por comunidades se dise\u00f1aron las l\u00edneas de acci\u00f3n y compromisos para las Iglesias particulares, de manera que se apliquen\u00a0las \u00a0propuestas de evangelizaci\u00f3n desarrolladas en el Documento de Medell\u00edn y que fueron retomadas y estudiadas en el contexto actual a trav\u00e9s del desarrollo del Congreso.<o:p><\/o:p><\/p>\n<p class=\"MsoNormal\" style=\"margin-bottom: 7.5pt; text-align: justify; line-height: normal; background-image: initial; background-position: initial; background-size: initial; background-repeat: initial; background-attachment: initial; background-origin: initial; background-clip: initial;\"><o:p>\u00a0<\/o:p><\/p>\n<p class=\"MsoNormal\" style=\"margin-bottom: 7.5pt; text-align: justify; line-height: normal; background-image: initial; background-position: initial; background-size: initial; background\n\n<p><a href=\"http:\/\/web.hilo.org.pe\/wp-content\/uploads\/fotoint15b85a48c464bc_28082018_137pm.png\" target=\"_blank\" rel=\"noopener\">Ver archivo adjunto<\/a><\/p>\n","protected":false},"excerpt":{"rendered":"<p>Del 23 al 26 de agosto de 2018, se llev\u00f3 a cabo en Medell\u00edn, Colombia. Conmemoraci\u00f3n de los 50 a\u00f1os de realizada la II Conferencia General del Episcopado Latinoamericano (Medell\u00edn).<br \/>\nCon la participaci\u00f3n aprox. de 500 personas: Cardenales (7), Obispos (64), Sacerdotes (170) Religiosos (as) (124), Laicos (as) (118), Seminaristas (5) y otros invitados. Le invitamos a disfrutar de la lectura de este escrito y conocer los frutos del trabajo realizado.<\/p>\n","protected":false},"author":1,"featured_media":5502,"comment_status":"closed","ping_status":"closed","sticky":false,"template":"","format":"standard","meta":{"footnotes":""},"categories":[9],"tags":[],"class_list":["post-3137","post","type-post","status-publish","format-standard","has-post-thumbnail","hentry","category-noticias"],"_links":{"self":[{"href":"https:\/\/ceas.org.pe\/index.php\/wp-json\/wp\/v2\/posts\/3137","targetHints":{"allow":["GET"]}}],"collection":[{"href":"https:\/\/ceas.org.pe\/index.php\/wp-json\/wp\/v2\/posts"}],"about":[{"href":"https:\/\/ceas.org.pe\/index.php\/wp-json\/wp\/v2\/types\/post"}],"author":[{"embeddable":true,"href":"https:\/\/ceas.org.pe\/index.php\/wp-json\/wp\/v2\/users\/1"}],"replies":[{"embeddable":true,"href":"https:\/\/ceas.org.pe\/index.php\/wp-json\/wp\/v2\/comments?post=3137"}],"version-history":[{"count":1,"href":"https:\/\/ceas.org.pe\/index.php\/wp-json\/wp\/v2\/posts\/3137\/revisions"}],"predecessor-version":[{"id":6081,"href":"https:\/\/ceas.org.pe\/index.php\/wp-json\/wp\/v2\/posts\/3137\/revisions\/6081"}],"wp:featuredmedia":[{"embeddable":true,"href":"https:\/\/ceas.org.pe\/index.php\/wp-json\/wp\/v2\/media\/5502"}],"wp:attachment":[{"href":"https:\/\/ceas.org.pe\/index.php\/wp-json\/wp\/v2\/media?parent=3137"}],"wp:term":[{"taxonomy":"category","embeddable":true,"href":"https:\/\/ceas.org.pe\/index.php\/wp-json\/wp\/v2\/categories?post=3137"},{"taxonomy":"post_tag","embeddable":true,"href":"https:\/\/ceas.org.pe\/index.php\/wp-json\/wp\/v2\/tags?post=3137"}],"curies":[{"name":"wp","href":"https:\/\/api.w.org\/{rel}","templated":true}]}}