{"id":3136,"date":"2018-08-27T12:44:09","date_gmt":"2018-08-27T12:44:09","guid":{"rendered":""},"modified":"2026-03-11T09:11:56","modified_gmt":"2026-03-11T14:11:56","slug":"papa-francisco-ya-de-regreso-a-roma","status":"publish","type":"post","link":"https:\/\/ceas.org.pe\/index.php\/2018\/08\/27\/papa-francisco-ya-de-regreso-a-roma\/","title":{"rendered":"Papa Francisco ya de regreso a Roma"},"content":{"rendered":"<p style=\"margin: 0cm 0cm 0.0001pt; text-align: justify; background-image: initial; background-position: initial; background-size: initial; background-repeat: initial; background-attachment: initial; background-origin: initial; background-clip: initial;\"><span style=\"font-size:11.0pt;font-family:\"Calibri\",sans-serif;mso-ascii-theme-font:\nminor-latin;mso-hansi-theme-font:minor-latin;mso-bidi-theme-font:minor-latin;\ncolor:#373737\">Durante el \u00faltimo acto de este viaje a Irlanda, para participar en el Encuentro Mundial de las Familias, Francisco retom\u00f3 el tema de los abusos de la Iglesia, que afront\u00f3 en varios actos ante la herida a\u00fan abierta de lo que sucedi\u00f3 en este pa\u00eds durante d\u00e9cadas con miles de v\u00edctimas.<o:p><\/o:p><\/span><\/p>\n<p style=\"margin: 0cm 0cm 0.0001pt; text-align: justify; background-image: initial; background-position: initial; background-size: initial; background-repeat: initial; background-attachment: initial; background-origin: initial; background-clip: initial;\"><span style=\"font-size:11.0pt;font-family:\"Calibri\",sans-serif;mso-ascii-theme-font:\nminor-latin;mso-hansi-theme-font:minor-latin;mso-bidi-theme-font:minor-latin;\ncolor:#373737\">\u00a0<\/span><\/p>\n<p style=\"margin: 0cm 0cm 0.0001pt; background-image: initial; background-position: initial; background-size: initial; background-repeat: initial; background-attachment: initial; background-origin: initial; background-clip: initial; box-sizing: border-box; -webkit-tap-highlight-color: rgba(0, 0, 0, 0);\"><span style=\"font-size:11.0pt;\nfont-family:\"Calibri\",sans-serif;mso-ascii-theme-font:minor-latin;mso-hansi-theme-font:\nminor-latin;mso-bidi-theme-font:minor-latin;color:#373737\">Anim\u00f3 a los obispos en <i>estos <\/i>\u201cmomentos de desaf\u00edos a perseverar en vuestro ministerio de heraldos del Evangelio y pastores del reba\u00f1o de Cristo\u201d. Agradeci\u00f3 a los prelados, reunidos en el convento de las Monjas Dominicanas de Dubl\u00edn, la labor de ayuda a los sacerdotes \u201ccuya pena y des\u00e1nimo causados por los recientes esc\u00e1ndalos son a menudo ignorados\u201d.<o:p><\/o:p><\/span><\/p>\n<p style=\"margin: 0cm 0cm 0.0001pt; background-image: initial; background-position: initial; background-size: initial; background-repeat: initial; background-attachment: initial; background-origin: initial; background-clip: initial; box-sizing: border-box; -webkit-tap-highlight-color: rgba(0, 0, 0, 0);\"><span style=\"font-size:11.0pt;\nfont-family:\"Calibri\",sans-serif;mso-ascii-theme-font:minor-latin;mso-hansi-theme-font:\nminor-latin;mso-bidi-theme-font:minor-latin;color:#373737\">\u00a0<\/span><\/p>\n<p style=\"margin: 0cm 0cm 0.0001pt; text-align: justify; background-image: initial; background-position: initial; background-size: initial; background-repeat: initial; background-attachment: initial; background-origin: initial; background-clip: initial;\"><span style=\"font-size:11.0pt;font-family:\"Calibri\",sans-serif;mso-ascii-theme-font:\nminor-latin;mso-hansi-theme-font:minor-latin;mso-bidi-theme-font:minor-latin;\ncolor:#373737\">\u201cUn tema recurrente de mi visita ha sido, por supuesto, la necesidad de que la Iglesia reconozca y remedie con honestidad evang\u00e9lica y valent\u00eda los errores del pasado con respecto a la protecci\u00f3n de los ni\u00f1os y los adultos vulnerables\u201d, record\u00f3. Y valor\u00f3 los esfuerzos realizados por la actual Iglesia de Irlanda en la prevenci\u00f3n, donde gracias a mecanismos de control se ha logrado reducir los casos y sobre todo denunciar a los abusadores.<o:p><\/o:p><\/span><\/p>\n<h2 style=\"margin-top: 0cm; line-height: normal; background-image: initial; background-position: initial; background-size: initial; background-repeat: initial; background-attachment: initial; background-origin: initial; background-clip: initial; box-sizing: border-box; -webkit-tap-highlight-color: rgba(0, 0, 0, 0);\"><span style=\"font-size:11.0pt;\nfont-family:\"Calibri\",sans-serif;mso-ascii-theme-font:minor-latin;mso-hansi-theme-font:\nminor-latin;mso-bidi-theme-font:minor-latin;color:#373737\">\u00a0<\/span><\/h2>\n<h2 style=\"margin-top: 0cm; text-align: justify; line-height: normal; background-image: initial; background-position: initial; background-size: initial; background-repeat: initial; background-attachment: initial; background-origin: initial; background-clip: initial;\"><b><span style=\"font-size:11.0pt;\nfont-family:\"Calibri\",sans-serif;mso-ascii-theme-font:minor-latin;mso-hansi-theme-font:\nminor-latin;mso-bidi-theme-font:minor-latin;color:#373737\">El Papa pidi\u00f3 perd\u00f3n por los abusos contra menores<o:p><\/o:p><\/span><\/b><\/h2>\n<p style=\"margin: 0cm 0cm 0.0001pt; background-image: initial; background-position: initial; background-size: initial; background-repeat: initial; background-attachment: initial; background-origin: initial; background-clip: initial; box-sizing: border-box; -webkit-tap-highlight-color: rgba(0, 0, 0, 0);\"><span style=\"font-size:11.0pt;\nfont-family:\"Calibri\",sans-serif;mso-ascii-theme-font:minor-latin;mso-hansi-theme-font:\nminor-latin;mso-bidi-theme-font:minor-latin;color:#373737\">Y en la Misa de clausura, el Papa pidi\u00f3 perd\u00f3n por los abusos. Inesperadamente, el pont\u00edfice, en vez de rezar el acto penitencial, ley\u00f3 un mensaje en el que volvi\u00f3 a pedir perd\u00f3n a las miles de v\u00edctimas y supervivientes irlandeses. Desde el altar instalado en el Phoenix Park dublin\u00e9s, Francisco se disculp\u00f3 por los abusos de poder, de conciencia y sexuales cometidos por los sacerdotes, por las instituciones religiosas y por la jerarqu\u00eda de la Iglesia en la isla, donde anta\u00f1o tuvo un poder enorme y su influencia se extend\u00eda a todas las capas de la sociedad.<o:p><\/o:p><\/span><\/p>\n<p style=\"margin: 0cm 0cm 0.0001pt; text-align: justify; background-image: initial; background-position: initial; background-size: initial; background-repeat: initial; background-attachment: initial; background-origin: initial; background-clip: initial;\"><span style=\"font-size:11.0pt;font-family:\"Calibri\",sans-serif;mso-ascii-theme-font:\nminor-latin;mso-hansi-theme-font:minor-latin;mso-bidi-theme-font:minor-latin;\ncolor:#373737\">\u00a0<\/span><\/p>\n<p style=\"margin: 0cm 0cm 0.0001pt; background-image: initial; background-position: initial; background-size: initial; background-repeat: initial; background-attachment: initial; background-origin: initial; background-clip: initial; box-sizing: border-box; -webkit-tap-highlight-color: rgba(0, 0, 0, 0);\"><span style=\"font-size:11.0pt;\nfont-family:\"Calibri\",sans-serif;mso-ascii-theme-font:minor-latin;mso-hansi-theme-font:\nminor-latin;mso-bidi-theme-font:minor-latin;color:#373737\">El papa, record\u00f3 que este s\u00e1bado se reuni\u00f3 con ocho v\u00edctimas y que despu\u00e9s de ello quer\u00eda \u201cponer delante de la misericordia del Se\u00f1or estos cr\u00edmenes y pedir perd\u00f3n por ellos\u201d.<i> <\/i>As\u00ed comenz\u00f3 el largo e intenso acto de contrici\u00f3n por los \u201cabusos cometidos en diferentes instituciones dirigidas por religiosas y religiosos y otros miembros de la Iglesia\u201d.\u00a0 Su mensaje concluy\u00f3 con una petici\u00f3n para que \u201cel Se\u00f1or mantenga en acreciente estado de verg\u00fcenza y construcci\u00f3n y nos d\u00e9 la fuerza para comprometernos para trabajar para que nunca m\u00e1s suceda y se haga justicia\u201d.<o:p><\/o:p><\/span><\/p>\n<h2 style=\"margin-top: 0cm; line-height: normal; background-image: initial; background-position: initial; background-size: initial; background-repeat: initial; background-attachment: initial; background-origin: initial; background-clip: initial; box-sizing: border-box; -webkit-tap-highlight-color: rgba(0, 0, 0, 0);\"><span style=\"font-size:11.0pt;\nfont-family:\"Calibri\",sans-serif;mso-ascii-theme-font:minor-latin;mso-hansi-theme-font:\nminor-latin;mso-bidi-theme-font:minor-latin;color:#373737\">\u00a0<\/span><\/h2>\n<h2 style=\"margin-top: 0cm; text-align: justify; line-height: normal; background-image: initial; background-position: initial; background-size: initial; background-repeat: initial; background-attachment: initial; background-origin: initial; background-clip: initial;\"><b><span style=\"font-size:11.0pt;\nfont-family:\"Calibri\",sans-serif;mso-ascii-theme-font:minor-latin;mso-hansi-theme-font:\nminor-latin;mso-bidi-theme-font:minor-latin;color:#373737\">Una sola familia humana que viva en justicia y paz<o:p><\/o:p><\/span><\/b><\/h2>\n<p style=\"margin: 0cm 0cm 0.0001pt; background-image: initial; background-position: initial; background-size: initial; background-repeat: initial; background-attachment: initial; background-origin: initial; background-clip: initial; box-sizing: border-box; -webkit-tap-highlight-color: rgba(0, 0, 0, 0);\"><span style=\"font-size:11.0pt;\nfont-family:\"Calibri\",sans-serif;mso-ascii-theme-font:minor-latin;mso-hansi-theme-font:\nminor-latin;mso-bidi-theme-font:minor-latin;color:#373737\">Francisco pidi\u00f3 a los fieles que ayuden a construir \u201cuna \u00fanica familia humana\u201d que viva en la justicia y la paz, durante su homil\u00eda en la misa multitudinaria que clausur\u00f3 el Encuentro Mundial de las Familias en Dubl\u00edn.\u00a0Ante los cientos de miles de personas que se congregaron en el Phoenix Park, el parque urbano m\u00e1s grande de Europa, el papa habl\u00f3 del poder de las familias para cambiar el mundo.<o:p><\/o:p><\/span><\/p>\n<p style=\"margin: 0cm 0cm 0.0001pt; text-align: justify; background-image: initial; background-position: initial; background-size: initial; background-repeat: initial; background-attachment: initial; background-origin: initial; background-clip: initial;\"><span style=\"font-size:11.0pt;font-family:\"Calibri\",sans-serif;mso-ascii-theme-font:\nminor-latin;mso-hansi-theme-font:minor-latin;mso-bidi-theme-font:minor-latin;\ncolor:#373737\">\u00a0<\/span><\/p>\n<p style=\"margin: 0cm 0cm 0.0001pt; background-image: initial; background-position: initial; background-size: initial; background-repeat: initial; background-attachment: initial; background-origin: initial; background-clip: initial; box-sizing: border-box; -webkit-tap-highlight-color: rgba(0, 0, 0, 0);\"><span style=\"font-size:11.0pt;\nfont-family:\"Calibri\",sans-serif;mso-ascii-theme-font:minor-latin;mso-hansi-theme-font:\nminor-latin;mso-bidi-theme-font:minor-latin;color:#373737\">\u201cVuestras familias son un lugar privilegiado y un importante medio para difundir esas palabras como -buena noticia- para todos, a trav\u00e9s del testimonio de las familias cristianas, que tiene, el poder, en cada generaci\u00f3n, de derribar las barreras\u201d, dijo Francisco ante la imponente multitud a pesar de la jornada lluviosa.<o:p><\/o:p><\/span><\/p>\n<h2 style=\"margin-top: 0cm; line-height: normal; background-image: initial; background-position: initial; background-size: initial; background-repeat: initial; background-attachment: initial; background-origin: initial; background-clip: initial; box-sizing: border-box; -webkit-tap-highlight-color: rgba(0, 0, 0, 0);\"><span style=\"font-size:11.0pt;\nfont-family:\"Calibri\",sans-serif;mso-ascii-theme-font:minor-latin;mso-hansi-theme-font:\nminor-latin;mso-bidi-theme-font:minor-latin;color:#373737\">\u00a0<\/span><\/h2>\n<h2 style=\"margin-top: 0cm; text-align: justify; line-height: normal; background-image: initial; background-position: initial; background-size: initial; background-repeat: initial; background-attachment: initial; background-origin: initial; background-clip: initial;\"><b><span style=\"font-size:11.0pt;\nfont-family:\"Calibri\",sans-serif;mso-ascii-theme-font:minor-latin;mso-hansi-theme-font:\nminor-latin;mso-bidi-theme-font:minor-latin;color:#373737\">Convertirse en fuente de \u00e1nimo para los dem\u00e1s<o:p><\/o:p><\/span><\/b><\/h2>\n<p style=\"margin: 0cm 0cm 0.0001pt; background-image: initial; background-position: initial; background-size: initial; background-repeat: initial; background-attachment: initial; background-origin: initial; background-clip: initial; box-sizing: border-box; -webkit-tap-highlight-color: rgba(0, 0, 0, 0);\"><span style=\"font-size:11.0pt;\nfont-family:\"Calibri\",sans-serif;mso-ascii-theme-font:minor-latin;mso-hansi-theme-font:\nminor-latin;mso-bidi-theme-font:minor-latin;color:#373737\">Asegur\u00f3 que \u201clos desaf\u00edos que los cristianos de hoy tienen delante no son, a su manera, m\u00e1s dif\u00edciles de los que debieron afrontar los primeros misioneros irlandeses\u201d. Y ante ello cit\u00f3 lo dif\u00edcil que es \u201cperdonar siempre a quienes nos hieren. Qu\u00e9 desafiante es acoger siempre al emigrante y al extranjero. Qu\u00e9 doloroso es soportar la desilusi\u00f3n, el rechazo o la traici\u00f3n.\u00a0Qu\u00e9 inc\u00f3modo es proteger los derechos de los m\u00e1s fr\u00e1giles, de los que a\u00fan no han nacido o de los m\u00e1s ancianos, que parece que obstaculizan nuestro sentido de libertad\u201d, agreg\u00f3.<o:p><\/o:p><\/span><\/p>\n<p style=\"margin: 0cm 0cm 0.0001pt; text-align: justify; background-image: initial; background-position: initial; background-size: initial; background-repeat: initial; background-attachment: initial; background-origin: initial; background-clip: initial;\"><span style=\"font-size:11.0pt;font-family:\"Calibri\",sans-serif;mso-ascii-theme-font:\nminor-latin;mso-hansi-theme-font:minor-latin;mso-bidi-theme-font:minor-latin;\ncolor:#373737\">\u00a0<\/span><\/p>\n<p style=\"margin: 0cm 0cm 0.0001pt; background-image: initial; background-position: initial; background-size: initial; background-repeat: initial; background-attachment: initial; background-origin: initial; background-clip: initial; box-sizing: border-box; -webkit-tap-highlight-color: rgba(0, 0, 0, 0);\"><span style=\"font-size:11.0pt;\nfont-family:\"Calibri\",sans-serif;mso-ascii-theme-font:minor-latin;mso-hansi-theme-font:\nminor-latin;mso-bidi-theme-font:minor-latin;color:#373737\">El pont\u00edfice pidi\u00f3 que esta celebraci\u00f3n, para concluir sus dos d\u00edas en Irlanda, sirva a las familias para que puedan regresar a sus hogares y convertirse \u201cen fuente de \u00e1nimo para los dem\u00e1s, para compartir con ellos las palabras de vida eterna de Jes\u00fas\u201d. Tambi\u00e9n record\u00f3 que \u201ctoda la Iglesia en su conjunto debe salir para llevar las palabras de la vida eterna a las periferias del mundo\u201d.<o:p><\/o:p><\/span><\/p>\n<p class=\"MsoNormal\" style=\"margin-bottom:0cm;margin-bottom:.0001pt;text-align:\njustify;line-height:normal\"><o:p>\u00a0<\/o:p><\/p>\n<p><i style=\"text-align: justify;\">Tomado de: Vatican News. <span style=\"color:#373737;mso-bidi-font-weight:bold\">Ciudad del Vaticano. 26 de agosto de 2018.<\/span><\/i>\u00a0<\/p>\n<p><a href=\"http:\/\/web.hilo.org.pe\/wp-content\/uploads\/safe_image.jpg\" target=\"_blank\" rel=\"noopener\">Ver archivo adjunto<\/a><\/p>\n","protected":false},"excerpt":{"rendered":"<p>El papa Francisco insisti\u00f3 ayer domingo en la necesidad de que la Iglesia reconozca y remedie con \u201chonestidad\u201d y \u201cvalent\u00eda\u201d los errores del pasado respecto a los casos de abusos, durante su encuentro con los obispos de Irlanda.<\/p>\n","protected":false},"author":1,"featured_media":7855,"comment_status":"closed","ping_status":"closed","sticky":false,"template":"","format":"standard","meta":{"footnotes":""},"categories":[9],"tags":[],"class_list":["post-3136","post","type-post","status-publish","format-standard","has-post-thumbnail","hentry","category-noticias"],"_links":{"self":[{"href":"https:\/\/ceas.org.pe\/index.php\/wp-json\/wp\/v2\/posts\/3136","targetHints":{"allow":["GET"]}}],"collection":[{"href":"https:\/\/ceas.org.pe\/index.php\/wp-json\/wp\/v2\/posts"}],"about":[{"href":"https:\/\/ceas.org.pe\/index.php\/wp-json\/wp\/v2\/types\/post"}],"author":[{"embeddable":true,"href":"https:\/\/ceas.org.pe\/index.php\/wp-json\/wp\/v2\/users\/1"}],"replies":[{"embeddable":true,"href":"https:\/\/ceas.org.pe\/index.php\/wp-json\/wp\/v2\/comments?post=3136"}],"version-history":[{"count":1,"href":"https:\/\/ceas.org.pe\/index.php\/wp-json\/wp\/v2\/posts\/3136\/revisions"}],"predecessor-version":[{"id":6082,"href":"https:\/\/ceas.org.pe\/index.php\/wp-json\/wp\/v2\/posts\/3136\/revisions\/6082"}],"wp:featuredmedia":[{"embeddable":true,"href":"https:\/\/ceas.org.pe\/index.php\/wp-json\/wp\/v2\/media\/7855"}],"wp:attachment":[{"href":"https:\/\/ceas.org.pe\/index.php\/wp-json\/wp\/v2\/media?parent=3136"}],"wp:term":[{"taxonomy":"category","embeddable":true,"href":"https:\/\/ceas.org.pe\/index.php\/wp-json\/wp\/v2\/categories?post=3136"},{"taxonomy":"post_tag","embeddable":true,"href":"https:\/\/ceas.org.pe\/index.php\/wp-json\/wp\/v2\/tags?post=3136"}],"curies":[{"name":"wp","href":"https:\/\/api.w.org\/{rel}","templated":true}]}}