{"id":3135,"date":"2018-08-25T16:43:56","date_gmt":"2018-08-25T16:43:56","guid":{"rendered":""},"modified":"2026-03-11T09:11:56","modified_gmt":"2026-03-11T14:11:56","slug":"mons-miguel-cabrejos-participa-en-congreso-por-los-50-anos-de-medellin","status":"publish","type":"post","link":"https:\/\/ceas.org.pe\/index.php\/2018\/08\/25\/mons-miguel-cabrejos-participa-en-congreso-por-los-50-anos-de-medellin\/","title":{"rendered":"MONS. MIGUEL CABREJOS PARTICIPA EN CONGRESO POR LOS 50 A\u00d1OS DE MEDELL\u00cdN"},"content":{"rendered":"<p class=\"MsoNormal\" style=\"margin-bottom: 0.0001pt; text-align: justify; line-height: normal; background-image: initial; background-position: initial; background-size: initial; background-repeat: initial; background-attachment: initial; background-origin: initial; background-clip: initial;\"><span style=\"mso-ascii-font-family:\nCalibri;mso-fareast-font-family:\"Times New Roman\";mso-hansi-font-family:Calibri;\nmso-bidi-font-family:Calibri;color:#333333;mso-fareast-language:ES-PE\">El Presidente de la Conferencia Episcopal Peruana, Mons. Miguel Cabrejos, participa del Congreso eclesial \u00abMedell\u00edn 50 a\u00f1os\u00bb, por la celebraci\u00f3n del quincuag\u00e9simo aniversario de la Segunda Conferencia General del Episcopado Latinoamericano (1968), que se viene desarrollando entre el 23 y 26 de agosto en la ciudad de Medell\u00edn, Colombia.<o:p><\/o:p><\/span><\/p>\n<p class=\"MsoNormal\" style=\"margin-bottom: 0.0001pt; text-align: justify; line-height: normal; background-image: initial; background-position: initial; background-size: initial; background-repeat: initial; background-attachment: initial; background-origin: initial; background-clip: initial;\"><span style=\"mso-ascii-font-family:\nCalibri;mso-fareast-font-family:\"Times New Roman\";mso-hansi-font-family:Calibri;\nmso-bidi-font-family:Calibri;color:#333333;mso-fareast-language:ES-PE\">\u00a0<o:p><\/o:p><\/span><\/p>\n<p class=\"MsoNormal\" style=\"margin-bottom: 0.0001pt; text-align: justify; line-height: normal; background-image: initial; background-position: initial; background-size: initial; background-repeat: initial; background-attachment: initial; background-origin: initial; background-clip: initial;\"><span style=\"mso-ascii-font-family:\nCalibri;mso-fareast-font-family:\"Times New Roman\";mso-hansi-font-family:Calibri;\nmso-bidi-font-family:Calibri;color:#333333;mso-fareast-language:ES-PE\">En el contexto de las dificultades que actualmente viven algunos pueblos de Am\u00e9rica Latina, como es el caso\u00a0de\u00a0Venezuela y Nicaragua, la autoridad del Episcopado Peruano particip\u00f3 de este encuentro abordando el tema de la migraci\u00f3n, la situaci\u00f3n de los refugiados y la trata de personas, refiri\u00e9ndose concretamente al \u00e9xodo de venezolanos que arriban al Per\u00fa con la esperanza de encontrar mejores condiciones de vida para ellos y sus familias.<o:p><\/o:p><\/span><\/p>\n<p class=\"MsoNormal\" style=\"margin-bottom: 0.0001pt; text-align: justify; line-height: normal; background-image: initial; background-position: initial; background-size: initial; background-repeat: initial; background-attachment: initial; background-origin: initial; background-clip: initial;\"><span style=\"mso-ascii-font-family:\nCalibri;mso-fareast-font-family:\"Times New Roman\";mso-hansi-font-family:Calibri;\nmso-bidi-font-family:Calibri;color:#333333;mso-fareast-language:ES-PE\">\u00a0<o:p><\/o:p><\/span><\/p>\n<p class=\"MsoNormal\" style=\"margin-bottom: 0.0001pt; text-align: justify; line-height: normal; background-image: initial; background-position: initial; background-size: initial; background-repeat: initial; background-attachment: initial; background-origin: initial; background-clip: initial;\"><span style=\"mso-ascii-font-family:\nCalibri;mso-fareast-font-family:\"Times New Roman\";mso-hansi-font-family:Calibri;\nmso-bidi-font-family:Calibri;color:#333333;mso-fareast-language:ES-PE\">Durante su ponencia, Monse\u00f1or Cabrejos precis\u00f3 las acciones solidarias que viene realizando la Iglesia Cat\u00f3lica Peruana para apoyar a los hermanos venezolanos, a trav\u00e9s de las diversas congregaciones y parroquias. Entre ellas, mencion\u00f3: la colecta pro venezolanos (3 de junio), la creaci\u00f3n del Centro de Informaci\u00f3n y Orientaci\u00f3n al Migrante Venezolano en la sede de la Conferencia Episcopal Peruana (julio), la realizaci\u00f3n de la Campa\u00f1a Compartir 2018 (24 y 26 de agosto), y la apertura de la Casa del Migrante en Lima, en coordinaci\u00f3n con la Congregaci\u00f3n Scalabriniana.<o:p><\/o:p><\/span><\/p>\n<p class=\"MsoNormal\" style=\"margin-bottom: 0.0001pt; text-align: justify; line-height: normal; background-image: initial; background-position: initial; background-size: initial; background-repeat: initial; background-attachment: initial; background-origin: initial; background-clip: initial;\"><span style=\"mso-ascii-font-family:\nCalibri;mso-fareast-font-family:\"Times New Roman\";mso-hansi-font-family:Calibri;\nmso-bidi-font-family:Calibri;color:#333333;mso-fareast-language:ES-PE\">\u00a0<o:p><\/o:p><\/span><\/p>\n<p class=\"MsoNormal\" style=\"margin-bottom: 0.0001pt; text-align: justify; line-height: normal; background-image: initial; background-position: initial; background-size: initial; background-repeat: initial; background-attachment: initial; background-origin: initial; background-clip: initial;\"><span style=\"mso-ascii-font-family:\nCalibri;mso-fareast-font-family:\"Times New Roman\";mso-hansi-font-family:Calibri;\nmso-bidi-font-family:Calibri;color:#333333;mso-fareast-language:ES-PE\">Es importante se\u00f1alar que la Iglesia Cat\u00f3lica Peruana, conociendo la problem\u00e1tica que enfrentan los nacionales venezolanos en el Per\u00fa -los cuales, de acuerdo con cifras de la Superintendencia Nacional de Migraciones, sobrepasan las 400,000 mil personas (m\u00e1s de 200 mil deben regularizar su situaci\u00f3n migratoria)-, viene trabajando como una Iglesia Universal que acoge a todas las personas, ofreci\u00e9ndoles un acompa\u00f1amiento pastoral que es fundamental en estos momentos de dificultades.<o:p><\/o:p><\/span><\/p>\n<p class=\"MsoNormal\" style=\"margin-bottom: 0.0001pt; text-align: justify; line-height: normal; background-image: initial; background-position: initial; background-size: initial; background-repeat: initial; background-attachment: initial; background-origin: initial; background-clip: initial;\"><span style=\"mso-ascii-font-family:\nCalibri;mso-fareast-font-family:\"Times New Roman\";mso-hansi-font-family:Calibri;\nmso-bidi-font-family:Calibri;color:#333333;mso-fareast-language:ES-PE\">\u00a0<o:p><\/o:p><\/span><\/p>\n<p class=\"MsoNormal\" style=\"margin-bottom: 0.0001pt; text-align: justify; line-height: normal; background-image: initial; background-position: initial; background-size: initial; background-repeat: initial; background-attachment: initial; background-origin: initial; background-clip: initial;\"><span style=\"mso-ascii-font-family:\nCalibri;mso-fareast-font-family:\"Times New Roman\";mso-hansi-font-family:Calibri;\nmso-bidi-font-family:Calibri;color:#333333;mso-fareast-language:ES-PE\">Monse\u00f1or Cabrejos precis\u00f3, asimismo, que debemos poner en practicar la din\u00e1mica de la cultura del encuentro, que el Papa Francisco adopta para los migrantes, y que considera 4 acciones precisas: \u00abAcoger, proteger, promover e integrar a los emigrantes y refugiados\u00bb.<o:p><\/o:p><\/span><\/p>\n<p class=\"MsoNormal\" style=\"margin-bottom: 0.0001pt; text-align: justify; line-height: normal; background-image: initial; background-position: initial; background-size: initial; background-repeat: initial; background-attachment: initial; background-origin: initial; background-clip: initial;\"><span style=\"mso-ascii-font-family:\nCalibri;mso-fareast-font-family:\"Times New Roman\";mso-hansi-font-family:Calibri;\nmso-bidi-font-family:Calibri;color:#333333;mso-fareast-language:ES-PE\">\u00a0<o:p><\/o:p><\/span><\/p>\n<p class=\"MsoNormal\" style=\"margin-bottom: 0.0001pt; text-align: justify; line-height: normal; background-image: initial; background-position: initial; background-size: initial; background-repeat: initial; background-attachment: initial; background-origin: initial; background-clip: initial;\"><span style=\"mso-ascii-font-family:\nCalibri;mso-fareast-font-family:\"Times New Roman\";mso-hansi-font-family:Calibri;\nmso-bidi-font-family:Calibri;color:#333333;mso-fareast-language:ES-PE\">De otro lado, el Presidente del Episcopado Peruano refiri\u00f3 que en el Per\u00fa la trata de personas y el tr\u00e1fico de migrantes va en crecimiento, desde el norte a sur y de oeste a este, por rutas espec\u00edficas. Sostuvo que esta problem\u00e1tica afecta a miles de vidas, especialmente mujeres y ni\u00f1as, que son \u00abtraficadas\u00bb dentro y fuera pa\u00eds.<o:p><\/o:p><\/span><\/p>\n<p class=\"MsoNormal\" style=\"margin-bottom: 0.0001pt; text-align: justify; line-height: normal; background-image: initial; background-position: initial; background-size: initial; background-repeat: initial; background-attachment: initial; background-origin: initial; background-clip: initial;\"><span style=\"mso-ascii-font-family:\nCalibri;mso-fareast-font-family:\"Times New Roman\";mso-hansi-font-family:Calibri;\nmso-bidi-font-family:Calibri;color:#333333;mso-fareast-language:ES-PE\">\u00a0<o:p><\/o:p><\/span><\/p>\n<p class=\"MsoNormal\" style=\"margin-bottom: 0.0001pt; text-align: justify; line-height: normal; background-image: initial; background-position: initial; background-size: initial; background-repeat: initial; background-attachment: initial; background-origin: initial; background-clip: initial;\"><span style=\"mso-ascii-font-family:\nCalibri;mso-fareast-font-family:\"Times New Roman\";mso-hansi-font-family:Calibri;\nmso-bidi-font-family:Calibri;color:#333333;mso-fareast-language:ES-PE\">En ese sentido, inst\u00f3 a reforzar los lazos entre las iglesias de origen, tr\u00e1nsito y destino, y denunciar los atropellos que sufren las personas para que la sociedad civil y los gobiernos logren una pol\u00edtica migratoria que priorice sobre todo los derechos humanos de las personas en movilidad.<o:p><\/o:p><\/span><\/p>\n<p class=\"MsoNormal\" style=\"margin-bottom: 0.0001pt; text-align: justify; line-height: normal; background-image: initial; background-position: initial; background-size: initial; background-repeat: initial; background-attachment: initial; background-origin: initial; background-clip: initial;\"><span style=\"mso-ascii-font-family:\nCalibri;mso-fareast-font-family:\"Times New Roman\";mso-hansi-font-family:Calibri;\nmso-bidi-font-family:Calibri;color:#333333;mso-fareast-language:ES-PE\">\u00a0<o:p><\/o:p><\/span><\/p>\n<p class=\"MsoNormal\" style=\"margin-bottom: 0.0001pt; text-align: justify; line-height: normal; background-image: initial; background-position: initial; background-size: initial; background-repeat: initial; background-attachment: initial; background-origin: initial; background-clip: initial;\"><span style=\"mso-ascii-font-family:\nCalibri;mso-fareast-font-family:\"Times New Roman\";mso-hansi-font-family:Calibri;\nmso-bidi-font-family:Calibri;color:#333333;mso-fareast-language:ES-PE\">En este congreso, tambi\u00e9n participaron el Cardenal Pedro Barreto Jimeno, Arzobispo de Huancayo, y el Presidente de la Comisi\u00f3n Episcopal de Acci\u00f3n Social (CEAS), Monse\u00f1or Jorge Izaguirre Rafael, Obispo de Chuquibamba.<o:p><\/o:p><\/span><\/p>\n<p class=\"MsoNormal\" style=\"margin-bottom: 0.0001pt; text-align: justify; line-height: normal; background-image: initial; background-position: initial; background-size: initial; background-repeat: initial; background-attachment: initial; background-origin: initial; background-clip: initial;\"><span style=\"mso-ascii-font-family:\nCalibri;mso-fareast-font-family:\"Times New Roman\";mso-hansi-font-family:Calibri;\nmso-bidi-font-family:Calibri;color:#333333;mso-fareast-language:ES-PE\">\u00a0<o:p><\/o:p><\/span><\/p>\n<p><i style=\"text-align: justify;\"><span style=\"mso-ascii-font-family:Calibri;mso-fareast-font-family:\n\"Times New Roman\";mso-hansi-font-family:Calibri;mso-bidi-font-family:Calibri;\ncolor:#333333;mso-fareast-language:ES-PE\">\u00a0Conferencia Episcopal Peruana. 25 de agosto de 2018.<\/span><\/i>\u00a0<\/p>\n<p><a href=\"http:\/\/web.hilo.org.pe\/wp-content\/uploads\/Congreso Medell\u00edn monse\u00f1ores web.jpg\" target=\"_blank\" rel=\"noopener\">Ver archivo adjunto<\/a><\/p>\n","protected":false},"excerpt":{"rendered":"<p>Segunda Conferencia del Episcopado Latinoamericano, realizada en 1968, marc\u00f3 un hito en la historia de la Iglesia latinoamericana y signific\u00f3 una gran renovaci\u00f3n pastoral.<br \/>\nMons. Cabrejos expuso sobre la migraci\u00f3n, los refugiados y la trata de personas.<\/p>\n","protected":false},"author":1,"featured_media":7883,"comment_status":"closed","ping_status":"closed","sticky":false,"template":"","format":"standard","meta":{"footnotes":""},"categories":[9],"tags":[],"class_list":["post-3135","post","type-post","status-publish","format-standard","has-post-thumbnail","hentry","category-noticias"],"_links":{"self":[{"href":"https:\/\/ceas.org.pe\/index.php\/wp-json\/wp\/v2\/posts\/3135","targetHints":{"allow":["GET"]}}],"collection":[{"href":"https:\/\/ceas.org.pe\/index.php\/wp-json\/wp\/v2\/posts"}],"about":[{"href":"https:\/\/ceas.org.pe\/index.php\/wp-json\/wp\/v2\/types\/post"}],"author":[{"embeddable":true,"href":"https:\/\/ceas.org.pe\/index.php\/wp-json\/wp\/v2\/users\/1"}],"replies":[{"embeddable":true,"href":"https:\/\/ceas.org.pe\/index.php\/wp-json\/wp\/v2\/comments?post=3135"}],"version-history":[{"count":1,"href":"https:\/\/ceas.org.pe\/index.php\/wp-json\/wp\/v2\/posts\/3135\/revisions"}],"predecessor-version":[{"id":6083,"href":"https:\/\/ceas.org.pe\/index.php\/wp-json\/wp\/v2\/posts\/3135\/revisions\/6083"}],"wp:featuredmedia":[{"embeddable":true,"href":"https:\/\/ceas.org.pe\/index.php\/wp-json\/wp\/v2\/media\/7883"}],"wp:attachment":[{"href":"https:\/\/ceas.org.pe\/index.php\/wp-json\/wp\/v2\/media?parent=3135"}],"wp:term":[{"taxonomy":"category","embeddable":true,"href":"https:\/\/ceas.org.pe\/index.php\/wp-json\/wp\/v2\/categories?post=3135"},{"taxonomy":"post_tag","embeddable":true,"href":"https:\/\/ceas.org.pe\/index.php\/wp-json\/wp\/v2\/tags?post=3135"}],"curies":[{"name":"wp","href":"https:\/\/api.w.org\/{rel}","templated":true}]}}