{"id":3134,"date":"2018-08-23T17:59:22","date_gmt":"2018-08-23T17:59:22","guid":{"rendered":""},"modified":"2026-03-11T09:11:56","modified_gmt":"2026-03-11T14:11:56","slug":"campana-compartir-2018-colecta-publica-por-los-mas-necesitados-se-realizara-este-24-y-26-de-agosto","status":"publish","type":"post","link":"https:\/\/ceas.org.pe\/index.php\/2018\/08\/23\/campana-compartir-2018-colecta-publica-por-los-mas-necesitados-se-realizara-este-24-y-26-de-agosto\/","title":{"rendered":"CAMPA\u00d1A COMPARTIR 2018: COLECTA P\u00daBLICA POR LOS M\u00c1S NECESITADOS SE REALIZAR\u00c1 ESTE 24 Y 26 DE AGOSTO"},"content":{"rendered":"<p class=\"Default\" style=\"margin-right:14.15pt;text-align:justify\"><span style=\"font-size:11.0pt;mso-ascii-font-family:Calibri;mso-ascii-theme-font:\nminor-latin;mso-hansi-font-family:Calibri;mso-hansi-theme-font:minor-latin;\nmso-bidi-font-family:Calibri;mso-bidi-theme-font:minor-latin\">La Conferencia Episcopal Peruana (CEP) realizar\u00e1 este viernes 24 y domingo 26 de agosto la <b>\u201c<i>Campa\u00f1a de Solidaridad Compartir 2018: Juntos en el camino de la esperanza: Demos la mano\u201d<\/i><\/b>, con el objetivo de recaudar fondos para atender a las personas m\u00e1s necesitadas en nuestro pa\u00eds.<o:p><\/o:p><\/span><\/p>\n<p class=\"Default\" style=\"margin-right:14.15pt;text-align:justify\"><span style=\"font-size:11.0pt;mso-ascii-font-family:Calibri;mso-ascii-theme-font:\nminor-latin;mso-hansi-font-family:Calibri;mso-hansi-theme-font:minor-latin;\nmso-bidi-font-family:Calibri;mso-bidi-theme-font:minor-latin\">\u00a0<\/span><\/p>\n<p class=\"Default\" style=\"margin-right:14.15pt;text-align:justify\"><span style=\"font-size:11.0pt;mso-ascii-font-family:Calibri;mso-ascii-theme-font:\nminor-latin;mso-hansi-font-family:Calibri;mso-hansi-theme-font:minor-latin;\nmso-bidi-font-family:Calibri;mso-bidi-theme-font:minor-latin\">Este a\u00f1o, la campa\u00f1a Compartir <\/span><span style=\"font-size:11.0pt;mso-ascii-font-family:\nCalibri;mso-ascii-theme-font:minor-latin;mso-fareast-font-family:\"Times New Roman\";\nmso-hansi-font-family:Calibri;mso-hansi-theme-font:minor-latin;mso-bidi-font-family:\nCalibri;mso-bidi-theme-font:minor-latin;color:#222222\">destinar\u00e1 los fondos obtenidos a colaborar con aquellas personas que migran, por necesidad, de sus lugares de origen y viven una situaci\u00f3n de pobreza, como es el caso de nuestros hermanos venezolanos. Tambi\u00e9n se podr\u00e1 financiar la ejecuci\u00f3n de programas y proyectos de ayuda social en diferentes zonas del territorio nacional donde habitan poblaciones en situaci\u00f3n de vulnerabilidad. <o:p><\/o:p><\/span><\/p>\n<p class=\"Default\" style=\"margin-right:14.15pt;text-align:justify\"><span style=\"font-size:11.0pt;mso-ascii-font-family:Calibri;mso-ascii-theme-font:\nminor-latin;mso-fareast-font-family:\"Times New Roman\";mso-hansi-font-family:\nCalibri;mso-hansi-theme-font:minor-latin;mso-bidi-font-family:Calibri;\nmso-bidi-theme-font:minor-latin;color:#222222\">\u00a0<\/span><\/p>\n<p class=\"Default\" style=\"margin-right:14.15pt;text-align:justify\"><span style=\"font-size:11.0pt;mso-ascii-font-family:Calibri;mso-ascii-theme-font:\nminor-latin;mso-fareast-font-family:\"Times New Roman\";mso-hansi-font-family:\nCalibri;mso-hansi-theme-font:minor-latin;mso-bidi-font-family:Calibri;\nmso-bidi-theme-font:minor-latin;color:#222222\">La campa\u00f1a se realizar\u00e1 en dos momentos. El viernes 24 de agosto se llevar\u00e1 a cabo la colecta p\u00fablica en las principales calles y avenidas a nivel nacional. El domingo 26 de agosto se desarrollar\u00e1 la colecta en las parroquias de todo el pa\u00eds durante la celebraci\u00f3n de la Santa Misa. <o:p><\/o:p><\/span><\/p>\n<p class=\"Default\" style=\"margin-right:14.15pt;text-align:justify\"><span style=\"font-size:11.0pt;mso-ascii-font-family:Calibri;mso-ascii-theme-font:\nminor-latin;mso-fareast-font-family:\"Times New Roman\";mso-hansi-font-family:\nCalibri;mso-hansi-theme-font:minor-latin;mso-bidi-font-family:Calibri;\nmso-bidi-theme-font:minor-latin;color:#222222\">\u00a0<\/span><\/p>\n<p class=\"Default\" style=\"margin-right:14.15pt;text-align:justify\"><span style=\"font-size:11.0pt;mso-ascii-font-family:Calibri;mso-ascii-theme-font:\nminor-latin;mso-fareast-font-family:\"Times New Roman\";mso-hansi-font-family:\nCalibri;mso-hansi-theme-font:minor-latin;mso-bidi-font-family:Calibri;\nmso-bidi-theme-font:minor-latin;color:#222222\">Las personas voluntarias de la colecta de la Campa\u00f1a Compartir estar\u00e1n identificadas con un mandil, brazalete y una lata color azul con el logo de la Campa\u00f1a Compartir.<o:p><\/o:p><\/span><\/p>\n<p class=\"Default\" style=\"margin-right:14.15pt;text-align:justify\"><span style=\"font-size:11.0pt;mso-ascii-font-family:Calibri;mso-ascii-theme-font:\nminor-latin;mso-fareast-font-family:\"Times New Roman\";mso-hansi-font-family:\nCalibri;mso-hansi-theme-font:minor-latin;mso-bidi-font-family:Calibri;\nmso-bidi-theme-font:minor-latin;color:#222222\">\u00a0<\/span><\/p>\n<p class=\"Default\" style=\"margin-right:14.15pt;text-align:justify\"><b><span style=\"font-size:11.0pt;mso-ascii-font-family:\nCalibri;mso-ascii-theme-font:minor-latin;mso-fareast-font-family:\"Times New Roman\";\nmso-hansi-font-family:Calibri;mso-hansi-theme-font:minor-latin;mso-bidi-font-family:\nCalibri;mso-bidi-theme-font:minor-latin;color:#222222\">Aportes se reciben durante todo el a\u00f1o<o:p><\/o:p><\/span><\/b><\/p>\n<p class=\"MsoNormal\" style=\"margin-right:14.15pt;text-align:justify\"><span lang=\"ES\" style=\"font-family:\"Calibri\",sans-serif;mso-ascii-theme-font:minor-latin;\nmso-fareast-font-family:\"Times New Roman\";mso-hansi-theme-font:minor-latin;\nmso-bidi-theme-font:minor-latin;color:#222222\">La Conferencia Episcopal Peruana invita a todas las personas que deseen participar de esta campa\u00f1a de solidaridad, a hacerlo a trav\u00e9s de sus aportes econ\u00f3micos durante todo el a\u00f1o en las siguientes cuentas del Banco de Cr\u00e9dito del Per\u00fa (BCP): <o:p><\/o:p><\/span><\/p>\n<p class=\"MsoNormal\" style=\"margin-right:14.15pt;text-align:justify\"><span lang=\"ES\" style=\"font-family:\"Calibri\",sans-serif;mso-ascii-theme-font:minor-latin;\nmso-fareast-font-family:\"Times New Roman\";mso-hansi-theme-font:minor-latin;\nmso-bidi-theme-font:minor-latin;color:#222222\">\u00a0<\/span><\/p>\n<p class=\"MsoNormal\" style=\"margin-right:14.15pt;text-align:justify\"><span lang=\"ES\" style=\"font-family:\"Calibri\",sans-serif;mso-ascii-theme-font:minor-latin;\nmso-fareast-font-family:\"Times New Roman\";mso-hansi-theme-font:minor-latin;\nmso-bidi-theme-font:minor-latin;color:#222222\">Conferencia Episcopal Peruana \u2013 Campa\u00f1a Compartir<o:p><\/o:p><\/span><\/p>\n<p class=\"MsoNormal\" style=\"margin-right:14.15pt;text-align:justify\"><span lang=\"ES\" style=\"font-family:\"Calibri\",sans-serif;mso-ascii-theme-font:minor-latin;\nmso-fareast-font-family:\"Times New Roman\";mso-hansi-theme-font:minor-latin;\nmso-bidi-theme-font:minor-latin;color:#222222\">Cta. Cte. Soles N\u00b0 193-1819379-0-64 <o:p><\/o:p><\/span><\/p>\n<p class=\"MsoNormal\" style=\"margin-right:14.15pt;text-align:justify\"><span lang=\"ES\" style=\"font-family:\"Calibri\",sans-serif;mso-ascii-theme-font:minor-latin;\nmso-fareast-font-family:\"Times New Roman\";mso-hansi-theme-font:minor-latin;\nmso-bidi-theme-font:minor-latin;color:#222222\">Cta. Cte. D\u00f3lares N\u00b0 193-1814942-1-56.<o:p><\/o:p><\/span><\/p>\n<p class=\"MsoNormal\" style=\"margin-right:14.15pt;text-align:justify\"><span lang=\"ES\" style=\"font-family:\"Calibri\",sans-serif;mso-ascii-theme-font:minor-latin;\nmso-fareast-font-family:\"Times New Roman\";mso-hansi-theme-font:minor-latin;\nmso-bidi-theme-font:minor-latin;color:#222222\">\u00a0<\/span><\/p>\n<p class=\"MsoNoSpacing\" style=\"margin-right:14.15pt\"><b>Proyectos financiados con aportes a la Campa\u00f1a Compartir<o:p><\/o:p><\/b><\/p>\n<p class=\"MsoNoSpacing\" style=\"margin-right:14.15pt;text-align:justify\">Durante el a\u00f1o 2017, gracias a los aportes econ\u00f3micos reunidos en la Campa\u00f1a Compartir, se financiaron proyectos a nivel nacional. Aqu\u00ed mencionamos algunos de ellos: <o:p><\/o:p><\/p>\n<p class=\"MsoNoSpacing\" style=\"margin-right:14.15pt;text-align:justify\"><o:p>\u00a0<\/o:p><\/p>\n<p class=\"MsoListParagraph\" style=\"margin-top:0cm;margin-right:14.15pt;\nmargin-bottom:0cm;margin-left:36.0pt;margin-bottom:.0001pt;text-align:justify;\ntext-indent:0cm;mso-list:l0 level1 lfo1\"><!--[if !supportLists]--><span style=\"font-family:\"Calibri\",sans-serif;mso-ascii-theme-font:minor-latin;\nmso-fareast-font-family:Calibri;mso-fareast-theme-font:minor-latin;mso-hansi-theme-font:\nminor-latin;mso-bidi-theme-font:minor-latin;mso-ansi-language:ES-PE\">1.<span style=\"font-variant-numeric: normal; font-variant-east-asian: normal; font-stretch: normal; font-size: 7pt; line-height: normal; font-family: \"Times New Roman\";\">\u00a0\u00a0\u00a0\u00a0\u00a0\u00a0\u00a0\u00a0\u00a0\u00a0\u00a0\u00a0\u00a0\u00a0\u00a0\u00a0\u00a0 <\/span><\/span><!--[endif]--><span style=\"font-family:\"Calibri\",sans-serif;\nmso-ascii-theme-font:minor-latin;mso-hansi-theme-font:minor-latin;mso-bidi-theme-font:\nminor-latin;mso-ansi-language:ES-PE\">\u201cMejoramiento de la calidad de vida de los adultos mayores enfermos y en situaci\u00f3n de pobreza, mediante la implementaci\u00f3n de un comedor. Centro de asistencia Chacay\u00e1n\u201d, en (Jun\u00edn). <o:p><\/o:p><\/span><\/p>\n<p class=\"MsoNoSpacing\" style=\"margin-top:0cm;margin-right:14.15pt;margin-bottom:\n0cm;margin-left:14.2pt;margin-bottom:.0001pt;text-align:justify\"><o:p>\u00a0<\/o:p><\/p>\n<p class=\"MsoListParagraph\" style=\"margin-top:0cm;margin-right:14.15pt;\nmargin-bottom:0cm;margin-left:36.0pt;margin-bottom:.0001pt;text-align:justify;\ntext-indent:0cm;mso-list:l0 level1 lfo1\"><!--[if !supportLists]--><span style=\"font-family:\"Calibri\",sans-serif;mso-ascii-theme-font:minor-latin;\nmso-fareast-font-family:Calibri;mso-fareast-theme-font:minor-latin;mso-hansi-theme-font:\nminor-latin;mso-bidi-theme-font:minor-latin;mso-ansi-language:ES-PE\">2.<span style=\"font-variant-numeric: normal; font-variant-east-asian: normal; font-stretch: normal; font-size: 7pt; line-height: normal; font-family: \"Times New Roman\";\">\u00a0\u00a0\u00a0\u00a0\u00a0\u00a0\u00a0\u00a0\u00a0\u00a0\u00a0\u00a0\u00a0\u00a0\u00a0\u00a0\u00a0 <\/span><\/span><!--[endif]--><span style=\"font-family:\"Calibri\",sans-serif;\nmso-ascii-theme-font:minor-latin;mso-hansi-theme-font:minor-latin;mso-bidi-theme-font:\nminor-latin;mso-ansi-language:ES-PE\">\u201cExplotaci\u00f3n hort\u00edcola y crianza de animales menores, para mejorar la calidad de vida de los ancianos del Asilo que son atendidos por la Congregaci\u00f3n Religiosa Siervas de Santa Margarita Mar\u00eda y de los Pobres\u201d, en Chachapoyas.<o:p><\/o:p><\/span><\/p>\n<p class=\"MsoListParagraph\" style=\"margin-top:0cm;margin-right:14.15pt;\nmargin-bottom:0cm;margin-left:14.2pt;margin-bottom:.0001pt;text-align:justify\"><span style=\"font-family:\"Calibri\",sans-serif;mso-ascii-theme-font:minor-latin;\nmso-hansi-theme-font:minor-latin;mso-bidi-theme-font:minor-latin;mso-ansi-language:\nES-PE\">\u00a0<\/span><\/p>\n<p class=\"MsoListParagraph\" style=\"margin-top:0cm;margin-right:14.15pt;\nmargin-bottom:0cm;margin-left:36.0pt;margin-bottom:.0001pt;text-align:justify;\ntext-indent:0cm;mso-list:l0 level1 lfo1\"><!--[if !supportLists]--><span style=\"font-family:\"Calibri\",sans-serif;mso-ascii-theme-font:minor-latin;\nmso-fareast-font-family:Calibri;mso-fareast-theme-font:minor-latin;mso-hansi-theme-font:\nminor-latin;mso-bidi-theme-font:minor-latin;mso-ansi-language:ES-PE\">3.<span style=\"font-variant-numeric: normal; font-variant-east-asian: normal; font-stretch: normal; font-size: 7pt; line-height: normal; font-family: \"Times New Roman\";\">\u00a0\u00a0\u00a0\u00a0\u00a0\u00a0\u00a0\u00a0\u00a0\u00a0\u00a0\u00a0\u00a0\u00a0\u00a0\u00a0\u00a0 <\/span><\/span><!--[endif]--><span style=\"font-family:\"Calibri\",sans-serif;\nmso-ascii-theme-font:minor-latin;mso-hansi-theme-font:minor-latin;mso-bidi-theme-font:\nminor-latin;mso-ansi-language:ES-PE\">\u201cRemodelaci\u00f3n de infraestructura de la Casa Hogar Juan Pablo II\u201d, en Ayacucho.<o:p><\/o:p><\/span><\/p>\n<p class=\"MsoListParagraph\" style=\"margin-top:0cm;margin-right:14.15pt;\nmargin-bottom:0cm;margin-left:14.2pt;margin-bottom:.0001pt;text-align:justify\"><span style=\"font-family:\"Calibri\",sans-serif;mso-ascii-theme-font:minor-latin;\nmso-hansi-theme-font:minor-latin;mso-bidi-theme-font:minor-latin;mso-ansi-language:\nES-PE\">\u00a0<\/span><\/p>\n<p class=\"MsoListParagraph\" style=\"margin-top:0cm;margin-right:14.15pt;\nmargin-bottom:0cm;margin-left:36.0pt;margin-bottom:.0001pt;text-align:justify;\ntext-indent:0cm;mso-list:l0 level1 lfo1\"><!--[if !supportLists]--><span style=\"font-family:\"Calibri\",sans-serif;mso-ascii-theme-font:minor-latin;\nmso-fareast-font-family:Calibri;mso-fareast-theme-font:minor-latin;mso-hansi-theme-font:\nminor-latin;mso-bidi-theme-font:minor-latin;mso-ansi-language:ES-PE\">4.<span style=\"font-variant-numeric: normal; font-variant-east-asian: normal; font-stretch: normal; font-size: 7pt; line-height: normal; font-family: \"Times New Roman\";\">\u00a0\u00a0\u00a0\u00a0\u00a0\u00a0\u00a0\u00a0\u00a0\u00a0\u00a0\u00a0\u00a0\u00a0\u00a0\u00a0\u00a0 <\/span><\/span><!--[endif]--><span style=\"font-family:\"Calibri\",sans-serif;\nmso-ascii-theme-font:minor-latin;mso-hansi-theme-font:minor-latin;mso-bidi-theme-font:\nminor-latin;mso-ansi-language:ES-PE\">\u201cUna esperanza para las ni\u00f1as y ancianos abandonados en riesgo de las zonas perif\u00e9ricas y marginales de la provincia de Huaral\u201d, en Lima.<o:p><\/o:p><\/span><\/p>\n<p class=\"MsoListParagraph\" style=\"margin-top:0cm;margin-right:14.15pt;\nmargin-bottom:0cm;margin-left:14.2pt;margin-bottom:.0001pt;text-align:justify\"><span style=\"font-family:\"Calibri\",sans-serif;mso-ascii-theme-font:minor-latin;\nmso-hansi-theme-font:minor-latin;mso-bidi-theme-font:minor-latin;mso-ansi-language:\nES-PE\">\u00a0<\/span><\/p>\n<p class=\"MsoListParagraph\" style=\"margin-top:0cm;margin-right:14.15pt;\nmargin-bottom:0cm;margin-left:36.0pt;margin-bottom:.0001pt;text-align:justify;\ntext-indent:0cm;mso-list:l0 level1 lfo1\"><!--[if !supportLists]--><span style=\"font-family:\"Calibri\",sans-serif;mso-ascii-theme-font:minor-latin;\nmso-fareast-font-family:Calibri;mso-fareast-theme-font:minor-latin;mso-hansi-theme-font:\nminor-latin;mso-bidi-theme-font:minor-latin;mso-ansi-language:ES-PE\">5.<span style=\"font-variant-numeric: normal; font-variant-east-asian: normal; font-stretch: normal; font-size: 7pt; line-height: normal; font-family: \"Times New Roman\";\">\u00a0\u00a0\u00a0\u00a0\u00a0\u00a0\u00a0\u00a0\u00a0\u00a0\u00a0\u00a0\u00a0\u00a0\u00a0\u00a0\u00a0 <\/span><\/span><!--[endif]--><span style=\"font-family:\"Calibri\",sans-serif;\nmso-ascii-theme-font:minor-latin;mso-hansi-theme-font:minor-latin;mso-bidi-theme-font:\nminor-latin;mso-ansi-language:ES-PE\">\u201cAtenci\u00f3n a migrantes y capacitaci\u00f3n sobre la trata de personas en centros educativos de Lima y Callao\u201d, en Lima. <o:p><\/o:p><\/span><\/p>\n<p class=\"MsoListParagraph\" style=\"margin-left:36.0pt;text-align:justify\"><span style=\"font-family:\"Calibri\",sans-serif;mso-ascii-theme-font:minor-latin;\nmso-hansi-theme-font:minor-latin;mso-bidi-theme-font:minor-latin;mso-ansi-language:\nES-PE\">\u00a0<\/span><\/p>\n<p class=\"MsoListParagraph\" style=\"margin-left:36.0pt;text-align:justify\"><span style=\"font-family:\"Calibri\",sans-serif;mso-ascii-theme-font:minor-latin;\nmso-hansi-theme-font:minor-latin;mso-bidi-theme-font:minor-latin;mso-ansi-language:\nES-PE\">\u00a0<\/span><\/p>\n<p class=\"MsoNormal\" style=\"text-align:justify\"><span lang=\"ES\" style=\"font-family:\n\"Calibri\",sans-serif;mso-ascii-theme-font:minor-latin;mso-hansi-theme-font:\nminor-latin;mso-bidi-theme-font:minor-latin\">Oficina de Prensa<o:p><\/o:p><\/span><\/p>\n<p class=\"MsoNormal\" style=\"text-align:justify\"><span lang=\"ES\" style=\"font-family:\n\"Calibri\",sans-serif;mso-ascii-theme-font:minor-latin;mso-hansi-theme-font:\nminor-latin;mso-bidi-theme-font:minor-latin\">Conferencia Episcopal Peruana<o:p><\/o:p><\/span><\/p>\n<p class=\"MsoNormal\" style=\"text-align:justify\"><span lang=\"ES\" style=\"font-family:\n\"Calibri\",sans-serif;mso-ascii-theme-font:minor-latin;mso-hansi-theme-font:\nminor-latin;mso-bidi-theme-font:minor-latin\">4631010 anexo 247\/250<o:p><\/o:p><\/span><\/p>\n<p><span style=\"font-family: \"Segoe UI\", sans-serif; font-size: 12pt; text-align: justify;\">\u00a0<\/span>\u00a0<\/p>\n<p><a href=\"http:\/\/web.hilo.org.pe\/wp-content\/uploads\/AFICHE 2018 web.jpg\" target=\"_blank\" rel=\"noopener\">Ver archivo adjunto<\/a><\/p>\n","protected":false},"excerpt":{"rendered":"<p>Conferencia Episcopal Peruana invita a la poblaci\u00f3n a participar de esta jornada de solidaridad para asistir a las poblaciones m\u00e1s vulnerables.<br \/>\nLema de este a\u00f1o es: \u201cEra extranjero y me recibiste en tu casa\u201d (Mt.25-35).<\/p>\n","protected":false},"author":1,"featured_media":7905,"comment_status":"closed","ping_status":"closed","sticky":false,"template":"","format":"standard","meta":{"footnotes":""},"categories":[9],"tags":[],"class_list":["post-3134","post","type-post","status-publish","format-standard","has-post-thumbnail","hentry","category-noticias"],"_links":{"self":[{"href":"https:\/\/ceas.org.pe\/index.php\/wp-json\/wp\/v2\/posts\/3134","targetHints":{"allow":["GET"]}}],"collection":[{"href":"https:\/\/ceas.org.pe\/index.php\/wp-json\/wp\/v2\/posts"}],"about":[{"href":"https:\/\/ceas.org.pe\/index.php\/wp-json\/wp\/v2\/types\/post"}],"author":[{"embeddable":true,"href":"https:\/\/ceas.org.pe\/index.php\/wp-json\/wp\/v2\/users\/1"}],"replies":[{"embeddable":true,"href":"https:\/\/ceas.org.pe\/index.php\/wp-json\/wp\/v2\/comments?post=3134"}],"version-history":[{"count":1,"href":"https:\/\/ceas.org.pe\/index.php\/wp-json\/wp\/v2\/posts\/3134\/revisions"}],"predecessor-version":[{"id":6084,"href":"https:\/\/ceas.org.pe\/index.php\/wp-json\/wp\/v2\/posts\/3134\/revisions\/6084"}],"wp:featuredmedia":[{"embeddable":true,"href":"https:\/\/ceas.org.pe\/index.php\/wp-json\/wp\/v2\/media\/7905"}],"wp:attachment":[{"href":"https:\/\/ceas.org.pe\/index.php\/wp-json\/wp\/v2\/media?parent=3134"}],"wp:term":[{"taxonomy":"category","embeddable":true,"href":"https:\/\/ceas.org.pe\/index.php\/wp-json\/wp\/v2\/categories?post=3134"},{"taxonomy":"post_tag","embeddable":true,"href":"https:\/\/ceas.org.pe\/index.php\/wp-json\/wp\/v2\/tags?post=3134"}],"curies":[{"name":"wp","href":"https:\/\/api.w.org\/{rel}","templated":true}]}}