{"id":3133,"date":"2018-08-23T17:44:34","date_gmt":"2018-08-23T17:44:34","guid":{"rendered":""},"modified":"2026-03-11T09:11:56","modified_gmt":"2026-03-11T14:11:56","slug":"ceas-participa-en-el-congreso-eclesial-medellin-por-los-50-anos","status":"publish","type":"post","link":"https:\/\/ceas.org.pe\/index.php\/2018\/08\/23\/ceas-participa-en-el-congreso-eclesial-medellin-por-los-50-anos\/","title":{"rendered":"CEAS participa en el Congreso Eclesial Medell\u00edn por los 50 a\u00f1os"},"content":{"rendered":"<p class=\"MsoNormal\" style=\"text-align:justify\"><span style=\"color: rgb(29, 33, 41); background-image: initial; background-position: initial; background-size: initial; background-repeat: initial; background-attachment: initial; background-origin: initial; background-clip: initial;\">Del 23 al 26 de agosto de 2018 se estar\u00e1 desarrollando el Congreso Eclesial Medell\u00edn con ocasi\u00f3n de los 50 a\u00f1os, organizado por el CELAM. Nuestra delegaci\u00f3n est\u00e1 conformada por nuestro Presidente de CEAS, Monse\u00f1or Jorge Izaguirre Rafael, CSC, Obispo de Chuquibamba, por nuestro Secretario Ejecutivo el P. Enrique Gonzales Carbajal, por nuestra Secretaria Ejecutiva Adjunta, Silvia Alayo D\u00e1vila, as\u00ed como tambi\u00e9n por Laura Vargas Valc\u00e1rcel y Miryam Pareja Garc\u00eda.<o:p><\/o:p><\/span><\/p>\n<p class=\"MsoNormal\" style=\"text-align:justify\"><span style=\"color: rgb(29, 33, 41); background-image: initial; background-position: initial; background-size: initial; background-repeat: initial; background-attachment: initial; background-origin: initial; background-clip: initial;\">Dentro de las actividades programadas est\u00e1 la presentaci\u00f3n de un libro \u201cObispos de la Patria Grande. Pastores, Profetas y M\u00e1rtires\u201d cuya autora compiladora es Ana Mar\u00eda Victoria Larra\u00edn, este libro recoge sobre quienes fueron los protagonista de Medell\u00edn.<o:p><\/o:p><\/span><\/p>\n<p class=\"MsoNormal\" style=\"text-align:justify\"><span style=\"color: rgb(29, 33, 41); background-image: initial; background-position: initial; background-size: initial; background-repeat: initial; background-attachment: initial; background-origin: initial; background-clip: initial;\">La inauguraci\u00f3n del Congreso ser\u00e1 con una Misa a las 6:00 p.m. en la Catedral <\/span><span style=\"color: rgb(34, 34, 34); background-image: initial; background-position: initial; background-size: initial; background-repeat: initial; background-attachment: initial; background-origin: initial; background-clip: initial;\">Bas\u00edlica Metropolitana de la Inmaculada Concepci\u00f3n de Mar\u00eda.<o:p><\/o:p><\/span><\/p>\n<p class=\"MsoNormal\" style=\"text-align:justify\"><span style=\"color: rgb(34, 34, 34); background-image: initial; background-position: initial; background-size: initial; background-repeat: initial; background-attachment: initial; background-origin: initial; background-clip: initial;\">Recordemos que este Encuentro en Medell\u00edn dio a nuestro continente un impulso pastoral y misionero, Medell\u00edn motiv\u00f3 como Iglesia a encarnar el evangelio, nos llev\u00f3 a una pastoral de la cercan\u00eda, del involucramiento y la encarnaci\u00f3n del pueblo. Nos ense\u00f1\u00f3 a ver la realidad desde la mirada compasiva de Dios, a juzgarla desde el Evangelio y actuar al estilo de Jes\u00fas.<\/span><span style=\"color: rgb(29, 33, 41); background-image: initial; background-position: initial; background-size: initial; background-repeat: initial; background-attachment: initial; background-origin: initial; background-clip: initial;\"><o:p><\/o:p><\/span><\/p>\n<p><i><span style=\"color: rgb(29, 33, 41); background-image: initial; background-position: initial; background-size: initial; background-repeat: initial; background-attachment: initial; background-origin: initial; background-clip: initial;\">CEAS, 23 de agosto de 2018.<\/span><\/i>\u00a0<\/p>\n<p><a href=\"http:\/\/web.hilo.org.pe\/wp-content\/uploads\/NOTA CELAM web.jpg\" target=\"_blank\" rel=\"noopener\">Ver archivo adjunto<\/a><\/p>\n","protected":false},"excerpt":{"rendered":"<p>Del 23 al 26 de agosto de 2018 se estar\u00e1 desarrollando el Congreso Eclesial Medell\u00edn con ocasi\u00f3n de los 50 a\u00f1os, organizado por el CELAM.<\/p>\n","protected":false},"author":1,"featured_media":295,"comment_status":"closed","ping_status":"closed","sticky":false,"template":"","format":"standard","meta":{"footnotes":""},"categories":[9],"tags":[],"class_list":["post-3133","post","type-post","status-publish","format-standard","has-post-thumbnail","hentry","category-noticias"],"_links":{"self":[{"href":"https:\/\/ceas.org.pe\/index.php\/wp-json\/wp\/v2\/posts\/3133","targetHints":{"allow":["GET"]}}],"collection":[{"href":"https:\/\/ceas.org.pe\/index.php\/wp-json\/wp\/v2\/posts"}],"about":[{"href":"https:\/\/ceas.org.pe\/index.php\/wp-json\/wp\/v2\/types\/post"}],"author":[{"embeddable":true,"href":"https:\/\/ceas.org.pe\/index.php\/wp-json\/wp\/v2\/users\/1"}],"replies":[{"embeddable":true,"href":"https:\/\/ceas.org.pe\/index.php\/wp-json\/wp\/v2\/comments?post=3133"}],"version-history":[{"count":1,"href":"https:\/\/ceas.org.pe\/index.php\/wp-json\/wp\/v2\/posts\/3133\/revisions"}],"predecessor-version":[{"id":6085,"href":"https:\/\/ceas.org.pe\/index.php\/wp-json\/wp\/v2\/posts\/3133\/revisions\/6085"}],"wp:featuredmedia":[{"embeddable":true,"href":"https:\/\/ceas.org.pe\/index.php\/wp-json\/wp\/v2\/media\/295"}],"wp:attachment":[{"href":"https:\/\/ceas.org.pe\/index.php\/wp-json\/wp\/v2\/media?parent=3133"}],"wp:term":[{"taxonomy":"category","embeddable":true,"href":"https:\/\/ceas.org.pe\/index.php\/wp-json\/wp\/v2\/categories?post=3133"},{"taxonomy":"post_tag","embeddable":true,"href":"https:\/\/ceas.org.pe\/index.php\/wp-json\/wp\/v2\/tags?post=3133"}],"curies":[{"name":"wp","href":"https:\/\/api.w.org\/{rel}","templated":true}]}}