{"id":3132,"date":"2018-08-23T11:44:49","date_gmt":"2018-08-23T11:44:49","guid":{"rendered":""},"modified":"2026-03-11T09:11:57","modified_gmt":"2026-03-11T14:11:57","slug":"concluye-hoy-el-tercer-encuentro-de-la-iglesia-catolica-en-amazonia","status":"publish","type":"post","link":"https:\/\/ceas.org.pe\/index.php\/2018\/08\/23\/concluye-hoy-el-tercer-encuentro-de-la-iglesia-catolica-en-amazonia\/","title":{"rendered":"Concluye hoy el Tercer Encuentro de la Iglesia Cat\u00f3lica en Amazonia"},"content":{"rendered":"<p class=\"MsoNormal\" style=\"margin-bottom:0cm;margin-bottom:.0001pt;text-align:\njustify;line-height:normal\">El encuentro ha contado con el aporte de los miembros de Consejo Presinodal, junto con los peritos que contribuyeron en el documento preparatorio del S\u00ednodo<o:p><\/o:p><\/p>\n<p style=\"margin: 0cm 0cm 0.0001pt; text-align: justify; background-image: initial; background-position: initial; background-size: initial; background-repeat: initial; background-attachment: initial; background-origin: initial; background-clip: initial;\"><span style=\"font-size: 11pt; font-family: Calibri, sans-serif;\">\u00a0<\/span><\/p>\n<p style=\"margin: 0cm 0cm 0.0001pt; text-align: justify; background-image: initial; background-position: initial; background-size: initial; background-repeat: initial; background-attachment: initial; background-origin: initial; background-clip: initial;\"><span style=\"font-size: 11pt; font-family: Calibri, sans-serif;\">Cerca de cincuenta y cinco obispos se reunieron del 20 al 23 de agosto en Manaus, junto al cardenal Cl\u00e1udio Hummes, Presidente de la Red Eclesial Panamaz\u00f3nica (REPAM) y de la Comisi\u00f3n Episcopal para la Amazonia de la Conferencia Nacional de Obispos de Brasil (CNBB) para compartir experiencias, crear metas en conjunto a partir de la Amazonia brasile\u00f1a y profundizar cuestiones relacionadas al S\u00ednodo para la Amazonia.<o:p><\/o:p><\/span><\/p>\n<p style=\"margin: 0cm 0cm 0.0001pt; background-image: initial; background-position: initial; background-size: initial; background-repeat: initial; background-attachment: initial; background-origin: initial; background-clip: initial; box-sizing: border-box; -webkit-tap-highlight-color: rgba(0, 0, 0, 0);\"><span style=\"font-size: 11pt; font-family: Calibri, sans-serif;\">\u00a0<\/span><\/p>\n<p style=\"margin: 0cm 0cm 0.0001pt; text-align: justify; background-image: initial; background-position: initial; background-size: initial; background-repeat: initial; background-attachment: initial; background-origin: initial; background-clip: initial;\"><span style=\"font-size: 11pt; font-family: Calibri, sans-serif;\">Entre los temas abordados, el an\u00e1lisis y las reacciones al Documento Preparatorio del S\u00ednodo, as\u00ed como la metodolog\u00eda de la asamblea sinodal y las respuestas al cuestionario enviado a las circunscripciones eclesi\u00e1sticas de la Amazon\u00eda.<o:p><\/o:p><\/span><\/p>\n<p style=\"margin: 0cm 0cm 0.0001pt; background-image: initial; background-position: initial; background-size: initial; background-repeat: initial; background-attachment: initial; background-origin: initial; background-clip: initial; box-sizing: border-box; -webkit-tap-highlight-color: rgba(0, 0, 0, 0);\"><span style=\"font-size: 11pt; font-family: Calibri, sans-serif;\">\u00a0<\/span><\/p>\n<p style=\"margin: 0cm 0cm 0.0001pt; text-align: justify; background-image: initial; background-position: initial; background-size: initial; background-repeat: initial; background-attachment: initial; background-origin: initial; background-clip: initial;\"><span style=\"font-size: 11pt; font-family: Calibri, sans-serif;\">Importante en este encuentro el intercambio de las realidades y las experiencias de los obispos en vistas de una Iglesia con rostro Amaz\u00f3nico.<o:p><\/o:p><\/span><\/p>\n<p style=\"margin: 0cm 0cm 0.0001pt; background-image: initial; background-position: initial; background-size: initial; background-repeat: initial; background-attachment: initial; background-origin: initial; background-clip: initial; box-sizing: border-box; -webkit-tap-highlight-color: rgba(0, 0, 0, 0);\"><span style=\"font-size: 11pt; font-family: Calibri, sans-serif;\">\u00a0<\/span><\/p>\n<p style=\"margin: 0cm 0cm 0.0001pt; text-align: justify; background-image: initial; background-position: initial; background-size: initial; background-repeat: initial; background-attachment: initial; background-origin: initial; background-clip: initial;\"><span style=\"font-size: 11pt; font-family: Calibri, sans-serif;\">Al respecto nuestra\u00a0enviada especial, Cristiane Murray,\u00a0entrevist\u00f3 al Obispo de Alto Solimoes,\u00a0Monse\u00f1or Adolfo Zon, quien afirm\u00f3 que este s\u00ednodo est\u00e1 siendo \u201cun gran kair\u00f3s para la Iglesia de Amazonia\u201d.<o:p><\/o:p><\/span><\/p>\n<p style=\"margin: 0cm 0cm 0.0001pt; background-image: initial; background-position: initial; background-size: initial; background-repeat: initial; background-attachment: initial; background-origin: initial; background-clip: initial; box-sizing: border-box; -webkit-tap-highlight-color: rgba(0, 0, 0, 0);\"><span style=\"font-size: 11pt; font-family: Calibri, sans-serif;\">\u00a0<\/span><\/p>\n<p style=\"margin: 0cm 0cm 0.0001pt; text-align: justify; background-image: initial; background-position: initial; background-size: initial; background-repeat: initial; background-attachment: initial; background-origin: initial; background-clip: initial;\"><span style=\"font-size: 11pt; font-family: Calibri, sans-serif;\">Seg\u00fan el obispo, se trata de un \u201cpremio a la\u00a0preocupaci\u00f3n de c\u00f3mo evangelizar este territorio\u201d que los anteriores obispos de la Amazonia ten\u00edan desde antes de la creaci\u00f3n de la CNBB, cuyas acciones marcaron la acci\u00f3n pastoral en la Amazonia. Ellos \u201cenfrentando desaf\u00edos y elaborando respuestas\u201d, marcaron la acci\u00f3n pastoral de la Amazonia.<o:p><\/o:p><\/span><\/p>\n<p style=\"margin: 0cm 0cm 0.0001pt; background-image: initial; background-position: initial; background-size: initial; background-repeat: initial; background-attachment: initial; background-origin: initial; background-clip: initial; box-sizing: border-box; -webkit-tap-highlight-color: rgba(0, 0, 0, 0);\"><span style=\"font-size: 11pt; font-family: Calibri, sans-serif;\">\u00a0<\/span><\/p>\n<p style=\"margin: 0cm 0cm 0.0001pt; text-align: justify; background-image: initial; background-position: initial; background-size: initial; background-repeat: initial; background-attachment: initial; background-origin: initial; background-clip: initial;\"><span style=\"font-size: 11pt; font-family: Calibri, sans-serif;\">De ah\u00ed que este s\u00ednodo \u201ces una gran oportunidad para dar a conocer esta Iglesia y al mismo tiempo tambi\u00e9n los desaf\u00edos que toda la iglesia presente en todas partes del mundo tiene\u201d.<o:p><\/o:p><\/span><\/p>\n<p style=\"margin: 0cm 0cm 0.0001pt; background-image: initial; background-position: initial; background-size: initial; background-repeat: initial; background-attachment: initial; background-origin: initial; background-clip: initial; box-sizing: border-box; -webkit-tap-highlight-color: rgba(0, 0, 0, 0);\"><span style=\"font-size: 11pt; font-family: Calibri, sans-serif;\">Tambi\u00e9n para que\u00a0la Amazon\u00eda pueda ser \u201cm\u00e1s respetada, m\u00e1s conocida y sobre todo m\u00e1s aprovechada\u201d, porque, se\u00f1ala el prelado, \u201cadem\u00e1s de la biodiversidad y la socio diversidad, la Amazon\u00eda nos puede ayudar mucho tambi\u00e9n en la contemplaci\u00f3n\u201d.<o:p><\/o:p><\/span><\/p>\n<p style=\"margin: 0cm 0cm 0.0001pt; background-image: initial; background-position: initial; background-size: initial; background-repeat: initial; background-attachment: initial; background-origin: initial; background-clip: initial; box-sizing: border-box; -webkit-tap-highlight-color: rgba(0, 0, 0, 0);\"><span style=\"font-size: 11pt; font-family: Calibri, sans-serif;\">\u00a0<\/span><\/p>\n<p style=\"margin: 0cm 0cm 0.0001pt; text-align: justify; background-image: initial; background-position: initial; background-size: initial; background-repeat: initial; background-attachment: initial; background-origin: initial; background-clip: initial;\"><span style=\"font-size: 11pt; font-family: Calibri, sans-serif;\">En relaci\u00f3n a la contribuci\u00f3n dada por este Tercer Encuentro, el Obispo destaca el intercambio entre los obispos, que han tenido modo de profundizar sobre la tem\u00e1tica tambi\u00e9n con el documento preparatorio hecho p\u00fablico en el mes de junio.\u00a0Un documento que, dice Mons. Zon, marca \u201cel primer empuj\u00f3n de reflexi\u00f3n\u201d, y que conduce a la elaboraci\u00f3n del\u00a0<i style=\"box-sizing: border-box;\n-webkit-tap-highlight-color: rgba(0, 0, 0, 0)\">Instrumentun laboris<\/i>\u00a0que guiar\u00e1 los trabajos del S\u00ednodo en Roma en 2019 sobre los \u201cNuevos caminos para la Iglesia y para una ecolog\u00eda integral\u201d.<o:p><\/o:p><\/span><\/p>\n<p class=\"MsoNormal\" style=\"margin-bottom:0cm;margin-bottom:.0001pt;line-height:\nnormal\"><o:p>\u00a0<\/o:p><\/p>\n<p><i><span style=\"font-size: 11pt; font-family: Calibri, sans-serif;\">Tomado de: VATICAN NEWS. Por Griselda Mutual &#8211; Ciudad del Vaticano. 23 de agosto de 2018.<\/span><\/i>\u00a0<\/p>\n<p><a href=\"http:\/\/web.hilo.org.pe\/wp-content\/uploads\/cq5dam.thumbnail.cropped.750.422.jpeg\" target=\"_blank\" rel=\"noopener\">Ver archivo adjunto<\/a><\/p>\n","protected":false},"excerpt":{"rendered":"<p>El encuentro ha contado con el aporte de los miembros de Consejo Presinodal, junto con los peritos que contribuyeron en el documento preparatorio del S\u00ednodo.<\/p>\n","protected":false},"author":1,"featured_media":7862,"comment_status":"closed","ping_status":"closed","sticky":false,"template":"","format":"standard","meta":{"footnotes":""},"categories":[9],"tags":[],"class_list":["post-3132","post","type-post","status-publish","format-standard","has-post-thumbnail","hentry","category-noticias"],"_links":{"self":[{"href":"https:\/\/ceas.org.pe\/index.php\/wp-json\/wp\/v2\/posts\/3132","targetHints":{"allow":["GET"]}}],"collection":[{"href":"https:\/\/ceas.org.pe\/index.php\/wp-json\/wp\/v2\/posts"}],"about":[{"href":"https:\/\/ceas.org.pe\/index.php\/wp-json\/wp\/v2\/types\/post"}],"author":[{"embeddable":true,"href":"https:\/\/ceas.org.pe\/index.php\/wp-json\/wp\/v2\/users\/1"}],"replies":[{"embeddable":true,"href":"https:\/\/ceas.org.pe\/index.php\/wp-json\/wp\/v2\/comments?post=3132"}],"version-history":[{"count":1,"href":"https:\/\/ceas.org.pe\/index.php\/wp-json\/wp\/v2\/posts\/3132\/revisions"}],"predecessor-version":[{"id":6086,"href":"https:\/\/ceas.org.pe\/index.php\/wp-json\/wp\/v2\/posts\/3132\/revisions\/6086"}],"wp:featuredmedia":[{"embeddable":true,"href":"https:\/\/ceas.org.pe\/index.php\/wp-json\/wp\/v2\/media\/7862"}],"wp:attachment":[{"href":"https:\/\/ceas.org.pe\/index.php\/wp-json\/wp\/v2\/media?parent=3132"}],"wp:term":[{"taxonomy":"category","embeddable":true,"href":"https:\/\/ceas.org.pe\/index.php\/wp-json\/wp\/v2\/categories?post=3132"},{"taxonomy":"post_tag","embeddable":true,"href":"https:\/\/ceas.org.pe\/index.php\/wp-json\/wp\/v2\/tags?post=3132"}],"curies":[{"name":"wp","href":"https:\/\/api.w.org\/{rel}","templated":true}]}}