{"id":3131,"date":"2018-08-22T13:03:52","date_gmt":"2018-08-22T13:03:52","guid":{"rendered":""},"modified":"2026-03-11T09:11:57","modified_gmt":"2026-03-11T14:11:57","slug":"encuentro-de-la-iglesia-catolica-en-la-amazonia-legal-en-manaos","status":"publish","type":"post","link":"https:\/\/ceas.org.pe\/index.php\/2018\/08\/22\/encuentro-de-la-iglesia-catolica-en-la-amazonia-legal-en-manaos\/","title":{"rendered":"ENCUENTRO DE LA IGLESIA CAT\u00d3LICA EN LA AMAZONIA LEGAL, EN MANAOS"},"content":{"rendered":"<p class=\"MsoNormal\" style=\"margin-bottom:0cm;margin-bottom:.0001pt;text-align:\njustify;line-height:normal\"><span style=\"background-image: initial; background-position: initial; background-size: initial; background-repeat: initial; background-attachment: initial; background-origin: initial; background-clip: initial;\">En el proceso del\u00a0<\/span><b style=\"box-sizing: border-box;\">S\u00ednodo de la Amazonia<\/b>\u00a0es importante la presencia de los diferentes actores, tambi\u00e9n del episcopado. Desde esa perspectiva, este lunes, 20 de agosto, ha comenzado el\u00a0<b style=\"box-sizing: border-box;\">III Encuentro de la Iglesia Cat\u00f3lica en la Amazonia Legal<\/b>, que hasta el d\u00eda 23 re\u00fane en la Maromba de Manaos a 55 obispos de la regi\u00f3n amaz\u00f3nica brasile\u00f1a, representando a las 56 di\u00f3cesis y prelaturas existentes.<o:p><\/o:p><\/p>\n<p style=\"margin: 0cm 0cm 0.0001pt; text-align: justify; background-image: initial; background-position: initial; background-size: initial; background-repeat: initial; background-attachment: initial; background-origin: initial; background-clip: initial;\"><span style=\"font-size: 11pt; font-family: Calibri, sans-serif;\">\u00a0<\/span><\/p>\n<p style=\"margin: 0cm 0cm 0.0001pt; text-align: justify; background-image: initial; background-position: initial; background-size: initial; background-repeat: initial; background-attachment: initial; background-origin: initial; background-clip: initial;\"><span style=\"font-size: 11pt; font-family: Calibri, sans-serif;\">Los dos encuentros anteriores de la Iglesia en la Amazonia Legal, \u00abhicieron grandes cosas para nuestra marcha en conjunto\u00bb, como reconoc\u00eda en el discurso de abertura el\u00a0<b style=\"box-sizing: border-box\">Cardenal Claudio Hummes<\/b>, Presidente de la Comisi\u00f3n Episcopal para la Amazon\u00eda y la Red Eclesial Pan-Amaz\u00f3nica &#8211; REPAM. Desde esta perspectiva, invocaba al Esp\u00edritu \u00abpara que nos ilumine, nos gu\u00ede y genere en nosotros una alegr\u00eda evang\u00e9lica\u00bb, insistiendo en que\u00a0<b style=\"box-sizing: border-box\">\u00abes importante que realizamos este encuentro con valent\u00eda y pasi\u00f3n\u00bb<\/b>, recordando las palabras del Papa Pablo VI, \u00abCristo apunta para la Amazonia\u00bb.<o:p><\/o:p><\/span><\/p>\n<p style=\"margin: 0cm 0cm 0.0001pt; text-align: justify; background-image: initial; background-position: initial; background-size: initial; background-repeat: initial; background-attachment: initial; background-origin: initial; background-clip: initial; box-sizing: border-box;\"><span style=\"font-size: 11pt; font-family: Calibri, sans-serif;\">\u00a0<\/span><\/p>\n<p style=\"margin: 0cm 0cm 0.0001pt; text-align: justify; background-image: initial; background-position: initial; background-size: initial; background-repeat: initial; background-attachment: initial; background-origin: initial; background-clip: initial;\"><span style=\"font-size: 11pt; font-family: Calibri, sans-serif;\">En esta misma perspectiva, y dentro del proceso sinodal,\u00a0<b style=\"box-sizing: border-box\">Mons. Adolfo Zon<\/b>, obispo de Alto Solim\u00f5es, ve el encuentro como \u00abun primer momento donde vamos a encontrarnos y ver cu\u00e1les son los puntos m\u00e1s importantes, que a lo largo de estos d\u00edas de preparaci\u00f3n, y sobre todo en estos meses en que caminaremos hacia el instrumento de trabajo, pueden ayudar a detectar los puntos m\u00e1s importantes que merecen ser reflejados\u00bb.<o:p><\/o:p><\/span><\/p>\n<p style=\"margin: 0cm 0cm 0.0001pt; text-align: justify; background-image: initial; background-position: initial; background-size: initial; background-repeat: initial; background-attachment: initial; background-origin: initial; background-clip: initial; box-sizing: border-box;\"><b style=\"box-sizing: border-box\"><span style=\"font-size: 11pt; font-family: Calibri, sans-serif;\">\u00a0<\/span><\/b><\/p>\n<p style=\"margin: 0cm 0cm 0.0001pt; text-align: justify; background-image: initial; background-position: initial; background-size: initial; background-repeat: initial; background-attachment: initial; background-origin: initial; background-clip: initial;\"><b><span style=\"font-size: 11pt; font-family: Calibri, sans-serif;\">Mons. Edson Damian<\/span><\/b><span style=\"font-size: 11pt; font-family: Calibri, sans-serif;\">, obispo de San Gabriel de la Cachoeira, la di\u00f3cesis con mayor porcentaje poblaci\u00f3n ind\u00edgena de Brasil, tambi\u00e9n destacaba \u00abla importancia de este encuentro porque la mayor\u00eda de nuestras di\u00f3cesis a\u00fan no ha hecho un encuentro diocesano para recibir las propuestas que vendr\u00e1n de las comunidades, de las parroquias y tambi\u00e9n de las organizaciones e instituciones ind\u00edgenas\u00bb. Por eso, \u00ab<b style=\"box-sizing: border-box\">vamos juntos a profundizar las tesis principales<\/b>\u00a0y tambi\u00e9n las perspectivas que ese documento abre, para que despu\u00e9s en nuestras asambleas podamos incentivar a\u00fan m\u00e1s y hacer avanzar las propuestas que vendr\u00e1n de nuestras comunidades\u00bb, ha afirmado el prelado.<o:p><\/o:p><\/span><\/p>\n<p style=\"margin: 0cm 0cm 0.0001pt; text-align: justify; background-image: initial; background-position: initial; background-size: initial; background-repeat: initial; background-attachment: initial; background-origin: initial; background-clip: initial;\"><span style=\"font-size: 11pt; font-family: Calibri, sans-serif;\">\u00a0<\/span><\/p>\n<p style=\"margin: 0cm 0cm 0.0001pt; text-align: justify; background-image: initial; background-position: initial; background-size: initial; background-repeat: initial; background-attachment: initial; background-origin: initial; background-clip: initial;\"><span style=\"font-size: 11pt; font-family: Calibri, sans-serif;\">Lo m\u00e1s interesante de las palabras del obispo de San Gabriel de la Cachoeira est\u00e1 en el hecho de insistir en que \u00ab<b style=\"box-sizing: border-box\">los obispos tendremos que llevar para ese s\u00ednodo aquello que viene de la base<\/b>, lo que las comunidades van a presentar, principalmente donde est\u00e1n los pueblos ind\u00edgenas, los ribere\u00f1os, los pueblos tradicionales, pues ellos son los principales protagonistas de este S\u00ednodo, y nosotros queremos escucharlos con mucho respeto y con mucha sensibilidad pastoral\u00bb.<o:p><\/o:p><\/span><\/p>\n<p style=\"margin: 0cm 0cm 0.0001pt; text-align: justify; background-image: initial; background-position: initial; background-size: initial; background-repeat: initial; background-attachment: initial; background-origin: initial; background-clip: initial; box-sizing: border-box;\"><span style=\"font-size: 11pt; font-family: Calibri, sans-serif;\">\u00a0<\/span><\/p>\n<p style=\"margin: 0cm 0cm 0.0001pt; text-align: justify; background-image: initial; background-position: initial; background-size: initial; background-repeat: initial; background-attachment: initial; background-origin: initial; background-clip: initial;\"><span style=\"font-size: 11pt; font-family: Calibri, sans-serif;\">El Cardenal Hummes tambi\u00e9n ha insistido en \u00abcomo es importante o\u00edr los clamores de los pueblos de la Amazonia, en un ejercicio diario de estar juntos, en este momento hist\u00f3rico en que los pueblos de la Amazonia est\u00e1n m\u00e1s amenazados que nunca\u00bb, haci\u00e9ndose eco de las palabras del\u00a0<b style=\"box-sizing: border-box\">Papa Francisco<\/b>en el discurso a los pueblos ind\u00edgenas en\u00a0<b style=\"box-sizing: border-box\">Puerto Maldonado<\/b>. El Presidente de la REPAM, siguiendo las ideas del Papa, insiste en que \u00abla Amazonia es banco de pruebas para que la Iglesia acierte el camino. En un momento decisivo de la historia de la Amazon\u00eda la Iglesia est\u00e1 llamada a iluminar\u00bb.<o:p><\/o:p><\/span><\/p>\n<p style=\"margin: 0cm 0cm 0.0001pt; text-align: justify; background-image: initial; background-position: initial; background-size: initial; background-repeat: initial; background-attachment: initial; background-origin: initial; background-clip: initial; box-sizing: border-box;\"><span style=\"font-size: 11pt; font-family: Calibri, sans-serif;\">\u00a0<\/span><\/p>\n<p style=\"margin: 0cm 0cm 0.0001pt; text-align: justify; background-image: initial; background-position: initial; background-size: initial; background-repeat: initial; background-attachment: initial; background-origin: initial; background-clip: initial;\"><span style=\"font-size: 11pt; font-family: Calibri, sans-serif;\">Esto se hace posible con \u00ab<b style=\"box-sizing: border-box\">una Iglesia mucho m\u00e1s cercana<\/b>, incluso con las grandes distancias existentes, que el pueblo sienta el calor de la Iglesia, una Iglesia solidaria que defienda a los pueblos\u00bb, recordaba el Cardenal Hummes, pedido que los ind\u00edgenas hac\u00edan al Papa en Puerto Maldonado, \u00abuna Iglesia prof\u00e9tica que denuncia e indica caminos\u00bb.<o:p><\/o:p><\/span><\/p>\n<p class=\"MsoNormal\" style=\"margin-bottom:0cm;margin-bottom:.0001pt;text-align:\njustify;line-height:normal\"><o:p>\u00a0<\/o:p><\/p>\n<p style=\"margin: 0cm 0cm 0.0001pt; text-align: justify; background-image: initial; background-position: initial; background-size: initial; background-repeat: initial; background-attachment: initial; background-origin: initial; background-clip: initial;\"><span style=\"font-size: 11pt; font-family: Calibri, sans-serif;\">Este S\u00ednodo est\u00e1 \u00aben el contexto de la Evangelii Gaudium, de la Laudato Si, de la Misericordiae Vultus, de Aparecida y del Vaticano II\u00bb seg\u00fan Cl\u00e1udio Hummes, y\u00a0<b style=\"box-sizing: border-box\">\u00abquiere rescatar aspectos del Vaticano II que a\u00fan no se han desarrollado\u00bb<\/b>. Por eso, contin\u00faa el cardenal, usando palabras del Papa Francisco,\u00a0<b style=\"box-sizing: border-box\">\u00abla Iglesia no debe tener miedo de lo nuevo\u00bb<\/b>. En ese sentido, el Presidente de la REPAM afirma que \u00abel S\u00ednodo no fue convocado para repetir lo que la Iglesia ya dice, sino para avanzar\u00bb.<o:p><\/o:p><\/span><\/p>\n<p style=\"margin: 0cm 0cm 0.0001pt; text-align: justify; background-image: initial; background-position: initial; background-size: initial; background-repeat: initial; background-attachment: initial; background-origin: initial; background-clip: initial; box-sizing: border-box;\"><span style=\"font-size: 11pt; font-family: Calibri, sans-serif;\">\u00a0<\/span><\/p>\n<p style=\"margin: 0cm 0cm 0.0001pt; text-align: justify; background-image: initial; background-position: initial; background-size: initial; background-repeat: initial; background-attachment: initial; background-origin: initial; background-clip: initial;\"><span style=\"font-size: 11pt; font-family: Calibri, sans-serif;\">Frente a posibles actitudes que pueden llevar a pensar en algunas di\u00f3cesis que el S\u00ednodo no contempla sus prioridades, el Cardenal Hummes insist\u00eda en que \u00abel S\u00ednodo quiere que todas las pastorales y movimientos tengan un\u00a0<b style=\"box-sizing: border-box\">rostro amaz\u00f3nico<\/b>, que surja un clero aut\u00f3ctono e ind\u00edgena y que sea desarrollado un proceso de inculturaci\u00f3n, haciendo realidad una Iglesia ind\u00edgena y no s\u00f3lo indigenista\u00bb.<o:p><\/o:p><\/span><\/p>\n<p style=\"margin: 0cm 0cm 0.0001pt; text-align: justify; background-image: initial; background-position: initial; background-size: initial; background-repeat: initial; background-attachment: initial; background-origin: initial; background-clip: initial; box-sizing: border-box;\"><span style=\"font-size: 11pt; font-family: Calibri, sans-serif;\">\u00a0<\/span><\/p>\n<p style=\"margin: 0cm 0cm 0.0001pt; text-align: justify; background-image: initial; background-position: initial; background-size: initial; background-repeat: initial; background-attachment: initial; background-origin: initial; background-clip: initial;\"><span style=\"font-size: 11pt; font-family: Calibri, sans-serif;\">El S\u00ednodo de la Amazonia \u00abser\u00e1 hist\u00f3rico, somos nosotros quienes vamos a trazar los nuevos caminos de esta Iglesia\u00bb, afirma el Cardenal Hummes, y por eso\u00a0<b style=\"box-sizing: border-box\">\u00abno podemos tener miedo\u00bb<\/b>. Al hablar sobre los ministerios, el Presidente de la REPAM, en la b\u00fasqueda de caminos nuevos para que el pueblo tenga m\u00e1s, mejor y frecuente acceso a la Eucarist\u00eda, que es el centro de la vida cristiana, dec\u00eda que\u00a0<b style=\"box-sizing: border-box\">\u00abhay libertad de discusi\u00f3n sobre los ministerios\u00bb<\/b>, incluso sobre la posibilidad de\u00a0<b style=\"box-sizing: border-box\">ordenaci\u00f3n de hombres casados<\/b>, dada la extrema necesidad en la regi\u00f3n, pero insistiendo que \u00abese no es el \u00fanico tema del S\u00ednodo, no es el tema central\u00bb.<o:p><\/o:p><\/span><\/p>\n<p style=\"margin: 0cm 0cm 0.0001pt; text-align: justify; background-image: initial; background-position: initial; background-size: initial; background-repeat: initial; background-attachment: initial; background-origin: initial; background-clip: initial;\"><span style=\"font-size: 11pt; font-family: Calibri, sans-serif;\">\u00a0<\/span><\/p>\n<p style=\"margin: 0cm 0cm 0.0001pt; text-align: justify; background-image: initial; background-position: initial; background-size: initial; background-repeat: initial; background-attachment: initial; background-origin: initial; background-clip: initial; box-sizing: border-box;\"><span style=\"font-size: 11pt; font-family: Calibri, sans-serif;\">Por eso, el Cardenal Hummes invitaba a los obispos presentes a dejar que \u00abel Espirito Santo nos abra nuevos horizontes para que la Iglesia pueda servir mejor, record\u00e1ndonos a los misioneros y misioneras del pasado, cuyo ejemplo nos debe alentar\u00bb.<o:p><\/o:p><\/span><\/p>\n<p style=\"margin: 0cm 0cm 0.0001pt; text-align: justify; background-image: initial; background-position: initial; background-size: initial; background-repeat: initial; background-attachment: initial; background-origin: initial; background-clip: initial;\"><span style=\"font-size: 11pt; font-family: Calibri, sans-serif;\">\u00a0<\/span><\/p>\n<p style=\"margin: 0cm 0cm 0.0001pt; text-align: justify; background-image: initial; background-position: initial; background-size: initial; background-repeat: initial; background-attachment: initial; background-origin: initial; background-clip: initial;\"><b><span style=\"font-size: 11pt; font-family: Calibri, sans-serif;\">Mons. Mario Antonio da Silva<\/span><\/b><span style=\"font-size: 11pt; font-family: Calibri, sans-serif;\">, obispo de Roraima y Presidente del Regional Norte 1 de la CNBB &#8211; Conferencia Nacional de los Obispos de Brasil, dec\u00eda que el S\u00ednodo \u00abnos interpela a estar y caminar juntos, y este encuentro entre los obispos de la Amazonia aqu\u00ed en Brasil consolida un camino en conjunto para analizar nuestra realidad, ofreciendo propuestas y sugerencias con coraje para el S\u00ednodo\u00bb.<o:p><\/o:p><\/span><\/p>\n<p style=\"margin: 0cm 0cm 0.0001pt; text-align: justify; background-image: initial; background-position: initial; background-size: initial; background-repeat: initial; background-attachment: initial; background-origin: initial; background-clip: initial; box-sizing: border-box;\"><span style=\"font-size: 11pt; font-family: Calibri, sans-serif;\">\u00a0<\/span><\/p>\n<p style=\"margin: 0cm 0cm 0.0001pt; text-align: justify; background-image: initial; background-position: initial; background-size: initial; background-repeat: initial; background-attachment: initial; background-origin: initial; background-clip: initial;\"><span style=\"font-size: 11pt; font-family: Calibri, sans-serif;\">Dada la realidad de los\u00a0<b style=\"box-sizing: border-box\">inmigrantes y refugiados venezolanos<\/b>, situaci\u00f3n que en Roraima ha generado diversos conflictos, Mons. Mario Antonio mostraba su indignaci\u00f3n, especialmente con lo que est\u00e1 pasando en la ciudad fronteriza de Pacaraima, pregunt\u00e1ndose \u00ab\u00bfc\u00f3mo ofrecer un futuro sereno y un presente m\u00e1s digno para los j\u00f3venes inmigrantes y refugiados?\u00bb. Junto con eso, el obispo de Roraima insist\u00eda en que \u00abel mundo espera de la Amazonia una\u00a0<b style=\"box-sizing: border-box\">propuesta seria de ecolog\u00eda integral<\/b>, de especificar lo que es, algo que prioriza a las personas y comunidades\u00bb.<o:p><\/o:p><\/span><\/p>\n<p style=\"margin: 0cm 0cm 0.0001pt; text-align: justify; background-image: initial; background-position: initial; background-size: initial; background-repeat: initial; background-attachment: initial; background-origin: initial; background-clip: initial; box-sizing: border-box;\"><span style=\"font-size: 11pt; font-family: Calibri, sans-serif;\">\u00a0<\/span><\/p>\n<p style=\"margin: 0cm 0cm 0.0001pt; text-align: justify; background-image: initial; background-position: initial; background-size: initial; background-repeat: initial; background-attachment: initial; background-origin: initial; background-clip: initial;\"><span style=\"font-size: 11pt; font-family: Calibri, sans-serif;\">Finalmente el anfitri\u00f3n del encuentro,\u00a0<b style=\"box-sizing: border-box\">Mons. Sergio Castriani<\/b>, comenzaba sus palabras diciendo que \u00abesta semana para la Iglesia de Manaus ser\u00e1 un tiempo de gracia&#8230;, los pastores de la Amazonia vamos una vez m\u00e1s a poner en com\u00fan la alegr\u00eda del Evangelio vivido en esta parte de Brasil. Una alegr\u00eda serena que no esconde los grandes desaf\u00edos que enfrentamos en esta tarea que va m\u00e1s all\u00e1 de nuestras fuerzas\u00bb.<o:p><\/o:p><\/span><\/p>\n<p style=\"margin: 0cm 0cm 0.0001pt; text-align: justify; background-image: initial; background-position: initial; background-size: initial; background-repeat: initial; background-attachment: initial; background-origin: initial; background-clip: initial;\"><span style=\"font-size: 11pt; font-family: Calibri, sans-serif;\">\u00a0<\/span><\/p>\n<p style=\"margin: 0cm 0cm 0.0001pt; text-align: justify; background-image: initial; background-position: initial; background-size: initial; background-repeat: initial; background-attachment: initial; background-origin: initial; background-clip: initial; box-sizing: border-box;\"><span style=\"font-size: 11pt; font-family: Calibri, sans-serif;\">La importancia del encuentro est\u00e1, seg\u00fan el Arzobispo de Manaos, en que \u00abse realiza en las v\u00edsperas de dos s\u00ednodos cuya tem\u00e1tica nos toca de manera especial.\u00a0<b style=\"box-sizing: border-box\">Juventud y Amazonia son realidades que se complementan<\/b>\u00ab. En la Amazonia la poblaci\u00f3n es todav\u00eda joven, y \u00abla juventud es la primera v\u00edctima de la depredaci\u00f3n de la naturaleza que transforma nuestras periferias en lugares de usuarios y traficantes que matan sin dolor ni piedad\u00bb, seg\u00fan Mons. Sergio Castriani, que afirma que \u00abs\u00f3lo habr\u00e1 futuro para la Amazonia si conquistamos los corazones de los j\u00f3venes para sus grandes causas\u00bb.<o:p><\/o:p><\/span><\/p>\n<p style=\"margin: 0cm 0cm 0.0001pt; text-align: justify; background-image: initial; background-position: initial; background-size: initial; background-repeat: initial; background-attachment: initial; background-origin: initial; background-clip: initial; box-sizing: border-box;\"><span style=\"font-size: 11pt; font-family: Calibri, sans-serif;\">\u00a0<\/span><\/p>\n<p style=\"margin: 0cm 0cm 0.0001pt; text-align: justify; background-image: initial; background-position: initial; background-size: initial; background-repeat: initial; background-attachment: initial; background-origin: initial; background-clip: initial;\"><span style=\"font-size: 11pt; font-family: Calibri, sans-serif;\">El Arzobispo de Manaos insist\u00eda en que ya existe una Iglesia con rostro amaz\u00f3nico, que se manifiesta en las comunidades desde el encuentro de Santar\u00e9m, en 1972, y que, a pesar de los avances conquistados, \u00ablas necesidades todav\u00eda son grandes y nuestras caracter\u00edsticas regionales exigen soluciones diferenciadas\u00bb.<o:p><\/o:p><\/span><\/p>\n<p class=\"MsoNormal\" style=\"margin-bottom:0cm;margin-bottom:.0001pt;text-align:\njustify;line-height:normal\"><o:p>\u00a0<\/o:p><\/p>\n<p class=\"MsoNormal\" style=\"margin-bottom: 0.0001pt; line-height: normal; background-image: initial; background-position: initial; background-size: initial; background-repeat: initial; background-attachment: initial; background-origin: initial; background-clip: initial;\"><i><span style=\"font-size: 10pt;\">Tomado de: RELIGION DIGITAL<\/span>. Por: Luis Miguel Modino. 21 de agosto de 2018.<o:p><\/o:p><\/i><\/p>\n<p><span style=\"text-align: justify;\">\u00a0<\/span>\u00a0<\/p>\n<p><a href=\"http:\/\/web.hilo.org.pe\/wp-content\/uploads\/claudiohummes_560x280.jpg\" target=\"_blank\" rel=\"noopener\">Ver archivo adjunto<\/a><\/p>\n","protected":false},"excerpt":{"rendered":"<p>\u00abEl S\u00ednodo de la Amazonia no fue convocado para repetir lo que la Iglesia ya dice, sino para avanzar\u00bb.<br \/>\n\u00abSer\u00e1 hist\u00f3rico, somos nosotros quienes vamos a trazar los nuevos caminos de esta Iglesia\u00bb.<br \/>\nCardenal Claudio Hummes<\/p>\n","protected":false},"author":1,"featured_media":7862,"comment_status":"closed","ping_status":"closed","sticky":false,"template":"","format":"standard","meta":{"footnotes":""},"categories":[9],"tags":[],"class_list":["post-3131","post","type-post","status-publish","format-standard","has-post-thumbnail","hentry","category-noticias"],"_links":{"self":[{"href":"https:\/\/ceas.org.pe\/index.php\/wp-json\/wp\/v2\/posts\/3131","targetHints":{"allow":["GET"]}}],"collection":[{"href":"https:\/\/ceas.org.pe\/index.php\/wp-json\/wp\/v2\/posts"}],"about":[{"href":"https:\/\/ceas.org.pe\/index.php\/wp-json\/wp\/v2\/types\/post"}],"author":[{"embeddable":true,"href":"https:\/\/ceas.org.pe\/index.php\/wp-json\/wp\/v2\/users\/1"}],"replies":[{"embeddable":true,"href":"https:\/\/ceas.org.pe\/index.php\/wp-json\/wp\/v2\/comments?post=3131"}],"version-history":[{"count":1,"href":"https:\/\/ceas.org.pe\/index.php\/wp-json\/wp\/v2\/posts\/3131\/revisions"}],"predecessor-version":[{"id":6087,"href":"https:\/\/ceas.org.pe\/index.php\/wp-json\/wp\/v2\/posts\/3131\/revisions\/6087"}],"wp:featuredmedia":[{"embeddable":true,"href":"https:\/\/ceas.org.pe\/index.php\/wp-json\/wp\/v2\/media\/7862"}],"wp:attachment":[{"href":"https:\/\/ceas.org.pe\/index.php\/wp-json\/wp\/v2\/media?parent=3131"}],"wp:term":[{"taxonomy":"category","embeddable":true,"href":"https:\/\/ceas.org.pe\/index.php\/wp-json\/wp\/v2\/categories?post=3131"},{"taxonomy":"post_tag","embeddable":true,"href":"https:\/\/ceas.org.pe\/index.php\/wp-json\/wp\/v2\/tags?post=3131"}],"curies":[{"name":"wp","href":"https:\/\/api.w.org\/{rel}","templated":true}]}}