{"id":3130,"date":"2018-08-22T12:03:28","date_gmt":"2018-08-22T12:03:28","guid":{"rendered":""},"modified":"2026-03-11T09:11:57","modified_gmt":"2026-03-11T14:11:57","slug":"el-papa-francisco-a-legisladores-catolicos-contribuir-a-la-libertad-religiosa","status":"publish","type":"post","link":"https:\/\/ceas.org.pe\/index.php\/2018\/08\/22\/el-papa-francisco-a-legisladores-catolicos-contribuir-a-la-libertad-religiosa\/","title":{"rendered":"El Papa Francisco a legisladores cat\u00f3licos: contribuir a la libertad religiosa"},"content":{"rendered":"<p class=\"MsoNormal\" style=\"margin-bottom:0cm;margin-bottom:.0001pt;text-align:\njustify;line-height:normal\"><i>En la ma\u00f1ana del 22 de agosto el Santo Padre recibi\u00f3 a cerca de 150 participantes en el Encuentro Internacional para Legisladores Cat\u00f3licos en el aula contigua al Aula Pablo VI<o:p><\/o:p><\/i><\/p>\n<p class=\"MsoNormal\" style=\"margin-bottom:0cm;margin-bottom:.0001pt;text-align:\njustify;line-height:normal\"><i>\u00a0<\/i><\/p>\n<p class=\"MsoNormal\" style=\"margin-bottom:0cm;margin-bottom:.0001pt;text-align:\njustify;line-height:normal\">\u201cHoy la libertad religiosa y de conciencia debe hacer las cuentas con dos ideolog\u00edas opuestas pero igualmente peligrosas: el relativismo secularista y el radicalismo religioso\u00a0en realidad pseudo-religioso\u201d. Lo dijo el Papa Francisco al recibir en la ma\u00f1ana del 22 de agosto, antes de la Audiencia General, a los participantes en el Encuentro Internacional para Legisladores Cat\u00f3licos. El encuentro, organizado por el International Catholic Legislators Network, est\u00e1 centrado en el tema de la libertad religiosa y de conciencia.<o:p><\/o:p><\/p>\n<p class=\"MsoNormal\" style=\"margin-bottom:0cm;margin-bottom:.0001pt;text-align:\njustify;line-height:normal\"><o:p>\u00a0<\/o:p><\/p>\n<p class=\"MsoNormal\" style=\"margin-bottom:0cm;margin-bottom:.0001pt;text-align:\njustify;line-height:normal\">En su discurso el Santo Padre destac\u00f3 la importancia del tema en el centro de la reflexi\u00f3n de los participantes, que se\u00f1al\u00f3 como \u201cfundamental y actual\u201d.<o:p><\/o:p><\/p>\n<p class=\"MsoNormal\" style=\"margin-bottom:0cm;margin-bottom:.0001pt;text-align:\njustify;line-height:normal\"><o:p>\u00a0<\/o:p><\/p>\n<p class=\"MsoNormal\" style=\"margin-bottom:0cm;margin-bottom:.0001pt;text-align:\njustify;line-height:normal;mso-outline-level:2\"><b>Discriminaci\u00f3n y persecuci\u00f3n contra los cristianos y minor\u00edas<\/b><o:p><\/o:p><\/p>\n<p class=\"MsoNormal\" style=\"margin-bottom:0cm;margin-bottom:.0001pt;text-align:\njustify;line-height:normal\">Tras hacer presente que el Concilio Vaticano II dedic\u00f3 a este tema uno de sus documentos m\u00e1s importantes, a saber, la Declaraci\u00f3n \u201cDignitates humanae\u201d, record\u00f3 que entonces los Padres conciliares estaban preocupados principalmente por los reg\u00edmenes, una situaci\u00f3n que a\u00fan perdura en algunos pa\u00edses.<o:p><\/o:p><\/p>\n<p class=\"MsoNormal\" style=\"margin-bottom:0cm;margin-bottom:.0001pt;text-align:\njustify;line-height:normal\"><o:p>\u00a0<\/o:p><\/p>\n<p class=\"MsoNormal\" style=\"margin-bottom:0cm;margin-bottom:.0001pt;text-align:\njustify;line-height:normal\">Tambi\u00e9n evidenci\u00f3 la situaci\u00f3n de los cristianos y de otras minor\u00edas religiosas, en regiones atravesadas por el fundamentalismo, en donde el agudizarse de posiciones intolerantes, agresivas y violentas, ha provocado \u2013dijo-, y provoca discriminaciones, hostigamiento y persecuciones, que no siempre son perseguidas debidamente por la autoridad constituida.<o:p><\/o:p><\/p>\n<p class=\"MsoNormal\" style=\"margin-bottom:0cm;margin-bottom:.0001pt;text-align:\njustify;line-height:normal;mso-outline-level:2\"><b>\u00a0<\/b><\/p>\n<p class=\"MsoNormal\" style=\"margin-bottom:0cm;margin-bottom:.0001pt;text-align:\njustify;line-height:normal;mso-outline-level:2\"><b>Proponer proyectos de ley coherentes con la visi\u00f3n cristiana<\/b><o:p><\/o:p><\/p>\n<p class=\"MsoNormal\" style=\"margin-bottom:0cm;margin-bottom:.0001pt;text-align:\njustify;line-height:normal\">A prop\u00f3sito del relativismo secularista y del radicalismo religioso el Pont\u00edfice indic\u00f3 el peligro de combatir extremismo e intolerancia con igual extremismo e intolerancia, y record\u00f3 que como cristianos la vocaci\u00f3n y misi\u00f3n es ser sal, luz y levadura en la determinada condici\u00f3n hist\u00f3rica en la que nos encontramos.<o:p><\/o:p><\/p>\n<p class=\"MsoNormal\" style=\"margin-bottom:0cm;margin-bottom:.0001pt;text-align:\njustify;line-height:normal\"><o:p>\u00a0<\/o:p><\/p>\n<p class=\"MsoNormal\" style=\"margin-bottom:0cm;margin-bottom:.0001pt;text-align:\njustify;line-height:normal\">\u201cEn particular, -les dijo- quienes de ustedes han tomado el camino del compromiso pol\u00edtico como una forma de servicio al bien com\u00fan, pueden y deben contribuir tambi\u00e9n a la cuesti\u00f3n crucial de la libertad religiosa\u201d. El Santo Padre advirti\u00f3, en este punto, que es normal que por este motivo encuentren formas de obstruccionismo, pero lejos de sentirse o mostrarse como h\u00e9roe o v\u00edctima, el pol\u00edtico cristiano est\u00e1 llamado a buscar con humildad y valent\u00eda ser testigos, y a proponer con competencia proyectos de ley coherentes con la visi\u00f3n cristiana del hombre y de la sociedad.<o:p><\/o:p><\/p>\n<p class=\"MsoNormal\" style=\"margin-bottom:0cm;margin-bottom:.0001pt;text-align:\njustify;line-height:normal\"><o:p>\u00a0<\/o:p><\/p>\n<p class=\"MsoNormal\" style=\"margin-bottom:0cm;margin-bottom:.0001pt;text-align:\njustify;line-height:normal\">En la conclusi\u00f3n, luego de dispensar palabras de \u00e1nimo a los participantes, por intercesi\u00f3n del Beato Pablo VI invoc\u00f3 sobre ellos la bendici\u00f3n del Se\u00f1or.<o:p><\/o:p><\/p>\n<p class=\"MsoNormal\" style=\"margin-bottom:0cm;margin-bottom:.0001pt;text-align:\njustify;line-height:normal\"><o:p>\u00a0<\/o:p><\/p>\n<p class=\"MsoNormal\" style=\"margin-bottom:0cm;margin-bottom:.0001pt;text-align:\njustify;line-height:normal\"><i><span style=\"font-size: 10pt;\">Tomado de: VATICAN NEWS. Por Griselda Mutual. Ciudad del Vaticano. 22 de agosto de 2018.<\/span><\/i><i><span style=\"font-size: 10pt;\"><o:p><\/o:p><\/span><\/i><\/p>\n<p><span style=\"text-align: justify;\">\u00a0<\/span>\u00a0<\/p>\n<p><a href=\"http:\/\/web.hilo.org.pe\/wp-content\/uploads\/LEGISLADORES.jpeg\" target=\"_blank\" rel=\"noopener\">Ver archivo adjunto<\/a><\/p>\n","protected":false},"excerpt":{"rendered":"<p>En la ma\u00f1ana del 22 de agosto el Santo Padre recibi\u00f3 a cerca de 150 participantes en el Encuentro Internacional para Legisladores Cat\u00f3licos en el aula contigua al Aula Pablo VI.<\/p>\n","protected":false},"author":1,"featured_media":7855,"comment_status":"closed","ping_status":"closed","sticky":false,"template":"","format":"standard","meta":{"footnotes":""},"categories":[9],"tags":[],"class_list":["post-3130","post","type-post","status-publish","format-standard","has-post-thumbnail","hentry","category-noticias"],"_links":{"self":[{"href":"https:\/\/ceas.org.pe\/index.php\/wp-json\/wp\/v2\/posts\/3130","targetHints":{"allow":["GET"]}}],"collection":[{"href":"https:\/\/ceas.org.pe\/index.php\/wp-json\/wp\/v2\/posts"}],"about":[{"href":"https:\/\/ceas.org.pe\/index.php\/wp-json\/wp\/v2\/types\/post"}],"author":[{"embeddable":true,"href":"https:\/\/ceas.org.pe\/index.php\/wp-json\/wp\/v2\/users\/1"}],"replies":[{"embeddable":true,"href":"https:\/\/ceas.org.pe\/index.php\/wp-json\/wp\/v2\/comments?post=3130"}],"version-history":[{"count":1,"href":"https:\/\/ceas.org.pe\/index.php\/wp-json\/wp\/v2\/posts\/3130\/revisions"}],"predecessor-version":[{"id":6088,"href":"https:\/\/ceas.org.pe\/index.php\/wp-json\/wp\/v2\/posts\/3130\/revisions\/6088"}],"wp:featuredmedia":[{"embeddable":true,"href":"https:\/\/ceas.org.pe\/index.php\/wp-json\/wp\/v2\/media\/7855"}],"wp:attachment":[{"href":"https:\/\/ceas.org.pe\/index.php\/wp-json\/wp\/v2\/media?parent=3130"}],"wp:term":[{"taxonomy":"category","embeddable":true,"href":"https:\/\/ceas.org.pe\/index.php\/wp-json\/wp\/v2\/categories?post=3130"},{"taxonomy":"post_tag","embeddable":true,"href":"https:\/\/ceas.org.pe\/index.php\/wp-json\/wp\/v2\/tags?post=3130"}],"curies":[{"name":"wp","href":"https:\/\/api.w.org\/{rel}","templated":true}]}}