{"id":3128,"date":"2018-08-20T17:37:29","date_gmt":"2018-08-20T17:37:29","guid":{"rendered":""},"modified":"2026-03-11T09:11:57","modified_gmt":"2026-03-11T14:11:57","slug":"monsenor-miguel-irizar-campos-op-obispo-emerito-del-callao-descansa-en-el-amor-del-buen-dios","status":"publish","type":"post","link":"https:\/\/ceas.org.pe\/index.php\/2018\/08\/20\/monsenor-miguel-irizar-campos-op-obispo-emerito-del-callao-descansa-en-el-amor-del-buen-dios\/","title":{"rendered":"Monse\u00f1or Miguel Irizar Campos, OP Obispo em\u00e9rito del Callao descansa en el amor del Buen Dios"},"content":{"rendered":"<p class=\"MsoNormal\" style=\"margin-bottom: 0.0001pt; text-align: justify; line-height: normal; background-image: initial; background-position: initial; background-size: initial; background-repeat: initial; background-attachment: initial; background-origin: initial; background-clip: initial;\"><span style=\"background-image: initial; background-position: initial; background-size: initial; background-repeat: initial; background-attachment: initial; background-origin: initial; background-clip: initial;\">Monse\u00f1or Miguel Irizar Campos, CP quien dedic\u00f3 50 a\u00f1os de su vida a la labor pastoral en nuestro pa\u00eds, lleg\u00f3 a la casa del Padre Dios. Era\u00a0padre pasionista. Ten\u00eda 84 a\u00f1os. Fue obispo del Callao y Secretario General de la Conferencia Episcopal Peruana. Muri\u00f3 en la madrugada del domingo 19 de agosto en Bilbao, en cuya comunidad pasionista resid\u00eda desde el 2015. Hoy lunes 20 de agosto, ser\u00e1 enterrado en la parroquia de la Pasi\u00f3n y San Felic\u00edsimo de Deusto.<\/span><span style=\"font-family:\"Times New Roman\",serif;mso-fareast-font-family:\n\"Times New Roman\";color:#222222;mso-fareast-language:ES-PE\"><o:p><\/o:p><\/span><\/p>\n<p class=\"MsoNormal\" style=\"margin-bottom: 0.0001pt; line-height: normal; background-image: initial; background-position: initial; background-size: initial; background-repeat: initial; background-attachment: initial; background-origin: initial; background-clip: initial;\"><span style=\"font-family:\"Times New Roman\",serif;\nmso-fareast-font-family:\"Times New Roman\";color:#222222;mso-fareast-language:\nES-PE\">\u00a0<o:p><\/o:p><\/span><\/p>\n<p class=\"MsoNormal\" style=\"margin-bottom: 0.0001pt; text-align: justify; line-height: normal; background-image: initial; background-position: initial; background-size: initial; background-repeat: initial; background-attachment: initial; background-origin: initial; background-clip: initial;\"><span style=\"background-image: initial; background-position: initial; background-size: initial; background-repeat: initial; background-attachment: initial; background-origin: initial; background-clip: initial;\">Monse\u00f1or\u00a0Miguel Irizar,\u00a0fue nombrado obispo Vicario Apost\u00f3lico de Yurimaguas el a\u00f1o 1972, posteriormente en 1989 es nombrado Coadjutor del Callao (Per\u00fa), y obispo diocesano, en octubre de 1995, durante el pontificado de San Juan Pablo II.\u00a0Fue Secretario General de la Conferencia Episcopal Peruana en dos per\u00edodos y presidente de la Comisi\u00f3n Episcopal de Acci\u00f3n Social, CEAS (1988 \u2013 1993). Tambi\u00e9n presidi\u00f3 la Caritas del Per\u00fa. <o:p><\/o:p><\/span><\/p>\n<p class=\"MsoNormal\" style=\"margin-bottom: 0.0001pt; text-align: justify; line-height: normal; background-image: initial; background-position: initial; background-size: initial; background-repeat: initial; background-attachment: initial; background-origin: initial; background-clip: initial;\"><span style=\"background-image: initial; background-position: initial; background-size: initial; background-repeat: initial; background-attachment: initial; background-origin: initial; background-clip: initial;\"><o:p>\u00a0<\/o:p><\/span><\/p>\n<p class=\"MsoNormal\" style=\"margin-bottom: 0.0001pt; text-align: justify; line-height: normal; background-image: initial; background-position: initial; background-size: initial; background-repeat: initial; background-attachment: initial; background-origin: initial; background-clip: initial;\"><span style=\"background-image: initial; background-position: initial; background-size: initial; background-repeat: initial; background-attachment: initial; background-origin: initial; background-clip: initial;\">Durante el primer periodo de su presidencia en CEAS fue elegido Presidente del Departamento de Pastoral Social del CELAM y como tal impuls\u00f3 la Pastoral de Derechos Humanos en el Continente, a la que calific\u00f3 de eje vertebrador de la pastoral social de la Iglesia.<o:p><\/o:p><\/span><\/p>\n<p class=\"MsoNormal\" style=\"margin-bottom: 0.0001pt; text-align: justify; line-height: normal; background-image: initial; background-position: initial; background-size: initial; background-repeat: initial; background-attachment: initial; background-origin: initial; background-clip: initial;\"><span style=\"background-image: initial; background-position: initial; background-size: initial; background-repeat: initial; background-attachment: initial; background-origin: initial; background-clip: initial;\"><o:p>\u00a0<\/o:p><\/span><\/p>\n<p class=\"MsoNormal\" style=\"margin-bottom: 0.0001pt; text-align: justify; line-height: normal; background-image: initial; background-position: initial; background-size: initial; background-repeat: initial; background-attachment: initial; background-origin: initial; background-clip: initial;\"><span style=\"background-image: initial; background-position: initial; background-size: initial; background-repeat: initial; background-attachment: initial; background-origin: initial; background-clip: initial;\">Tambi\u00e9n fue Responsable de la Secci\u00f3n de Movimientos Eclesiales del Departamento de Comuni\u00f3n Eclesial y Di\u00e1logo del CELAM.<o:p><\/o:p><\/span><\/p>\n<p class=\"MsoNormal\" style=\"margin-bottom: 0.0001pt; text-align: justify; line-height: normal; background-image: initial; background-position: initial; background-size: initial; background-repeat: initial; background-attachment: initial; background-origin: initial; background-clip: initial;\"><span style=\"background-image: initial; background-position: initial; background-size: initial; background-repeat: initial; background-attachment: initial; background-origin: initial; background-clip: initial;\"><o:p>\u00a0<\/o:p><\/span><\/p>\n<p class=\"MsoNormal\" style=\"margin-bottom: 0.0001pt; text-align: justify; line-height: normal; background-image: initial; background-position: initial; background-size: initial; background-repeat: initial; background-attachment: initial; background-origin: initial; background-clip: initial;\"><span style=\"background-image: initial; background-position: initial; background-size: initial; background-repeat: initial; background-attachment: initial; background-origin: initial; background-clip: initial;\">Extraordinario comunicador y hombre de enorme sensibilidad frente a cualquier tipo de sufrimiento o violaci\u00f3n de derechos humanos, cercano y sencillo, un buen Pastor en todo sentido de la palabra.<o:p><\/o:p><\/span><\/p>\n<p class=\"MsoNormal\" style=\"margin-bottom: 0.0001pt; text-align: justify; line-height: normal; background-image: initial; background-position: initial; background-size: initial; background-repeat: initial; background-attachment: initial; background-origin: initial; background-clip: initial;\"><span style=\"background-image: initial; background-position: initial; background-size: initial; background-repeat: initial; background-attachment: initial; background-origin: initial; background-clip: initial;\"><o:p>\u00a0<\/o:p><\/span><\/p>\n<p class=\"MsoNormal\" style=\"margin-bottom: 0.0001pt; text-align: justify; line-height: normal; background-image: initial; background-position: initial; background-size: initial; background-repeat: initial; background-attachment: initial; background-origin: initial; background-clip: initial;\"><span style=\"background-image: initial; background-position: initial; background-size: initial; background-repeat: initial; background-attachment: initial; background-origin: initial; background-clip: initial;\">Siempre recordaremos a Monse\u00f1or Miguel como un pastor cercano y fiel a la misi\u00f3n, con su lema episcopal \u201cEnviado a dar la Buena Noticia\u201d.<o:p><\/o:p><\/span><\/p>\n<p class=\"MsoNormal\" style=\"margin-bottom:0cm;margin-bottom:.0001pt;line-height:\nnormal\"><span style=\"background-image: initial; background-position: initial; background-size: initial; background-repeat: initial; background-attachment: initial; background-origin: initial; background-clip: initial;\"><o:p>\u00a0<\/o:p><\/span><\/p>\n<p class=\"MsoNormal\" style=\"margin-bottom:0cm;margin-bottom:.0001pt;line-height:\nnormal\"><span style=\"background-image: initial; background-position: initial; background-size: initial; background-repeat: initial; background-attachment: initial; background-origin: initial; background-clip: initial;\"><o:p>\u00a0<\/o:p><\/span><\/p>\n<p><i><span style=\"background-image: initial; background-position: initial; background-size: initial; background-repeat: initial; background-attachment: initial; background-origin: initial; background-clip: initial;\">CEAS. 20 de agosto de 2018. Foto: Facebook Di\u00f3cesis del Callao<\/span>.<\/i>\u00a0<\/p>\n<p><a href=\"http:\/\/web.hilo.org.pe\/wp-content\/uploads\/Monse\u00f1or Irizar.jpg\" target=\"_blank\" rel=\"noopener\">Ver archivo adjunto<\/a><\/p>\n","protected":false},"excerpt":{"rendered":"<p>Monse\u00f1or Miguel Irizar Campos, CP quien dedic\u00f3 50 a\u00f1os de su vida a la labor pastoral en nuestro pa\u00eds, lleg\u00f3 a la casa del Padre Dios. Era padre pasionista. Ten\u00eda 84 a\u00f1os. Fue obispo del Callao y Secretario General de la Conferencia Episcopal Peruana. Muri\u00f3 en la madrugada del domingo 19 de agosto en Bilbao, en cuya comunidad pasionista resid\u00eda desde el 2015. Hoy lunes 20 de agosto, ser\u00e1 enterrado en la parroquia de la Pasi\u00f3n y San Felic\u00edsimo de Deusto.<\/p>\n","protected":false},"author":1,"featured_media":7884,"comment_status":"closed","ping_status":"closed","sticky":false,"template":"","format":"standard","meta":{"footnotes":""},"categories":[9],"tags":[],"class_list":["post-3128","post","type-post","status-publish","format-standard","has-post-thumbnail","hentry","category-noticias"],"_links":{"self":[{"href":"https:\/\/ceas.org.pe\/index.php\/wp-json\/wp\/v2\/posts\/3128","targetHints":{"allow":["GET"]}}],"collection":[{"href":"https:\/\/ceas.org.pe\/index.php\/wp-json\/wp\/v2\/posts"}],"about":[{"href":"https:\/\/ceas.org.pe\/index.php\/wp-json\/wp\/v2\/types\/post"}],"author":[{"embeddable":true,"href":"https:\/\/ceas.org.pe\/index.php\/wp-json\/wp\/v2\/users\/1"}],"replies":[{"embeddable":true,"href":"https:\/\/ceas.org.pe\/index.php\/wp-json\/wp\/v2\/comments?post=3128"}],"version-history":[{"count":1,"href":"https:\/\/ceas.org.pe\/index.php\/wp-json\/wp\/v2\/posts\/3128\/revisions"}],"predecessor-version":[{"id":6090,"href":"https:\/\/ceas.org.pe\/index.php\/wp-json\/wp\/v2\/posts\/3128\/revisions\/6090"}],"wp:featuredmedia":[{"embeddable":true,"href":"https:\/\/ceas.org.pe\/index.php\/wp-json\/wp\/v2\/media\/7884"}],"wp:attachment":[{"href":"https:\/\/ceas.org.pe\/index.php\/wp-json\/wp\/v2\/media?parent=3128"}],"wp:term":[{"taxonomy":"category","embeddable":true,"href":"https:\/\/ceas.org.pe\/index.php\/wp-json\/wp\/v2\/categories?post=3128"},{"taxonomy":"post_tag","embeddable":true,"href":"https:\/\/ceas.org.pe\/index.php\/wp-json\/wp\/v2\/tags?post=3128"}],"curies":[{"name":"wp","href":"https:\/\/api.w.org\/{rel}","templated":true}]}}