{"id":3125,"date":"2018-08-16T13:00:18","date_gmt":"2018-08-16T13:00:18","guid":{"rendered":""},"modified":"2026-03-11T09:11:57","modified_gmt":"2026-03-11T14:11:57","slug":"nicaragua-no-habia-conflicto-armado-interno-todo-viene-por-una-protesta","status":"publish","type":"post","link":"https:\/\/ceas.org.pe\/index.php\/2018\/08\/16\/nicaragua-no-habia-conflicto-armado-interno-todo-viene-por-una-protesta\/","title":{"rendered":"Nicaragua: No hab\u00eda conflicto armado interno. Todo viene por una protesta"},"content":{"rendered":"<p class=\"MsoNormal\" style=\"margin-bottom:0cm;margin-bottom:.0001pt;text-align:\njustify;line-height:normal\"><i><span style=\"background-image: initial; background-position: initial; background-size: initial; background-repeat: initial; background-attachment: initial; background-origin: initial; background-clip: initial;\">Entrevista al Coordinador de la Oficina del Alto Comisionado de la ONU para los Derechos Humanos en Nicaragua, el Doctor Guillermo Fern\u00e1ndez Maldonado, realizada por Canal Cat\u00f3lico de Nicaragua<\/span>.<o:p><\/o:p><\/i><\/p>\n<p style=\"margin: 0cm 0cm 0.0001pt; text-align: justify; background-image: initial; background-position: initial; background-size: initial; background-repeat: initial; background-attachment: initial; background-origin: initial; background-clip: initial;\"><span style=\"font-size:11.0pt;font-family:\"Calibri\",sans-serif;mso-ascii-theme-font:\nminor-latin;mso-hansi-theme-font:minor-latin;mso-bidi-theme-font:minor-latin\">\u00a0<\/span><\/p>\n<p style=\"margin: 0cm 0cm 0.0001pt; text-align: justify; background-image: initial; background-position: initial; background-size: initial; background-repeat: initial; background-attachment: initial; background-origin: initial; background-clip: initial;\"><span style=\"font-size:11.0pt;font-family:\"Calibri\",sans-serif;mso-ascii-theme-font:\nminor-latin;mso-hansi-theme-font:minor-latin;mso-bidi-theme-font:minor-latin\">Guillermo Fern\u00e1ndez Maldonado lleg\u00f3 al pa\u00eds nicarag\u00fcense el pasado mes de julio para coordinar la Oficina del Alto Comisionado de la ONU para los Derechos Humanos, un organismo especializado del sistema de Naciones Unidas que tiene como objetivo promover y proteger los derechos humanos en el mundo, y en este caso, en Nicaragua.<o:p><\/o:p><\/span><\/p>\n<p style=\"margin: 0cm 0cm 0.0001pt; text-align: justify; background-image: initial; background-position: initial; background-size: initial; background-repeat: initial; background-attachment: initial; background-origin: initial; background-clip: initial;\"><span style=\"font-size:11.0pt;font-family:\"Calibri\",sans-serif;mso-ascii-theme-font:\nminor-latin;mso-hansi-theme-font:minor-latin;mso-bidi-theme-font:minor-latin\">\u00a0<\/span><\/p>\n<p style=\"margin: 0cm 0cm 0.0001pt; background-image: initial; background-position: initial; background-size: initial; background-repeat: initial; background-attachment: initial; background-origin: initial; background-clip: initial; box-sizing: border-box; -webkit-tap-highlight-color: rgba(0, 0, 0, 0);\"><span style=\"font-size:11.0pt;\nfont-family:\"Calibri\",sans-serif;mso-ascii-theme-font:minor-latin;mso-hansi-theme-font:\nminor-latin;mso-bidi-theme-font:minor-latin\">En una entrevista realizada por el Canal Cat\u00f3lico de Nicaragua, el coordinador de la Oficina del Alto Comisionado de la ONU en Nicaragua asegura que ante la crisis de derechos humanos que vive el pa\u00eds, entre las protestas y la respuestas desde el Estado, \u201clo que encontraron en ese momento era b\u00fasquedas de una salida pac\u00edfica y levantamiento de los tanques\u201d: \u201cNosotros fuimos invitados para acompa\u00f1ar a la comisi\u00f3n de verificaci\u00f3n de seguridad en un marco de di\u00e1logo. Progresivamente vimos que eso se deterior\u00f3 como tal y ya hemos expresado en varios sentidos que se ha generado una crisis de derechos humanos en el pa\u00eds\u201d.<o:p><\/o:p><\/span><\/p>\n<p style=\"margin: 0cm 0cm 0.0001pt; background-image: initial; background-position: initial; background-size: initial; background-repeat: initial; background-attachment: initial; background-origin: initial; background-clip: initial; box-sizing: border-box; -webkit-tap-highlight-color: rgba(0, 0, 0, 0);\"><span style=\"font-size:11.0pt;\nfont-family:\"Calibri\",sans-serif;mso-ascii-theme-font:minor-latin;mso-hansi-theme-font:\nminor-latin;mso-bidi-theme-font:minor-latin\">\u00a0<\/span><\/p>\n<p style=\"margin: 0cm 0cm 0.0001pt; text-align: justify; background-image: initial; background-position: initial; background-size: initial; background-repeat: initial; background-attachment: initial; background-origin: initial; background-clip: initial;\"><span style=\"font-size:11.0pt;font-family:\"Calibri\",sans-serif;mso-ascii-theme-font:\nminor-latin;mso-hansi-theme-font:minor-latin;mso-bidi-theme-font:minor-latin\">Tambi\u00e9n asegura que su intervenci\u00f3n, como Oficina del Alto Comisionado de la ONU para los Derechos Humanos, se vio frustrada porque \u201cse comenz\u00f3 a actuar en el pa\u00eds con el uso de la fuerza y no siguiendo los est\u00e1ndares internacionales de agotar todas las v\u00edas pac\u00edficas\u201d.<o:p><\/o:p><\/span><\/p>\n<h2 style=\"margin-top: 0cm; line-height: normal; background-image: initial; background-position: initial; background-size: initial; background-repeat: initial; background-attachment: initial; background-origin: initial; background-clip: initial; box-sizing: border-box; -webkit-tap-highlight-color: rgba(0, 0, 0, 0);\"><b><span style=\"font-size:\n11.0pt;font-family:\"Calibri\",sans-serif;mso-ascii-theme-font:minor-latin;\nmso-hansi-theme-font:minor-latin;mso-bidi-theme-font:minor-latin;color:windowtext\">\u00a0<\/span><\/b><\/h2>\n<h2 style=\"margin-top: 0cm; text-align: justify; line-height: normal; background-image: initial; background-position: initial; background-size: initial; background-repeat: initial; background-attachment: initial; background-origin: initial; background-clip: initial;\"><b><span style=\"font-size:11.0pt;font-family:\"Calibri\",sans-serif;\nmso-ascii-theme-font:minor-latin;mso-hansi-theme-font:minor-latin;mso-bidi-theme-font:\nminor-latin;color:windowtext\">El problema para acceder a la informaci\u00f3n<\/span><\/b><span style=\"font-size:11.0pt;font-family:\"Calibri\",sans-serif;mso-ascii-theme-font:\nminor-latin;mso-hansi-theme-font:minor-latin;mso-bidi-theme-font:minor-latin;\ncolor:windowtext\"><o:p><\/o:p><\/span><\/h2>\n<p style=\"margin: 0cm 0cm 0.0001pt; background-image: initial; background-position: initial; background-size: initial; background-repeat: initial; background-attachment: initial; background-origin: initial; background-clip: initial; box-sizing: border-box; -webkit-tap-highlight-color: rgba(0, 0, 0, 0);\"><span style=\"font-size:11.0pt;\nfont-family:\"Calibri\",sans-serif;mso-ascii-theme-font:minor-latin;mso-hansi-theme-font:\nminor-latin;mso-bidi-theme-font:minor-latin\">Aqu\u00ed hay algo que es importante \u2013 explica el coordinador &#8211; y es: \u201ccuando hay una situaci\u00f3n de polarizaci\u00f3n, de crisis a nivel no solo local sino en varios lugares del pa\u00eds, es dif\u00edcil acceder a la informaci\u00f3n. Hay versiones muy diferentes, no s\u00f3lo de los hechos sino la interpretaci\u00f3n de los hechos\u201d. Y a este respecto asegura que parte de su valor a\u00f1adido es \u201cel contrastar con la realidad para verificar hechos y estos hechos con los est\u00e1ndares internacionales\u201d. \u201cLos est\u00e1ndares internacionales son obligaci\u00f3n que tienen todos los estados\u201d &#8211; puntualiza Guillermo Fern\u00e1ndez \u2013 \u201cno importa qu\u00e9 tipo de Estado es, no importa en qu\u00e9 momento o qu\u00e9 persona es, ni en qu\u00e9 lugar, es el mismo est\u00e1ndar para todo el mundo\u201d y esto es \u201clo fundamental\u201d de su trabajo.<o:p><\/o:p><\/span><\/p>\n<h2 style=\"margin-top: 0cm; line-height: normal; background-image: initial; background-position: initial; background-size: initial; background-repeat: initial; background-attachment: initial; background-origin: initial; background-clip: initial; box-sizing: border-box; -webkit-tap-highlight-color: rgba(0, 0, 0, 0);\"><b><span style=\"font-size:\n11.0pt;font-family:\"Calibri\",sans-serif;mso-ascii-theme-font:minor-latin;\nmso-hansi-theme-font:minor-latin;mso-bidi-theme-font:minor-latin;color:windowtext\">\u00a0<\/span><\/b><\/h2>\n<h2 style=\"margin-top: 0cm; text-align: justify; line-height: normal; background-image: initial; background-position: initial; background-size: initial; background-repeat: initial; background-attachment: initial; background-origin: initial; background-clip: initial;\"><b><span style=\"font-size:11.0pt;font-family:\"Calibri\",sans-serif;\nmso-ascii-theme-font:minor-latin;mso-hansi-theme-font:minor-latin;mso-bidi-theme-font:\nminor-latin;color:windowtext\">La falta de apoyo del Gobierno nicarag\u00fcense<\/span><\/b><span style=\"font-size:11.0pt;font-family:\"Calibri\",sans-serif;mso-ascii-theme-font:\nminor-latin;mso-hansi-theme-font:minor-latin;mso-bidi-theme-font:minor-latin;\ncolor:windowtext\"><o:p><\/o:p><\/span><\/h2>\n<p style=\"margin: 0cm 0cm 0.0001pt; background-image: initial; background-position: initial; background-size: initial; background-repeat: initial; background-attachment: initial; background-origin: initial; background-clip: initial; box-sizing: border-box; -webkit-tap-highlight-color: rgba(0, 0, 0, 0);\"><span style=\"font-size:11.0pt;\nfont-family:\"Calibri\",sans-serif;mso-ascii-theme-font:minor-latin;mso-hansi-theme-font:\nminor-latin;mso-bidi-theme-font:minor-latin\">Y en ese contrastar la realidad, Guillermo explica que una primera fuente \u201csiempre es el estado, la informaci\u00f3n oficial\u201d, y luego aquella a la que puedan tener acceso as\u00ed como desplazarse por el pa\u00eds a los lugares donde ocurrieron los hechos. Aunque asegura que esto \u00faltimo no lo han podido lograr: \u201ceso no lo hemos logrado, hemos insistido, en el caso concreto es con el Ministerio de Asuntos Exteriores, que se ha puesto como el canal, y hemos enviado varias cartas solicitando informaci\u00f3n que se precisa precisamente por ese contraste, o hemos indicado que vamos a ir a diferentes partes donde ocurrieron los hechos y no hemos tenido el apoyo del Gobierno en ese sentido\u201d.<o:p><\/o:p><\/span><\/p>\n<p style=\"margin: 0cm 0cm 0.0001pt; background-image: initial; background-position: initial; background-size: initial; background-repeat: initial; background-attachment: initial; background-origin: initial; background-clip: initial; box-sizing: border-box; -webkit-tap-highlight-color: rgba(0, 0, 0, 0);\"><span style=\"font-size:11.0pt;\nfont-family:\"Calibri\",sans-serif;mso-ascii-theme-font:minor-latin;mso-hansi-theme-font:\nminor-latin;mso-bidi-theme-font:minor-latin\">\u00a0<\/span><\/p>\n<p style=\"margin: 0cm 0cm 0.0001pt; text-align: justify; background-image: initial; background-position: initial; background-size: initial; background-repeat: initial; background-attachment: initial; background-origin: initial; background-clip: initial;\"><span style=\"font-size:11.0pt;font-family:\"Calibri\",sans-serif;mso-ascii-theme-font:\nminor-latin;mso-hansi-theme-font:minor-latin;mso-bidi-theme-font:minor-latin\">El coordinador tambi\u00e9n afirma que \u201ctodo el mundo tiene el derecho de interpretar lo que ha pasado\u201d, y el Gobierno tambi\u00e9n \u201ccomo toda la gente\u201d pero el punto importante en todo esto es que \u201clo que hay que respetar es la total independencia de los mecanismos que tiene todo Estado de Derecho y para esa situaci\u00f3n\u201d.<o:p><\/o:p><\/span><\/p>\n<h2 style=\"margin-top: 0cm; line-height: normal; background-image: initial; background-position: initial; background-size: initial; background-repeat: initial; background-attachment: initial; background-origin: initial; background-clip: initial; box-sizing: border-box; -webkit-tap-highlight-color: rgba(0, 0, 0, 0);\"><b><span style=\"font-size:\n11.0pt;font-family:\"Calibri\",sans-serif;mso-ascii-theme-font:minor-latin;\nmso-hansi-theme-font:minor-latin;mso-bidi-theme-font:minor-latin;color:windowtext\">\u00a0<\/span><\/b><\/h2>\n<h2 style=\"margin-top: 0cm; text-align: justify; line-height: normal; background-image: initial; background-position: initial; background-size: initial; background-repeat: initial; background-attachment: initial; background-origin: initial; background-clip: initial;\"><b><span style=\"font-size:11.0pt;font-family:\"Calibri\",sans-serif;\nmso-ascii-theme-font:minor-latin;mso-hansi-theme-font:minor-latin;mso-bidi-theme-font:\nminor-latin;color:windowtext\">Necesaria investigaci\u00f3n independiente e imparcial<\/span><\/b><span style=\"font-size:11.0pt;font-family:\"Calibri\",sans-serif;mso-ascii-theme-font:\nminor-latin;mso-hansi-theme-font:minor-latin;mso-bidi-theme-font:minor-latin;\ncolor:windowtext\"><o:p><\/o:p><\/span><\/h2>\n<p style=\"margin: 0cm 0cm 0.0001pt; background-image: initial; background-position: initial; background-size: initial; background-repeat: initial; background-attachment: initial; background-origin: initial; background-clip: initial; box-sizing: border-box; -webkit-tap-highlight-color: rgba(0, 0, 0, 0);\"><span style=\"font-size:11.0pt;\nfont-family:\"Calibri\",sans-serif;mso-ascii-theme-font:minor-latin;mso-hansi-theme-font:\nminor-latin;mso-bidi-theme-font:minor-latin\">Ante la situaci\u00f3n que vive el pa\u00eds, Guillermo Fern\u00e1ndez expresa que \u201ctiene que haber una investigaci\u00f3n, independiente e imparcial, que tome todo lo que existe como hechos y pruebas para establecer que pasa a nivel individual\u201d, pues a ellos, como organismo de las Naciones Unidas para defender los Derechos Humanos, no les corresponde \u2013 asegura \u2013 \u201cestablecer juicios sobre opiniones sino sobre hechos\u201d y recuerda que \u201csiempre est\u00e1 primero el ser humano y sus derechos, o en este caso m\u00e1s todav\u00eda dentro de ellos las v\u00edctimas\u201d. \u201cNo hay que duplicar o triplicar la victimizaci\u00f3n, lo que no hay es diferencia, es decir no interesa el perpetrador, todas las v\u00edctimas tienen que ser atendidas\u201d puntualiza.<o:p><\/o:p><\/span><\/p>\n<h2 style=\"margin-top: 0cm; line-height: normal; background-image: initial; background-position: initial; background-size: initial; background-repeat: initial; background-attachment: initial; background-origin: initial; background-clip: initial; box-sizing: border-box; -webkit-tap-highlight-color: rgba(0, 0, 0, 0);\"><b><span style=\"font-size:\n11.0pt;font-family:\"Calibri\",sans-serif;mso-ascii-theme-font:minor-latin;\nmso-hansi-theme-font:minor-latin;mso-bidi-theme-font:minor-latin;color:windowtext\">\u00a0<\/span><\/b><\/h2>\n<h2 style=\"margin-top: 0cm; text-align: justify; line-height: normal; background-image: initial; background-position: initial; background-size: initial; background-repeat: initial; background-attachment: initial; background-origin: initial; background-clip: initial;\"><b><span style=\"font-size:11.0pt;font-family:\"Calibri\",sans-serif;\nmso-ascii-theme-font:minor-latin;mso-hansi-theme-font:minor-latin;mso-bidi-theme-font:\nminor-latin;color:windowtext\">A diferencia de otros pa\u00edses, en Nicaragua no ha habido un conflicto armado interno<\/span><\/b><span style=\"font-size:11.0pt;\nfont-family:\"Calibri\",sans-serif;mso-ascii-theme-font:minor-latin;mso-hansi-theme-font:\nminor-latin;mso-bidi-theme-font:minor-latin;color:windowtext\"><o:p><\/o:p><\/span><\/h2>\n<p style=\"margin: 0cm 0cm 0.0001pt; background-image: initial; background-position: initial; background-size: initial; background-repeat: initial; background-attachment: initial; background-origin: initial; background-clip: initial; box-sizing: border-box; -webkit-tap-highlight-color: rgba(0, 0, 0, 0);\"><span style=\"font-size:11.0pt;\nfont-family:\"Calibri\",sans-serif;mso-ascii-theme-font:minor-latin;mso-hansi-theme-font:\nminor-latin;mso-bidi-theme-font:minor-latin\">El Doctor Guillermo Fern\u00e1ndez Maldonado tiene una amplia experiencia en manejo de situaciones de conflicto en pa\u00edses donde se han enfrentado situaciones muy dif\u00edciles, como El Salvador, Guatemala, Honduras, Afganist\u00e1n, incluso Colombia. En comparaci\u00f3n a esas experiencias, asegura que lo que llama la atenci\u00f3n en Nicaragua, a diferencia de los otros pa\u00edses, \u201ces que estamos hablando de pa\u00edses que est\u00e1n en conflicto armado interno o que sal\u00edan de un conflicto armado interno y en Nicaragua no hay conflicto, estamos hablando de una protesta\u201d y esto es algo que \u201cllama poderosamente la atenci\u00f3n, no a m\u00ed personalmente, sino de la comunidad Internacional\u201d concluye.<o:p><\/o:p><\/span><\/p>\n<p class=\"MsoNormal\" style=\"margin-bottom:0cm;margin-bottom:.0001pt;text-align:\njustify;line-height:normal\"><span style=\"background-image: initial; background-position: initial; background-size: initial; background-repeat: initial; background-attachment: initial; background-origin: initial; background-clip: initial;\"><o:p>\u00a0<\/o:p><\/span><\/p>\n<p><i style=\"text-align: justify;\">Tomado de: VATICAN NEWS. Mireia Bonilla \u2013 Ciudad del Vaticano. 16 de agosto de 2018.<\/i>\u00a0<\/p>\n<p><a href=\"http:\/\/web.hilo.org.pe\/wp-content\/uploads\/Nicaragua web.jpg\" target=\"_blank\" rel=\"noopener\">Ver archivo adjunto<\/a><\/p>\n","protected":false},"excerpt":{"rendered":"<p>Entrevista al Coordinador de la Oficina del Alto Comisionado de la ONU para los Derechos Humanos en Nicaragua, el Doctor Guillermo Fern\u00e1ndez Maldonado, realizada por Canal Cat\u00f3lico de Nicaragua.<\/p>\n","protected":false},"author":1,"featured_media":8128,"comment_status":"closed","ping_status":"closed","sticky":false,"template":"","format":"standard","meta":{"footnotes":""},"categories":[9],"tags":[],"class_list":["post-3125","post","type-post","status-publish","format-standard","has-post-thumbnail","hentry","category-noticias"],"_links":{"self":[{"href":"https:\/\/ceas.org.pe\/index.php\/wp-json\/wp\/v2\/posts\/3125","targetHints":{"allow":["GET"]}}],"collection":[{"href":"https:\/\/ceas.org.pe\/index.php\/wp-json\/wp\/v2\/posts"}],"about":[{"href":"https:\/\/ceas.org.pe\/index.php\/wp-json\/wp\/v2\/types\/post"}],"author":[{"embeddable":true,"href":"https:\/\/ceas.org.pe\/index.php\/wp-json\/wp\/v2\/users\/1"}],"replies":[{"embeddable":true,"href":"https:\/\/ceas.org.pe\/index.php\/wp-json\/wp\/v2\/comments?post=3125"}],"version-history":[{"count":1,"href":"https:\/\/ceas.org.pe\/index.php\/wp-json\/wp\/v2\/posts\/3125\/revisions"}],"predecessor-version":[{"id":6093,"href":"https:\/\/ceas.org.pe\/index.php\/wp-json\/wp\/v2\/posts\/3125\/revisions\/6093"}],"wp:featuredmedia":[{"embeddable":true,"href":"https:\/\/ceas.org.pe\/index.php\/wp-json\/wp\/v2\/media\/8128"}],"wp:attachment":[{"href":"https:\/\/ceas.org.pe\/index.php\/wp-json\/wp\/v2\/media?parent=3125"}],"wp:term":[{"taxonomy":"category","embeddable":true,"href":"https:\/\/ceas.org.pe\/index.php\/wp-json\/wp\/v2\/categories?post=3125"},{"taxonomy":"post_tag","embeddable":true,"href":"https:\/\/ceas.org.pe\/index.php\/wp-json\/wp\/v2\/tags?post=3125"}],"curies":[{"name":"wp","href":"https:\/\/api.w.org\/{rel}","templated":true}]}}