{"id":3123,"date":"2018-08-13T13:34:11","date_gmt":"2018-08-13T13:34:11","guid":{"rendered":""},"modified":"2026-03-11T09:11:57","modified_gmt":"2026-03-11T14:11:57","slug":"fallecio-monsenor-santiago-garcia-de-la-rasilla-obispo-vicario-apostolico-emerito-de-jaen","status":"publish","type":"post","link":"https:\/\/ceas.org.pe\/index.php\/2018\/08\/13\/fallecio-monsenor-santiago-garcia-de-la-rasilla-obispo-vicario-apostolico-emerito-de-jaen\/","title":{"rendered":"Falleci\u00f3 Monse\u00f1or Santiago Garc\u00eda de la Rasilla, Obispo Vicario Apost\u00f3lico Em\u00e9rito de Ja\u00e9n"},"content":{"rendered":"<p class=\"MsoNormal\" align=\"center\" style=\"text-align:center\"><b>Falleci\u00f3 Monse\u00f1or Santiago Garc\u00eda de la Rasilla, Obispo Vicario Apost\u00f3lico Em\u00e9rito de Ja\u00e9n<\/b><b><o:p><\/o:p><\/b><\/p>\n<p class=\"MsoNormal\" style=\"text-align:justify\"><span style=\"background-image: initial; background-position: initial; background-size: initial; background-repeat: initial; background-attachment: initial; background-origin: initial; background-clip: initial;\">Con gran pesar, pero con la esperanza en la Resurrecci\u00f3n, los Obispos del Per\u00fa comunican al Pueblo de Dios el fallecimiento de Monse\u00f1or Santiago Garc\u00eda de la Rasilla, SJ., Obispo Vicario Apost\u00f3lico Em\u00e9rito de Ja\u00e9n, quien parti\u00f3 a la Casa del Padre, esta ma\u00f1ana, a la edad de 81 a\u00f1os.<\/span><o:p><\/o:p><\/p>\n<p class=\"MsoNormal\" style=\"text-align:justify\"><span style=\"background-image: initial; background-position: initial; background-size: initial; background-repeat: initial; background-attachment: initial; background-origin: initial; background-clip: initial;\">Monse\u00f1or S<\/span><span style=\"color: rgb(34, 34, 34); background-image: initial; background-position: initial; background-size: initial; background-repeat: initial; background-attachment: initial; background-origin: initial; background-clip: initial;\">antiago Garc\u00eda de la Rasilla<\/span><span style=\"background-image: initial; background-position: initial; background-size: initial; background-repeat: initial; background-attachment: initial; background-origin: initial; background-clip: initial;\">, naci\u00f3 <\/span><span style=\"color: rgb(34, 34, 34); background-image: initial; background-position: initial; background-size: initial; background-repeat: initial; background-attachment: initial; background-origin: initial; background-clip: initial;\">en Madrid, Espa\u00f1a, el 18 de octubre de 1936<\/span><span style=\"background-image: initial; background-position: initial; background-size: initial; background-repeat: initial; background-attachment: initial; background-origin: initial; background-clip: initial;\">. <\/span><span style=\"color: rgb(34, 34, 34); background-image: initial; background-position: initial; background-size: initial; background-repeat: initial; background-attachment: initial; background-origin: initial; background-clip: initial;\">Fue ordenado sacerdote el 14 de julio de 1967 <\/span><span style=\"background-image: initial; background-position: initial; background-size: initial; background-repeat: initial; background-attachment: initial; background-origin: initial; background-clip: initial;\">y su Ordenaci\u00f3n Episcopal fue el 13 de enero de 2006.<o:p><\/o:p><\/span><\/p>\n<p class=\"MsoNormal\" style=\"text-align:justify\"><span style=\"background-image: initial; background-position: initial; background-size: initial; background-repeat: initial; background-attachment: initial; background-origin: initial; background-clip: initial;\">En junio de 2014, el Papa Francisco acept\u00f3 la renuncia de Monse\u00f1or Santiago Garc\u00eda de la Rasilla al gobierno pastoral del Vicariato Apost\u00f3lico de Ja\u00e9n, por l\u00edmite de edad.<\/span><o:p><\/o:p><\/p>\n<p class=\"MsoNormal\" style=\"text-align:justify\"><span style=\"background-image: initial; background-position: initial; background-size: initial; background-repeat: initial; background-attachment: initial; background-origin: initial; background-clip: initial;\">El velatorio se viene realizando en la capilla de la residencia de F\u00e1tima de la comunidad jesuita (Malec\u00f3n de la Reserva 981, Miraflores). A las 8:30 pm se realizar\u00e1 la misa de cuerpo presente en la parroquia Nuestra Se\u00f1ora de F\u00e1tima (Av. Armendariz 350, Miraflores). Posteriormente, el d\u00eda de ma\u00f1ana, martes 14, el cuerpo de Monse\u00f1or Garc\u00eda de la Rasilla ser\u00e1 trasladado a la ciudad de Ja\u00e9n, Amazonas, donde el mi\u00e9rcoles 15 de agosto se realizar\u00e1 el sepelio. <o:p><\/o:p><\/span><\/p>\n<p class=\"MsoNormal\" style=\"text-align:justify\"><span style=\"background-image: initial; background-position: initial; background-size: initial; background-repeat: initial; background-attachment: initial; background-origin: initial; background-clip: initial;\"><o:p>\u00a0<\/o:p><\/span><\/p>\n<p><i style=\"text-align: justify;\">Conferencia Episcopal Peruana. Oficina de Prensa. Lima, 13 de agosto de 2018.<\/i>\u00a0<\/p>\n<p><a href=\"http:\/\/web.hilo.org.pe\/wp-content\/uploads\/Santiago-Garc\u00eda.jpg\" target=\"_blank\" rel=\"noopener\">Ver archivo adjunto<\/a><\/p>\n","protected":false},"excerpt":{"rendered":"<p>Con gran pesar, pero con la esperanza en la Resurrecci\u00f3n, los Obispos del Per\u00fa comunican al Pueblo de Dios el fallecimiento de Monse\u00f1or Santiago Garc\u00eda de la Rasilla, SJ., Obispo Vicario Apost\u00f3lico Em\u00e9rito de Ja\u00e9n, quien parti\u00f3 a la Casa del Padre, esta ma\u00f1ana, a la edad de 81 a\u00f1os.<\/p>\n","protected":false},"author":1,"featured_media":7884,"comment_status":"closed","ping_status":"closed","sticky":false,"template":"","format":"standard","meta":{"footnotes":""},"categories":[9],"tags":[],"class_list":["post-3123","post","type-post","status-publish","format-standard","has-post-thumbnail","hentry","category-noticias"],"_links":{"self":[{"href":"https:\/\/ceas.org.pe\/index.php\/wp-json\/wp\/v2\/posts\/3123","targetHints":{"allow":["GET"]}}],"collection":[{"href":"https:\/\/ceas.org.pe\/index.php\/wp-json\/wp\/v2\/posts"}],"about":[{"href":"https:\/\/ceas.org.pe\/index.php\/wp-json\/wp\/v2\/types\/post"}],"author":[{"embeddable":true,"href":"https:\/\/ceas.org.pe\/index.php\/wp-json\/wp\/v2\/users\/1"}],"replies":[{"embeddable":true,"href":"https:\/\/ceas.org.pe\/index.php\/wp-json\/wp\/v2\/comments?post=3123"}],"version-history":[{"count":1,"href":"https:\/\/ceas.org.pe\/index.php\/wp-json\/wp\/v2\/posts\/3123\/revisions"}],"predecessor-version":[{"id":6095,"href":"https:\/\/ceas.org.pe\/index.php\/wp-json\/wp\/v2\/posts\/3123\/revisions\/6095"}],"wp:featuredmedia":[{"embeddable":true,"href":"https:\/\/ceas.org.pe\/index.php\/wp-json\/wp\/v2\/media\/7884"}],"wp:attachment":[{"href":"https:\/\/ceas.org.pe\/index.php\/wp-json\/wp\/v2\/media?parent=3123"}],"wp:term":[{"taxonomy":"category","embeddable":true,"href":"https:\/\/ceas.org.pe\/index.php\/wp-json\/wp\/v2\/categories?post=3123"},{"taxonomy":"post_tag","embeddable":true,"href":"https:\/\/ceas.org.pe\/index.php\/wp-json\/wp\/v2\/tags?post=3123"}],"curies":[{"name":"wp","href":"https:\/\/api.w.org\/{rel}","templated":true}]}}