{"id":3121,"date":"2018-08-13T10:35:36","date_gmt":"2018-08-13T10:35:36","guid":{"rendered":""},"modified":"2026-03-11T09:11:57","modified_gmt":"2026-03-11T14:11:57","slug":"la-escuela-que-queremos","status":"publish","type":"post","link":"https:\/\/ceas.org.pe\/index.php\/2018\/08\/13\/la-escuela-que-queremos\/","title":{"rendered":"La escuela que queremos"},"content":{"rendered":"<p class=\"xxxxmsonormal\" align=\"center\" style=\"text-align:center\"><b><span style=\"font-size: 11pt; font-family: Calibri, sans-serif;\">Una oportunidad para una educaci\u00f3n digna en las zonas rurales del Per\u00fa\u00a0<\/span><\/b><span style=\"font-size: 11pt; font-family: Calibri, sans-serif;\"><o:p><\/o:p><\/span><\/p>\n<p class=\"xxxxmsonormal\"><span style=\"font-size: 11pt; font-family: Calibri, sans-serif;\">\u00a0<o:p><\/o:p><\/span><\/p>\n<p class=\"xxxxmsonormal\" style=\"text-align:justify\"><span style=\"font-size: 11pt; font-family: Calibri, sans-serif;\">C\u00e1ritas del Per\u00fa y Hunt Global Partnership en convenio con las Direcciones Regionales de Educaci\u00f3n de Ayacucho y Huancavelica presentan la publicaci\u00f3n \u201cLa escuela que queremos\u201d, sistematizaci\u00f3n del proyecto \u201cMaestros y Escuelas que cambian tu vida\u201d, que mejor\u00f3 la educaci\u00f3n de 54 escuelas rurales en las regiones de Ayacucho y Huancavelica, a lo largo de 5 a\u00f1os.<o:p><\/o:p><\/span><\/p>\n<p class=\"xxxxmsonormal\" style=\"text-align:justify\"><span style=\"font-size: 11pt; font-family: Calibri, sans-serif;\">\u00a0<\/span><\/p>\n<p class=\"xxxxmsonormal\" style=\"text-align:justify\"><span style=\"font-size: 11pt; font-family: Calibri, sans-serif;\">\u201cSurgi\u00f3 la necesidad de armar un proyecto de educaci\u00f3n integral a fin de mejorar la vida y el progreso de los ni\u00f1os y sus familias.\u00a0 Este proyecto form\u00f3 una escuela basada en el afecto, la disciplina y la intervenci\u00f3n desafiante mirando a crecer en el ser, el saber y el actuar en bien propio y para el bien com\u00fan\u201d, explic\u00f3 Carlos Villanueva, coordinador del proyecto de C\u00e1ritas del Per\u00fa.<o:p><\/o:p><\/span><\/p>\n<p class=\"xxxxmsonormal\" style=\"text-align:justify\"><span style=\"font-size: 11pt; font-family: Calibri, sans-serif;\">\u00a0<\/span><\/p>\n<p class=\"xxxxmsonormal\" style=\"text-align:justify\"><span style=\"font-size: 11pt; font-family: Calibri, sans-serif;\">\u00a0\u201cMaestros y Escuelas que cambian tu vida\u201d se origina a partir de querer generar un cambio en la calidad educativa, consiguiendo en sus 5 a\u00f1os de trabajo, el incremento del 80% en comprensi\u00f3n lectora. Los ni\u00f1os participantes del proyecto, ahora leen de manera m\u00e1s fluida: desde 35 a 120 palabras por minuto en los grados del 1\u00ba al 4\u00ba de primaria. <o:p><\/o:p><\/span><\/p>\n<p class=\"xxxxmsonormal\" style=\"text-align:justify\"><span style=\"font-size: 11pt; font-family: Calibri, sans-serif;\">\u00a0<\/span><\/p>\n<p class=\"xxxxmsonormal\" style=\"text-align:justify\"><span style=\"font-size: 11pt; font-family: Calibri, sans-serif;\">Adem\u00e1s, se ha visto una mejora del 60% en el \u00e1rea de razonamiento matem\u00e1tico, lo cual se ha validado con evaluaciones al inicio y final de cada a\u00f1o escolar. Y como un factor muy importante para la mejora en la educaci\u00f3n es la alimentaci\u00f3n, el proyecto logr\u00f3 reducir en un 30% la prevalencia de anemia nutricional, logrando as\u00ed no s\u00f3lo tener ni\u00f1os mejor preparados, sino tambi\u00e9n sanos. <o:p><\/o:p><\/span><\/p>\n<p class=\"xxxxmsonormal\" style=\"text-align:justify\"><span style=\"font-size: 11pt; font-family: Calibri, sans-serif;\">\u00a0<\/span><\/p>\n<p class=\"xxxxmsonormal\" style=\"text-align:justify\"><span style=\"font-size: 11pt; font-family: Calibri, sans-serif;\">La publicaci\u00f3n \u201cLa escuela que queremos\u201d no s\u00f3lo da a conocer las etapas y logros obtenidos con el proyecto, sino tambi\u00e9n pone en conocimiento las diversas estrategias usadas para lograr una buena calidad en la educaci\u00f3n. La ped<span style=\"background-image: initial; background-position: initial; background-size: initial; background-repeat: initial; background-attachment: initial; background-origin: initial; background-clip: initial;\">agog\u00eda activa y constructivista trabajada, fortalece las capacidades de los estudiantes, as\u00ed como su seguridad, pues los ni\u00f1os sienten que su opini\u00f3n es valorada y respetada por maestros y compa\u00f1eros. <\/span><o:p><\/o:p><\/span><\/p>\n<p class=\"xxxxmsonormal\" style=\"text-align:justify\"><span style=\"font-size: 11pt; font-family: Calibri, sans-serif;\">\u00a0<\/span><\/p>\n<p class=\"xxxxmsonormal\" style=\"text-align:justify\"><span style=\"font-size: 11pt; font-family: Calibri, sans-serif;\">Este proyecto es solo una prueba m\u00e1s que, con uni\u00f3n, dedicaci\u00f3n y perseverancia se puede lograr una mejora significativa en la educaci\u00f3n, esto en pos de poder generar progreso y desarrollo en las zonas m\u00e1s necesitadas de nuestro pa\u00eds. <o:p><\/o:p><\/span><\/p>\n<p class=\"xxxxmsonormal\" style=\"text-align:justify\"><span style=\"font-size: 11pt; font-family: Calibri, sans-serif;\">\u00a0<\/span><\/p>\n<p class=\"xxxxmsonormal\"><span style=\"font-size: 11pt; font-family: Calibri, sans-serif;\">Pueden visualizar la publicaci\u00f3n \u201cLa escuela que queremos\u201d en <a href=\"https:\/\/bit.ly\/2npwiqh\" id=\"LPlnk42108\" previewremoved=\"true\"><span style=\"color: black; text-decoration-line: none;\">bit.ly\/2npwiqh<\/span><\/a><o:p><\/o:p><\/span><\/p>\n<p class=\"xxxxmsonormal\"><span style=\"font-size: 11pt; font-family: Calibri, sans-serif;\">Informes al 6135200 anexo 104.<o:p><\/o:p><\/span><\/p>\n<p class=\"xxxxmsonormal\"><span style=\"font-size: 11pt; font-family: Calibri, sans-serif;\">\u00a0<\/span><\/p>\n<p class=\"xxxxmsonormal\" style=\"text-align:justify\"><span style=\"font-size: 11pt; font-family: Calibri, sans-serif;\">\u00a0<\/span><\/p>\n<p><i><span style=\"font-size: 11pt; font-family: Calibri, sans-serif;\">Tomado de: C\u00e1ritas del Per\u00fa. Por Unidad de Imagen Institucional. Callao, 10 de agosto de 2018.<o:p><\/o:p><\/span><\/i><\/p>\n<p><span style=\"font-family: Calibri, sans-serif; font-size: 11pt;\">\u00a0<\/span>\u00a0<\/p>\n<p><a href=\"http:\/\/web.hilo.org.pe\/wp-content\/uploads\/Laescuela_publicacion web.jpg\" target=\"_blank\" rel=\"noopener\">Ver archivo adjunto<\/a><\/p>\n","protected":false},"excerpt":{"rendered":"<p>C\u00e1ritas del Per\u00fa y Hunt Global Partnership en convenio con las Direcciones Regionales de Educaci\u00f3n de Ayacucho y Huancavelica presentan la publicaci\u00f3n \u201cLa escuela que queremos\u201d, sistematizaci\u00f3n del proyecto \u201cMaestros y Escuelas que cambian tu vida\u201d, que mejor\u00f3 la educaci\u00f3n de 54 escuelas rurales en las regiones de Ayacucho y Huancavelica, a lo largo de 5 a\u00f1os.<\/p>\n","protected":false},"author":1,"featured_media":0,"comment_status":"closed","ping_status":"closed","sticky":false,"template":"","format":"standard","meta":{"footnotes":""},"categories":[9],"tags":[],"class_list":["post-3121","post","type-post","status-publish","format-standard","hentry","category-noticias"],"_links":{"self":[{"href":"https:\/\/ceas.org.pe\/index.php\/wp-json\/wp\/v2\/posts\/3121","targetHints":{"allow":["GET"]}}],"collection":[{"href":"https:\/\/ceas.org.pe\/index.php\/wp-json\/wp\/v2\/posts"}],"about":[{"href":"https:\/\/ceas.org.pe\/index.php\/wp-json\/wp\/v2\/types\/post"}],"author":[{"embeddable":true,"href":"https:\/\/ceas.org.pe\/index.php\/wp-json\/wp\/v2\/users\/1"}],"replies":[{"embeddable":true,"href":"https:\/\/ceas.org.pe\/index.php\/wp-json\/wp\/v2\/comments?post=3121"}],"version-history":[{"count":1,"href":"https:\/\/ceas.org.pe\/index.php\/wp-json\/wp\/v2\/posts\/3121\/revisions"}],"predecessor-version":[{"id":6097,"href":"https:\/\/ceas.org.pe\/index.php\/wp-json\/wp\/v2\/posts\/3121\/revisions\/6097"}],"wp:attachment":[{"href":"https:\/\/ceas.org.pe\/index.php\/wp-json\/wp\/v2\/media?parent=3121"}],"wp:term":[{"taxonomy":"category","embeddable":true,"href":"https:\/\/ceas.org.pe\/index.php\/wp-json\/wp\/v2\/categories?post=3121"},{"taxonomy":"post_tag","embeddable":true,"href":"https:\/\/ceas.org.pe\/index.php\/wp-json\/wp\/v2\/tags?post=3121"}],"curies":[{"name":"wp","href":"https:\/\/api.w.org\/{rel}","templated":true}]}}