{"id":3120,"date":"2018-08-10T17:54:30","date_gmt":"2018-08-10T17:54:30","guid":{"rendered":""},"modified":"2026-03-11T09:11:57","modified_gmt":"2026-03-11T14:11:57","slug":"en-solidaridad-por-la-muerte-del-p-carlos-riudavets-sj","status":"publish","type":"post","link":"https:\/\/ceas.org.pe\/index.php\/2018\/08\/10\/en-solidaridad-por-la-muerte-del-p-carlos-riudavets-sj\/","title":{"rendered":"En Solidaridad por la muerte del P. Carlos Riudavets, SJ"},"content":{"rendered":"<p style=\"margin: 0cm 0cm 7.5pt; text-align: justify; background-image: initial; background-position: initial; background-size: initial; background-repeat: initial; background-attachment: initial; background-origin: initial; background-clip: initial;\"><span style=\"font-size:11.0pt;font-family:\n\"Calibri\",sans-serif;mso-ascii-theme-font:minor-latin;mso-hansi-theme-font:\nminor-latin;mso-bidi-theme-font:minor-latin\">La Red Eclesial Pan Amaz\u00f3nica \u2013 REPAM, expresa su profundo pesar ante el fallecimiento del sacerdote jesuita\u00a0\u00a0 P. Carlos Riudavets Montes quien ha sido encontrado sin vida esta ma\u00f1ana en su residencia del Colegio Valent\u00edn Salegui en Yamakentsa, distrito de Chiriaco, Provincia Bagua \u2013 Per\u00fa, en circunstancias a\u00fan no esclarecidas.<o:p><\/o:p><\/span><\/p>\n<p style=\"margin: 0cm 0cm 7.5pt; background-image: initial; background-position: initial; background-size: initial; background-repeat: initial; background-attachment: initial; background-origin: initial; background-clip: initial; box-sizing: border-box;\"><span style=\"font-size:11.0pt;font-family:\"Calibri\",sans-serif;mso-ascii-theme-font:\nminor-latin;mso-hansi-theme-font:minor-latin;mso-bidi-theme-font:minor-latin\">El P. Carlos Riudavets lleg\u00f3 al Alto Mara\u00f1on en 1980 y era muy querido por los ciudadanos de la zona, especialmente entre los miembros de las comunidades awaj\u00fan y wampis.\u00a0 Hace 40 a\u00f1os su misi\u00f3n ha estado al servicio de la Amazon\u00eda peruana con los pueblos originarios, ten\u00eda 73 a\u00f1os de edad y dirig\u00eda el colegio de Fe y Alegr\u00eda en la comunidad nativa Yamakaientsa en Imaza.<o:p><\/o:p><\/span><\/p>\n<p style=\"margin: 0cm 0cm 7.5pt; background-image: initial; background-position: initial; background-size: initial; background-repeat: initial; background-attachment: initial; background-origin: initial; background-clip: initial; box-sizing: border-box;\"><span style=\"font-size:11.0pt;font-family:\"Calibri\",sans-serif;mso-ascii-theme-font:\nminor-latin;mso-hansi-theme-font:minor-latin;mso-bidi-theme-font:minor-latin\">Su deceso ha sido marcado por circunstancias violentas y unidos en solidaridad, nos sumamos al pedido de que las autoridades competentes\u00a0investiguen y se den respuestas a estos hechos.<o:p><\/o:p><\/span><\/p>\n<p style=\"margin: 0cm 0cm 7.5pt; text-align: justify; background-image: initial; background-position: initial; background-size: initial; background-repeat: initial; background-attachment: initial; background-origin: initial; background-clip: initial;\"><span style=\"font-size: 11pt; font-family: Calibri, sans-serif; background-image: initial; background-position: initial; background-size: initial; background-repeat: initial; background-attachment: initial; background-origin: initial; background-clip: initial;\">La vida del P. Carlos en la misi\u00f3n jesuita\u00a0<\/span><span style=\"font-size:11.0pt;\nfont-family:\"Calibri\",sans-serif;mso-ascii-theme-font:minor-latin;mso-hansi-theme-font:\nminor-latin;mso-bidi-theme-font:minor-latin\">amaz\u00f3nica, nos deja un legado de entrega, compromiso y responsabilidad. Un servicio de amor compartido y vivido junto a los pueblos originarios, con quienes se forjaron proyectos de futuro, que ser\u00e1n continuados por quienes han emprendido la labor educativa junto a \u00e9l.<o:p><\/o:p><\/span><\/p>\n<p style=\"margin: 0cm 0cm 7.5pt; background-image: initial; background-position: initial; background-size: initial; background-repeat: initial; background-attachment: initial; background-origin: initial; background-clip: initial; box-sizing: border-box;\"><span style=\"font-size:11.0pt;font-family:\"Calibri\",sans-serif;mso-ascii-theme-font:\nminor-latin;mso-hansi-theme-font:minor-latin;mso-bidi-theme-font:minor-latin\">La REPAM manifiesta su dolor frente a esta p\u00e9rdida y hace eco de la expresi\u00f3n de toda una comunidad que ahora llora su ausencia. Confiados en el Dios de la vida y la esperanza de la resurrecci\u00f3n, nos unimos solidariamente en este momento a su congregaci\u00f3n jesuita, sus compa\u00f1eros y compa\u00f1eras de misi\u00f3n y su familia y permaneceremos vigilantes para el esclarecimiento de su muerte.<o:p><\/o:p><\/span><\/p>\n<p><i style=\"text-align: justify;\"><span style=\"font-size:11.0pt;font-family:\"Calibri\",sans-serif;mso-ascii-theme-font:\nminor-latin;mso-hansi-theme-font:minor-latin;mso-bidi-theme-font:minor-latin\">Tomado de: REPAM. 10 de agosto de 2018.<\/span><\/i>\u00a0<\/p>\n<p><a href=\"http:\/\/web.hilo.org.pe\/wp-content\/uploads\/P Carlos web.jpg\" target=\"_blank\" rel=\"noopener\">Ver archivo adjunto<\/a><\/p>\n","protected":false},"excerpt":{"rendered":"<p>La Red Eclesial Pan Amaz\u00f3nica \u2013 REPAM, expresa su profundo pesar ante el fallecimiento del sacerdote jesuita   P. Carlos Riudavets Montes quien ha sido encontrado sin vida esta ma\u00f1ana en su residencia del Colegio Valent\u00edn Salegui en Yamakentsa, distrito de Chiriaco, Provincia Bagua \u2013 Per\u00fa, en circunstancias a\u00fan no esclarecidas.<\/p>\n","protected":false},"author":1,"featured_media":7913,"comment_status":"closed","ping_status":"closed","sticky":false,"template":"","format":"standard","meta":{"footnotes":""},"categories":[9],"tags":[],"class_list":["post-3120","post","type-post","status-publish","format-standard","has-post-thumbnail","hentry","category-noticias"],"_links":{"self":[{"href":"https:\/\/ceas.org.pe\/index.php\/wp-json\/wp\/v2\/posts\/3120","targetHints":{"allow":["GET"]}}],"collection":[{"href":"https:\/\/ceas.org.pe\/index.php\/wp-json\/wp\/v2\/posts"}],"about":[{"href":"https:\/\/ceas.org.pe\/index.php\/wp-json\/wp\/v2\/types\/post"}],"author":[{"embeddable":true,"href":"https:\/\/ceas.org.pe\/index.php\/wp-json\/wp\/v2\/users\/1"}],"replies":[{"embeddable":true,"href":"https:\/\/ceas.org.pe\/index.php\/wp-json\/wp\/v2\/comments?post=3120"}],"version-history":[{"count":1,"href":"https:\/\/ceas.org.pe\/index.php\/wp-json\/wp\/v2\/posts\/3120\/revisions"}],"predecessor-version":[{"id":6098,"href":"https:\/\/ceas.org.pe\/index.php\/wp-json\/wp\/v2\/posts\/3120\/revisions\/6098"}],"wp:featuredmedia":[{"embeddable":true,"href":"https:\/\/ceas.org.pe\/index.php\/wp-json\/wp\/v2\/media\/7913"}],"wp:attachment":[{"href":"https:\/\/ceas.org.pe\/index.php\/wp-json\/wp\/v2\/media?parent=3120"}],"wp:term":[{"taxonomy":"category","embeddable":true,"href":"https:\/\/ceas.org.pe\/index.php\/wp-json\/wp\/v2\/categories?post=3120"},{"taxonomy":"post_tag","embeddable":true,"href":"https:\/\/ceas.org.pe\/index.php\/wp-json\/wp\/v2\/tags?post=3120"}],"curies":[{"name":"wp","href":"https:\/\/api.w.org\/{rel}","templated":true}]}}