{"id":3119,"date":"2018-08-10T16:23:15","date_gmt":"2018-08-10T16:23:15","guid":{"rendered":""},"modified":"2026-03-11T09:11:57","modified_gmt":"2026-03-11T14:11:57","slug":"conferencia-episcopal-peruana-lamenta-fallecimiento-del-sacerdote-carlos-riudavest-sj-en-amazonas","status":"publish","type":"post","link":"https:\/\/ceas.org.pe\/index.php\/2018\/08\/10\/conferencia-episcopal-peruana-lamenta-fallecimiento-del-sacerdote-carlos-riudavest-sj-en-amazonas\/","title":{"rendered":"Conferencia Episcopal Peruana lamenta fallecimiento del sacerdote Carlos Riudavest, SJ en Amazonas"},"content":{"rendered":"<p class=\"MsoNormal\" style=\"text-align:justify\"><span lang=\"ES\" style=\"font-family:\n\"Calibri\",sans-serif;mso-ascii-theme-font:minor-latin;mso-hansi-theme-font:\nminor-latin;mso-bidi-theme-font:minor-latin\">La Conferencia Episcopal Peruana (CEP), a trav\u00e9s de su presidente, Monse\u00f1or Miguel Cabrejos Vidarte, Arzobispo de Trujillo, lamenta el fallecimiento del sacerdote jesuita, Carlos Riudavest SJ, quien el d\u00eda de hoy fuera encontrado sin vida, con signos de haber sufrido violencia en su residencia del Colegio Valent\u00edn Salegui en Yamakentsa, ubicado en el distrito de Chiriaco, provincia de Bagua en la regi\u00f3n Amazonas.<o:p><\/o:p><\/span><\/p>\n<p class=\"MsoNormal\" style=\"text-align:justify\"><span lang=\"ES\" style=\"font-family:\n\"Calibri\",sans-serif;mso-ascii-theme-font:minor-latin;mso-hansi-theme-font:\nminor-latin;mso-bidi-theme-font:minor-latin\">\u00a0<\/span><\/p>\n<p class=\"MsoNormal\" style=\"text-align:justify\"><span lang=\"ES\" style=\"font-family:\n\"Calibri\",sans-serif;mso-ascii-theme-font:minor-latin;mso-hansi-theme-font:\nminor-latin;mso-bidi-theme-font:minor-latin\">El Padre Riudavest de 73 a\u00f1os, era un religioso dedicado a la educaci\u00f3n de las familias de las comunidades originarias o nativas de Amazonas, que llevaba sirviendo en la zona aproximadamente 40 a\u00f1os. \u00c9l pertenec\u00eda al Vicariato Apost\u00f3lico de Ja\u00e9n que comprende las provincias de San Ignacio y Ja\u00e9n, en la regi\u00f3n Cajamarca, Condorcanqui en la regi\u00f3n Amazonas y el distrito de Aramango en la provincia de Bagua. <o:p><\/o:p><\/span><\/p>\n<p class=\"MsoNormal\" style=\"text-align:justify\"><span lang=\"ES\" style=\"font-family:\n\"Calibri\",sans-serif;mso-ascii-theme-font:minor-latin;mso-hansi-theme-font:\nminor-latin;mso-bidi-theme-font:minor-latin\">\u00a0<\/span><\/p>\n<p class=\"MsoNormal\" style=\"text-align:justify\"><span lang=\"ES\" style=\"font-family:\n\"Calibri\",sans-serif;mso-ascii-theme-font:minor-latin;mso-hansi-theme-font:\nminor-latin;mso-bidi-theme-font:minor-latin\">La CEP expresa sus condolencias a todos los miembros de la Compa\u00f1\u00eda de Jes\u00fas, y en especial a la persona del Padre Provincial de los Jesuitas, Juan Carlos Morante Buchhammer SJ.<o:p><\/o:p><\/span><\/p>\n<p class=\"MsoNormal\" style=\"text-align:justify\"><span lang=\"ES\" style=\"font-family:\n\"Calibri\",sans-serif;mso-ascii-theme-font:minor-latin;mso-hansi-theme-font:\nminor-latin;mso-bidi-theme-font:minor-latin\">\u00a0<\/span><\/p>\n<p class=\"MsoNormal\" style=\"text-align:justify\"><span lang=\"ES\" style=\"font-family:\n\"Calibri\",sans-serif;mso-ascii-theme-font:minor-latin;mso-hansi-theme-font:\nminor-latin;mso-bidi-theme-font:minor-latin\">De igual manera, la Conferencia Episcopal Peruana solicita a las autoridades esclarecer los hechos y hallar a los responsables.<o:p><\/o:p><\/span><\/p>\n<p class=\"MsoNormal\" style=\"text-align:justify\"><span lang=\"ES\" style=\"font-family:\n\"Calibri\",sans-serif;mso-ascii-theme-font:minor-latin;mso-hansi-theme-font:\nminor-latin;mso-bidi-theme-font:minor-latin\">\u00a0<\/span><\/p>\n<p class=\"MsoNormal\" style=\"text-align:justify\"><span lang=\"ES\" style=\"font-family:\n\"Calibri\",sans-serif;mso-ascii-theme-font:minor-latin;mso-hansi-theme-font:\nminor-latin;mso-bidi-theme-font:minor-latin\">\u00a0<\/span><\/p>\n<p><i style=\"text-align: justify;\"><span lang=\"ES\" style=\"font-family:\"Calibri\",sans-serif;mso-ascii-theme-font:\nminor-latin;mso-hansi-theme-font:minor-latin;mso-bidi-theme-font:minor-latin\">Conferencia Episcopal Peruana-CEP. 10 de agosto de 2018. Foto adjunta: cr\u00e9ditos Jesuitas del Per\u00fa.<\/span><\/i>\u00a0<\/p>\n<p><a href=\"http:\/\/web.hilo.org.pe\/wp-content\/uploads\/Carlos Riudavest web.jpg\" target=\"_blank\" rel=\"noopener\">Ver archivo adjunto<\/a><\/p>\n","protected":false},"excerpt":{"rendered":"<p>La Conferencia Episcopal Peruana (CEP), a trav\u00e9s de su presidente, Monse\u00f1or Miguel Cabrejos Vidarte, Arzobispo de Trujillo, lamenta el fallecimiento del sacerdote jesuita, Carlos Riudavest SJ, quien el d\u00eda de hoy fuera encontrado sin vida, con signos de haber sufrido violencia en su residencia del Colegio Valent\u00edn Salegui en Yamakentsa, ubicado en el distrito de Chiriaco, provincia de Bagua en la regi\u00f3n Amazonas.<\/p>\n","protected":false},"author":1,"featured_media":5502,"comment_status":"closed","ping_status":"closed","sticky":false,"template":"","format":"standard","meta":{"footnotes":""},"categories":[9],"tags":[],"class_list":["post-3119","post","type-post","status-publish","format-standard","has-post-thumbnail","hentry","category-noticias"],"_links":{"self":[{"href":"https:\/\/ceas.org.pe\/index.php\/wp-json\/wp\/v2\/posts\/3119","targetHints":{"allow":["GET"]}}],"collection":[{"href":"https:\/\/ceas.org.pe\/index.php\/wp-json\/wp\/v2\/posts"}],"about":[{"href":"https:\/\/ceas.org.pe\/index.php\/wp-json\/wp\/v2\/types\/post"}],"author":[{"embeddable":true,"href":"https:\/\/ceas.org.pe\/index.php\/wp-json\/wp\/v2\/users\/1"}],"replies":[{"embeddable":true,"href":"https:\/\/ceas.org.pe\/index.php\/wp-json\/wp\/v2\/comments?post=3119"}],"version-history":[{"count":1,"href":"https:\/\/ceas.org.pe\/index.php\/wp-json\/wp\/v2\/posts\/3119\/revisions"}],"predecessor-version":[{"id":6099,"href":"https:\/\/ceas.org.pe\/index.php\/wp-json\/wp\/v2\/posts\/3119\/revisions\/6099"}],"wp:featuredmedia":[{"embeddable":true,"href":"https:\/\/ceas.org.pe\/index.php\/wp-json\/wp\/v2\/media\/5502"}],"wp:attachment":[{"href":"https:\/\/ceas.org.pe\/index.php\/wp-json\/wp\/v2\/media?parent=3119"}],"wp:term":[{"taxonomy":"category","embeddable":true,"href":"https:\/\/ceas.org.pe\/index.php\/wp-json\/wp\/v2\/categories?post=3119"},{"taxonomy":"post_tag","embeddable":true,"href":"https:\/\/ceas.org.pe\/index.php\/wp-json\/wp\/v2\/tags?post=3119"}],"curies":[{"name":"wp","href":"https:\/\/api.w.org\/{rel}","templated":true}]}}