{"id":3118,"date":"2018-08-08T13:18:50","date_gmt":"2018-08-08T13:18:50","guid":{"rendered":""},"modified":"2026-03-11T09:11:57","modified_gmt":"2026-03-11T14:11:57","slug":"monsenor-miguel-cabrejos-participa-en-reunion-preparatoria-al-sinodo-sobre-los-jovenes","status":"publish","type":"post","link":"https:\/\/ceas.org.pe\/index.php\/2018\/08\/08\/monsenor-miguel-cabrejos-participa-en-reunion-preparatoria-al-sinodo-sobre-los-jovenes\/","title":{"rendered":"Monse\u00f1or Miguel Cabrejos participa en reuni\u00f3n preparatoria al s\u00ednodo sobre los j\u00f3venes"},"content":{"rendered":"<p class=\"MsoNormal\" style=\"text-align:justify\"><span lang=\"ES\" style=\"font-family:\n\"Calibri\",sans-serif;mso-ascii-theme-font:minor-latin;mso-hansi-theme-font:\nminor-latin;mso-bidi-theme-font:minor-latin\">El Presidente de la Conferencia Episcopal Peruana (CEP) y Arzobispo de Trujillo, Monse\u00f1or Miguel Cabrejos Vidarte,<b> <\/b>participa del Encuentro Preparatorio con los Obispos de Am\u00e9rica Latina y el Caribe, convocado por el Consejo Episcopal Latinoamericano (CELAM), en el marco de la XV Asamblea General Ordinaria del S\u00ednodo de los Obispos: \u201c<i>Los j\u00f3venes, la fe y el discernimiento vocacional\u201d<\/i>, a realizarse del 3 al 28 de octubre en la Santa Sede (Roma).<o:p><\/o:p><\/span><\/p>\n<p class=\"MsoNormal\" style=\"text-align:justify\"><span lang=\"ES\" style=\"font-family:\n\"Calibri\",sans-serif;mso-ascii-theme-font:minor-latin;mso-hansi-theme-font:\nminor-latin;mso-bidi-theme-font:minor-latin\">\u00a0<\/span><\/p>\n<p class=\"MsoNormal\" style=\"text-align:justify\"><span lang=\"ES\" style=\"font-family:\n\"Calibri\",sans-serif;mso-ascii-theme-font:minor-latin;mso-hansi-theme-font:\nminor-latin;mso-bidi-theme-font:minor-latin\">Esta reuni\u00f3n previa al S\u00ednodo se viene realizando desde el 6 hasta el 10 de agosto en la ciudad de Bogot\u00e1 (Colombia). El Presidente del Episcopado Peruano participa en esta cita junto a Monse\u00f1or Ricardo Garc\u00eda Garc\u00eda, Obispo de Yauyos. Ambos son los representantes de la CEP ante el S\u00ednodo de los J\u00f3venes, que ser\u00e1 presidido por el Papa Francisco. <o:p><\/o:p><\/span><\/p>\n<p class=\"MsoNormal\"><span lang=\"ES\" style=\"font-family:\"Calibri\",sans-serif;\nmso-ascii-theme-font:minor-latin;mso-hansi-theme-font:minor-latin;mso-bidi-theme-font:\nminor-latin\">\u00a0<\/span><\/p>\n<p class=\"MsoNormal\" style=\"text-align:justify\"><b><span lang=\"ES\" style=\"font-family:\"Calibri\",sans-serif;mso-ascii-theme-font:\nminor-latin;mso-hansi-theme-font:minor-latin;mso-bidi-theme-font:minor-latin\">Reuni\u00f3n preparatoria<o:p><\/o:p><\/span><\/b><\/p>\n<p class=\"MsoNormal\" style=\"text-align:justify\"><span lang=\"ES\" style=\"font-family:\n\"Calibri\",sans-serif;mso-ascii-theme-font:minor-latin;mso-hansi-theme-font:\nminor-latin;mso-bidi-theme-font:minor-latin\">El encuentro en Colombia tiene como objetivo compartir un espacio de reflexi\u00f3n con los representantes de las Conferencias Episcopales, partiendo de una mirada de la Iglesia de Am\u00e9rica Latina y El Caribe.<o:p><\/o:p><\/span><\/p>\n<p class=\"MsoNormal\" style=\"text-align:justify\"><span lang=\"ES\" style=\"font-family:\n\"Calibri\",sans-serif;mso-ascii-theme-font:minor-latin;mso-hansi-theme-font:\nminor-latin;mso-bidi-theme-font:minor-latin\">\u00a0<\/span><\/p>\n<p class=\"MsoNormal\" style=\"text-align:justify\"><span lang=\"ES\" style=\"font-family:\n\"Calibri\",sans-serif;mso-ascii-theme-font:minor-latin;mso-hansi-theme-font:\nminor-latin;mso-bidi-theme-font:minor-latin\">Es importante se\u00f1alar que el Per\u00fa forma parte del CELAM, que presta servicios de contacto, comuni\u00f3n, formaci\u00f3n, investigaci\u00f3n y reflexi\u00f3n a 22 Conferencias Episcopales, situadas desde M\u00e9xico hasta el Cabo de Hornos, incluyendo el Caribe y las Antillas. <o:p><\/o:p><\/span><\/p>\n<p class=\"MsoNormal\" style=\"text-align:justify\"><span lang=\"ES\" style=\"font-family:\n\"Calibri\",sans-serif;mso-ascii-theme-font:minor-latin;mso-hansi-theme-font:\nminor-latin;mso-bidi-theme-font:minor-latin\">\u00a0<\/span><\/p>\n<p class=\"MsoNormal\" style=\"text-align:justify\"><b><span lang=\"ES\" style=\"font-family:\"Calibri\",sans-serif;mso-ascii-theme-font:\nminor-latin;mso-hansi-theme-font:minor-latin;mso-bidi-theme-font:minor-latin\">S\u00ednodo de obispos <o:p><\/o:p><\/span><\/b><\/p>\n<p class=\"MsoNormal\" style=\"text-align:justify\"><span lang=\"ES\" style=\"font-family:\n\"Calibri\",sans-serif;mso-ascii-theme-font:minor-latin;mso-hansi-theme-font:\nminor-latin;mso-bidi-theme-font:minor-latin\">Un S\u00ednodo de los Obispos es una asamblea de prelados escogidos por sus propias Conferencias Episcopales. Es una instituci\u00f3n establecida por el Papa Pablo VI en septiembre de 1965.<o:p><\/o:p><\/span><\/p>\n<p class=\"MsoNormal\" style=\"text-align:justify\"><span lang=\"ES\" style=\"font-family:\n\"Calibri\",sans-serif;mso-ascii-theme-font:minor-latin;mso-hansi-theme-font:\nminor-latin;mso-bidi-theme-font:minor-latin\">\u00a0<\/span><\/p>\n<p class=\"MsoNormal\" style=\"text-align:justify\"><span lang=\"ES\" style=\"font-family:\n\"Calibri\",sans-serif;mso-ascii-theme-font:minor-latin;mso-hansi-theme-font:\nminor-latin;mso-bidi-theme-font:minor-latin\">\u00a0<\/span><\/p>\n<p class=\"MsoNormal\" style=\"text-align:justify\"><span lang=\"ES\" style=\"font-family:\n\"Calibri\",sans-serif;mso-ascii-theme-font:minor-latin;mso-hansi-theme-font:\nminor-latin;mso-bidi-theme-font:minor-latin\">\u00a0<\/span><\/p>\n<p class=\"MsoNormal\" style=\"text-align:justify\"><i><span lang=\"ES\" style=\"font-family:\"Calibri\",sans-serif;mso-ascii-theme-font:\nminor-latin;mso-hansi-theme-font:minor-latin;mso-bidi-theme-font:minor-latin\">Oficina de Prensa<o:p><\/o:p><\/span><\/i><\/p>\n<p class=\"MsoNormal\" style=\"text-align:justify\"><i><span lang=\"ES\" style=\"font-family:\"Calibri\",sans-serif;mso-ascii-theme-font:\nminor-latin;mso-hansi-theme-font:minor-latin;mso-bidi-theme-font:minor-latin\">Conferencia Episcopal Peruana<o:p><\/o:p><\/span><\/i><\/p>\n<p><i style=\"text-align: justify;\"><span lang=\"ES\" style=\"font-family:\"Calibri\",sans-serif;mso-ascii-theme-font:\nminor-latin;mso-hansi-theme-font:minor-latin;mso-bidi-theme-font:minor-latin\">8 de agosto de 2018<\/span><\/i>\u00a0<\/p>\n<p><a href=\"http:\/\/web.hilo.org.pe\/wp-content\/uploads\/web.jpg\" target=\"_blank\" rel=\"noopener\">Ver archivo adjunto<\/a><\/p>\n","protected":false},"excerpt":{"rendered":"<p>Monse\u00f1or Miguel Cabrejos representa al Per\u00fa junto a Monse\u00f1or Ricardo Garc\u00eda, Obispo de Yauyos.<br \/>\nEsta reuni\u00f3n es un espacio de reflexi\u00f3n como Iglesia Latinoamericana en miras al S\u00ednodo de los Obispos sobre los J\u00f3venes a realizarse en octubre en Roma.<\/p>\n","protected":false},"author":1,"featured_media":7930,"comment_status":"closed","ping_status":"closed","sticky":false,"template":"","format":"standard","meta":{"footnotes":""},"categories":[9],"tags":[],"class_list":["post-3118","post","type-post","status-publish","format-standard","has-post-thumbnail","hentry","category-noticias"],"_links":{"self":[{"href":"https:\/\/ceas.org.pe\/index.php\/wp-json\/wp\/v2\/posts\/3118","targetHints":{"allow":["GET"]}}],"collection":[{"href":"https:\/\/ceas.org.pe\/index.php\/wp-json\/wp\/v2\/posts"}],"about":[{"href":"https:\/\/ceas.org.pe\/index.php\/wp-json\/wp\/v2\/types\/post"}],"author":[{"embeddable":true,"href":"https:\/\/ceas.org.pe\/index.php\/wp-json\/wp\/v2\/users\/1"}],"replies":[{"embeddable":true,"href":"https:\/\/ceas.org.pe\/index.php\/wp-json\/wp\/v2\/comments?post=3118"}],"version-history":[{"count":1,"href":"https:\/\/ceas.org.pe\/index.php\/wp-json\/wp\/v2\/posts\/3118\/revisions"}],"predecessor-version":[{"id":6100,"href":"https:\/\/ceas.org.pe\/index.php\/wp-json\/wp\/v2\/posts\/3118\/revisions\/6100"}],"wp:featuredmedia":[{"embeddable":true,"href":"https:\/\/ceas.org.pe\/index.php\/wp-json\/wp\/v2\/media\/7930"}],"wp:attachment":[{"href":"https:\/\/ceas.org.pe\/index.php\/wp-json\/wp\/v2\/media?parent=3118"}],"wp:term":[{"taxonomy":"category","embeddable":true,"href":"https:\/\/ceas.org.pe\/index.php\/wp-json\/wp\/v2\/categories?post=3118"},{"taxonomy":"post_tag","embeddable":true,"href":"https:\/\/ceas.org.pe\/index.php\/wp-json\/wp\/v2\/tags?post=3118"}],"curies":[{"name":"wp","href":"https:\/\/api.w.org\/{rel}","templated":true}]}}