{"id":3117,"date":"2018-08-07T17:56:08","date_gmt":"2018-08-07T17:56:08","guid":{"rendered":""},"modified":"2026-03-11T09:11:57","modified_gmt":"2026-03-11T14:11:57","slug":"papa-francisco-reza-ante-la-tumba-de-pablo-vi","status":"publish","type":"post","link":"https:\/\/ceas.org.pe\/index.php\/2018\/08\/07\/papa-francisco-reza-ante-la-tumba-de-pablo-vi\/","title":{"rendered":"Papa Francisco reza ante la tumba de Pablo VI"},"content":{"rendered":"<p class=\"MsoNormal\" style=\"margin-bottom:0cm;margin-bottom:.0001pt;text-align:\njustify;line-height:normal\">El Santo Padre baj\u00f3 hasta las Cuevas del Vaticano para orar ante la tumba de Pablo VI, en el d\u00eda en el que se cumplen 40 a\u00f1os de su muerte.<o:p><\/o:p><\/p>\n<p class=\"MsoNormal\" style=\"margin-bottom:0cm;margin-bottom:.0001pt;text-align:\njustify;line-height:normal\"><o:p>\u00a0<\/o:p><\/p>\n<p style=\"margin: 0cm 0cm 0.0001pt; text-align: justify; background-image: initial; background-position: initial; background-size: initial; background-repeat: initial; background-attachment: initial; background-origin: initial; background-clip: initial;\"><span style=\"font-size: 11pt; font-family: Calibri, sans-serif;\">El Pont\u00edfice baj\u00f3 en la ma\u00f1ana del 6 de agosto hasta las grutas de la Bas\u00edlica de San Pedro del Vaticano para detenerse en meditaci\u00f3n \u2013 durante aproximadamente 10 minutos &#8211; ante la tumba de Pablo VI, coincidiendo con el 40 aniversario de su muerte, la cual fue el 6 de agosto de 1978 en Castel Gandolfo.<o:p><\/o:p><\/span><\/p>\n<p style=\"margin: 0cm 0cm 0.0001pt; background-image: initial; background-position: initial; background-size: initial; background-repeat: initial; background-attachment: initial; background-origin: initial; background-clip: initial; box-sizing: border-box; -webkit-tap-highlight-color: rgba(0, 0, 0, 0);\"><span style=\"font-size: 11pt; font-family: Calibri, sans-serif;\">\u00a0<\/span><\/p>\n<p style=\"margin: 0cm 0cm 0.0001pt; text-align: justify; background-image: initial; background-position: initial; background-size: initial; background-repeat: initial; background-attachment: initial; background-origin: initial; background-clip: initial;\"><span style=\"font-size: 11pt; font-family: Calibri, sans-serif;\">El d\u00eda anterior, durante el rezo del \u00c1ngelus del primer domingo de agosto, Francisco conmemor\u00f3 el d\u00eda de la muerte de su predecesor, el \u00abgran Papa de la modernidad\u00bb: \u00abLo recordamos con tanta veneraci\u00f3n y gratitud &#8211; dijo el Santo Padre \u2013 en espera de su canonizaci\u00f3n, el pr\u00f3ximo 14 de octubre\u00bb.<o:p><\/o:p><\/span><\/p>\n<h2 style=\"margin-top: 0cm; text-align: justify; line-height: normal; background-image: initial; background-position: initial; background-size: initial; background-repeat: initial; background-attachment: initial; background-origin: initial; background-clip: initial;\"><b><span style=\"font-size: 11pt; font-family: Calibri, sans-serif;\">\u00a0<\/span><\/b><\/h2>\n<h2 style=\"margin-top: 0cm; text-align: justify; line-height: normal; background-image: initial; background-position: initial; background-size: initial; background-repeat: initial; background-attachment: initial; background-origin: initial; background-clip: initial;\"><b><span style=\"font-size: 11pt; font-family: Calibri, sans-serif;\">Pablo VI, pontificado de la modernidad<\/span><\/b><span style=\"font-size: 11pt; font-family: Calibri, sans-serif;\"><o:p><\/o:p><\/span><\/h2>\n<p style=\"margin: 0cm 0cm 0.0001pt; background-image: initial; background-position: initial; background-size: initial; background-repeat: initial; background-attachment: initial; background-origin: initial; background-clip: initial; box-sizing: border-box; -webkit-tap-highlight-color: rgba(0, 0, 0, 0);\"><span style=\"font-size: 11pt; font-family: Calibri, sans-serif;\">El Pontificado de Pablo VI, que dur\u00f3 15 a\u00f1os y comenz\u00f3 el 21 de junio de 1963, se considera crucial para la historia de la Iglesia cat\u00f3lica, principalmente porque concluy\u00f3 el Concilio Vaticano II y marc\u00f3 la doctrina sobre la vida y el matrimonio con la enc\u00edclica \u201cHumanae Vitae\u201d de la cual este a\u00f1o se cumple el 50 aniversario.<o:p><\/o:p><\/span><\/p>\n<p>\u00a0<\/p>\n<p><i>Tomado de: VATICAN NEWS. Por Mireia Bonilla \u2013 Ciudad del Vaticano. 07 de agosto de 2018.<\/i>\u00a0<\/p>\n<p><a href=\"http:\/\/web.hilo.org.pe\/wp-content\/uploads\/Tumba de Pablo VI web.jpg\" target=\"_blank\" rel=\"noopener\">Ver archivo adjunto<\/a><\/p>\n","protected":false},"excerpt":{"rendered":"<p>El Santo Padre baj\u00f3 hasta las Cuevas del Vaticano para orar ante la tumba de Pablo VI, en el d\u00eda en el que se cumplen 40 a\u00f1os de su muerte.<\/p>\n","protected":false},"author":1,"featured_media":7855,"comment_status":"closed","ping_status":"closed","sticky":false,"template":"","format":"standard","meta":{"footnotes":""},"categories":[9],"tags":[],"class_list":["post-3117","post","type-post","status-publish","format-standard","has-post-thumbnail","hentry","category-noticias"],"_links":{"self":[{"href":"https:\/\/ceas.org.pe\/index.php\/wp-json\/wp\/v2\/posts\/3117","targetHints":{"allow":["GET"]}}],"collection":[{"href":"https:\/\/ceas.org.pe\/index.php\/wp-json\/wp\/v2\/posts"}],"about":[{"href":"https:\/\/ceas.org.pe\/index.php\/wp-json\/wp\/v2\/types\/post"}],"author":[{"embeddable":true,"href":"https:\/\/ceas.org.pe\/index.php\/wp-json\/wp\/v2\/users\/1"}],"replies":[{"embeddable":true,"href":"https:\/\/ceas.org.pe\/index.php\/wp-json\/wp\/v2\/comments?post=3117"}],"version-history":[{"count":1,"href":"https:\/\/ceas.org.pe\/index.php\/wp-json\/wp\/v2\/posts\/3117\/revisions"}],"predecessor-version":[{"id":6101,"href":"https:\/\/ceas.org.pe\/index.php\/wp-json\/wp\/v2\/posts\/3117\/revisions\/6101"}],"wp:featuredmedia":[{"embeddable":true,"href":"https:\/\/ceas.org.pe\/index.php\/wp-json\/wp\/v2\/media\/7855"}],"wp:attachment":[{"href":"https:\/\/ceas.org.pe\/index.php\/wp-json\/wp\/v2\/media?parent=3117"}],"wp:term":[{"taxonomy":"category","embeddable":true,"href":"https:\/\/ceas.org.pe\/index.php\/wp-json\/wp\/v2\/categories?post=3117"},{"taxonomy":"post_tag","embeddable":true,"href":"https:\/\/ceas.org.pe\/index.php\/wp-json\/wp\/v2\/tags?post=3117"}],"curies":[{"name":"wp","href":"https:\/\/api.w.org\/{rel}","templated":true}]}}