{"id":3116,"date":"2018-08-03T15:14:27","date_gmt":"2018-08-03T15:14:27","guid":{"rendered":""},"modified":"2026-03-11T09:11:57","modified_gmt":"2026-03-11T14:11:57","slug":"si-a-la-vida-no-a-la-pena-de-muerte-comunicado-pastoral-carcelaria-de-america-latina-y-el-caribe","status":"publish","type":"post","link":"https:\/\/ceas.org.pe\/index.php\/2018\/08\/03\/si-a-la-vida-no-a-la-pena-de-muerte-comunicado-pastoral-carcelaria-de-america-latina-y-el-caribe\/","title":{"rendered":"S\u00ed a la Vida, no a la pena de Muerte. Comunicado Pastoral Carcelaria de Am\u00e9rica Latina y el Caribe"},"content":{"rendered":"<p style=\"margin: 0cm 0cm 0.0001pt; text-align: justify; background-image: initial; background-position: initial; background-size: initial; background-repeat: initial; background-attachment: initial; background-origin: initial; background-clip: initial;\"><span style=\"font-size:11.0pt;font-family:\"Calibri\",\"sans-serif\";mso-ascii-theme-font:\nminor-latin;mso-hansi-theme-font:minor-latin;mso-bidi-theme-font:minor-latin\">La Pastoral Carcelaria de Am\u00e9rica Latina y El Caribe, en comuni\u00f3n con nuestros obispos, a trav\u00e9s del Consejo Episcopal Latinoamericano CELAM, queremos compartir con todo el Pueblo Santo de Dios nuestro gozo en el Esp\u00edritu por la decisi\u00f3n del Santo Padre el Papa Francisco de modificar el Catecismo de la Iglesia Cat\u00f3lica para afirmar con claridad prof\u00e9tica que la Iglesia rechaza radicalmente la Pena de Muerte y afirma y defiende la vida digna y en abundancia que Jesucristo nos ofrece (Jn. 10,10).<o:p><\/o:p><\/span><\/p>\n<p style=\"margin: 0cm 0cm 0.0001pt; text-align: justify; background-image: initial; background-position: initial; background-size: initial; background-repeat: initial; background-attachment: initial; background-origin: initial; background-clip: initial; box-sizing: border-box;\"><span style=\"font-size:11.0pt;\nfont-family:\"Calibri\",\"sans-serif\";mso-ascii-theme-font:minor-latin;mso-hansi-theme-font:\nminor-latin;mso-bidi-theme-font:minor-latin\">\u00a0<\/span><\/p>\n<p style=\"margin: 0cm 0cm 0.0001pt; text-align: justify; background-image: initial; background-position: initial; background-size: initial; background-repeat: initial; background-attachment: initial; background-origin: initial; background-clip: initial;\"><span style=\"font-size:11.0pt;font-family:\"Calibri\",\"sans-serif\";mso-ascii-theme-font:\nminor-latin;mso-hansi-theme-font:minor-latin;mso-bidi-theme-font:minor-latin\">El nuevo texto del Catecismo de la Iglesia Cat\u00f3lica cita:<o:p><\/o:p><\/span><\/p>\n<p style=\"margin: 0cm 0cm 0.0001pt; text-align: justify; background-image: initial; background-position: initial; background-size: initial; background-repeat: initial; background-attachment: initial; background-origin: initial; background-clip: initial;\"><span style=\"font-size:11.0pt;font-family:\"Calibri\",\"sans-serif\";mso-ascii-theme-font:\nminor-latin;mso-hansi-theme-font:minor-latin;mso-bidi-theme-font:minor-latin\">\u00a0<\/span><\/p>\n<p style=\"margin: 0cm 0cm 0.0001pt; text-align: justify; background-image: initial; background-position: initial; background-size: initial; background-repeat: initial; background-attachment: initial; background-origin: initial; background-clip: initial;\"><span style=\"font-size:11.0pt;font-family:\"Calibri\",\"sans-serif\";mso-ascii-theme-font:\nminor-latin;mso-hansi-theme-font:minor-latin;mso-bidi-theme-font:minor-latin\">\u00bb La Iglesia ense\u00f1a, a la luz del Evangelio, que la pena de muerte es inadmisible, porque atenta contra la inviolabilidad y la dignidad de la persona, y se compromete con determinaci\u00f3n a su abolici\u00f3n en todo el mundo\u201d (CIC 2267).<o:p><\/o:p><\/span><\/p>\n<p style=\"margin: 0cm 0cm 0.0001pt; text-align: justify; background-image: initial; background-position: initial; background-size: initial; background-repeat: initial; background-attachment: initial; background-origin: initial; background-clip: initial; box-sizing: border-box;\"><span style=\"font-size:11.0pt;\nfont-family:\"Calibri\",\"sans-serif\";mso-ascii-theme-font:minor-latin;mso-hansi-theme-font:\nminor-latin;mso-bidi-theme-font:minor-latin\">\u00a0<\/span><\/p>\n<p style=\"margin: 0cm 0cm 0.0001pt; text-align: justify; background-image: initial; background-position: initial; background-size: initial; background-repeat: initial; background-attachment: initial; background-origin: initial; background-clip: initial;\"><span style=\"font-size:11.0pt;font-family:\"Calibri\",\"sans-serif\";mso-ascii-theme-font:\nminor-latin;mso-hansi-theme-font:minor-latin;mso-bidi-theme-font:minor-latin\">De esta manera el Papa Francisco nos invita a obedecer el mandamiento del Se\u00f1or \u00abno matar\u00e1s\u00bb (Ex 20, 13) y ratifica el principio de la inviolabilidad de la vida y la dignidad humana, la cual \u00bb no se pierde ni siquiera despu\u00e9s de haber cometido cr\u00edmenes muy graves\u00bb (CIC 2267).<o:p><\/o:p><\/span><\/p>\n<p style=\"margin: 0cm 0cm 0.0001pt; background-image: initial; background-position: initial; background-size: initial; background-repeat: initial; background-attachment: initial; background-origin: initial; background-clip: initial; box-sizing: border-box;\"><span style=\"font-size:11.0pt;font-family:\"Calibri\",\"sans-serif\";\nmso-ascii-theme-font:minor-latin;mso-hansi-theme-font:minor-latin;mso-bidi-theme-font:\nminor-latin\">\u00a0<\/span><\/p>\n<p style=\"margin: 0cm 0cm 0.0001pt; text-align: justify; background-image: initial; background-position: initial; background-size: initial; background-repeat: initial; background-attachment: initial; background-origin: initial; background-clip: initial;\"><span style=\"font-size:11.0pt;font-family:\"Calibri\",\"sans-serif\";mso-ascii-theme-font:\nminor-latin;mso-hansi-theme-font:minor-latin;mso-bidi-theme-font:minor-latin\">Seg\u00fan el nuevo texto del Catecismo de la Iglesia \u00bb \u00abSe ha extendido una nueva comprensi\u00f3n acerca del sentido de las sanciones penales por parte del Estado. En fin, se han implementado sistemas de detenci\u00f3n m\u00e1s eficaces, que garantizan la necesaria defensa de los ciudadanos, pero que, al mismo tiempo, no le quitan al reo la posibilidad de redimirse definitivamente\u00bb (CIC 2267).<o:p><\/o:p><\/span><\/p>\n<p style=\"margin: 0cm 0cm 0.0001pt; text-align: justify; background-image: initial; background-position: initial; background-size: initial; background-repeat: initial; background-attachment: initial; background-origin: initial; background-clip: initial; box-sizing: border-box;\"><span style=\"font-size:11.0pt;\nfont-family:\"Calibri\",\"sans-serif\";mso-ascii-theme-font:minor-latin;mso-hansi-theme-font:\nminor-latin;mso-bidi-theme-font:minor-latin\">\u00a0<\/span><\/p>\n<p style=\"margin: 0cm 0cm 0.0001pt; text-align: justify; background-image: initial; background-position: initial; background-size: initial; background-repeat: initial; background-attachment: initial; background-origin: initial; background-clip: initial;\"><span style=\"font-size:11.0pt;font-family:\"Calibri\",\"sans-serif\";mso-ascii-theme-font:\nminor-latin;mso-hansi-theme-font:minor-latin;mso-bidi-theme-font:minor-latin\">Exhortamos a los Estados donde en la actualidad se aplica, a legislar aboliendo la pena de muerte y en aquellos donde no se contempla en su legislaci\u00f3n, a adoptar las medidas necesarias para garantizar su no incorporaci\u00f3n. A todos los hombres y mujeres de buena voluntad los exhortamos a contribuir en la generaci\u00f3n de una conciencia, en la opini\u00f3n p\u00fablica, cada vez mayor en defensa de la vida, desde la concepci\u00f3n.<o:p><\/o:p><\/span><\/p>\n<p style=\"margin: 0cm 0cm 0.0001pt; text-align: justify; background-image: initial; background-position: initial; background-size: initial; background-repeat: initial; background-attachment: initial; background-origin: initial; background-clip: initial; box-sizing: border-box;\"><span style=\"font-size:11.0pt;\nfont-family:\"Calibri\",\"sans-serif\";mso-ascii-theme-font:minor-latin;mso-hansi-theme-font:\nminor-latin;mso-bidi-theme-font:minor-latin\">\u00a0<\/span><\/p>\n<p style=\"margin: 0cm 0cm 0.0001pt; text-align: justify; background-image: initial; background-position: initial; background-size: initial; background-repeat: initial; background-attachment: initial; background-origin: initial; background-clip: initial;\"><span style=\"font-size:11.0pt;font-family:\"Calibri\",\"sans-serif\";mso-ascii-theme-font:\nminor-latin;mso-hansi-theme-font:minor-latin;mso-bidi-theme-font:minor-latin\">Esta modificaci\u00f3n la asumimos, tal como lo afirma el Cardenal Luis F. Ladaria, Prefecto de la Congregaci\u00f3n para la Doctrina de la Fe, como un \u00abaut\u00e9ntico desarrollo de la doctrina, cat\u00f3lica\u00bb, conscientes de que Francisco es Pedro y como Vicario de Cristo en la tierra tiene la facultad y el deber de ense\u00f1ar y orientar con base en el dep\u00f3sito de la fe y la tradici\u00f3n.<o:p><\/o:p><\/span><\/p>\n<p style=\"margin: 0cm 0cm 0.0001pt; text-align: justify; background-image: initial; background-position: initial; background-size: initial; background-repeat: initial; background-attachment: initial; background-origin: initial; background-clip: initial;\"><span style=\"font-size:11.0pt;font-family:\"Calibri\",\"sans-serif\";mso-ascii-theme-font:\nminor-latin;mso-hansi-theme-font:minor-latin;mso-bidi-theme-font:minor-latin\">\u00a0<\/span><\/p>\n<p style=\"margin: 0cm 0cm 0.0001pt; text-align: justify; background-image: initial; background-position: initial; background-size: initial; background-repeat: initial; background-attachment: initial; background-origin: initial; background-clip: initial; box-sizing: border-box;\"><span style=\"font-size:11.0pt;\nfont-family:\"Calibri\",\"sans-serif\";mso-ascii-theme-font:minor-latin;mso-hansi-theme-font:\nminor-latin;mso-bidi-theme-font:minor-latin\">Como agentes de Pastoral que caminamos junto con los privados y privadas de Libertad subrayamos que siempre hay que creer en la fuerza redentora y liberadora de la Misericordia y en la capacidad del ser humano creado a imagen y semejanza de Dios de redimirse.<o:p><\/o:p><\/span><\/p>\n<p style=\"margin: 0cm 0cm 0.0001pt; text-align: justify; background-image: initial; background-position: initial; background-size: initial; background-repeat: initial; background-attachment: initial; background-origin: initial; background-clip: initial; box-sizing: border-box;\"><span style=\"font-size:11.0pt;\nfont-family:\"Calibri\",\"sans-serif\";mso-ascii-theme-font:minor-latin;mso-hansi-theme-font:\nminor-latin;mso-bidi-theme-font:minor-latin\">\u00a0<\/span><\/p>\n<p style=\"margin: 0cm 0cm 0.0001pt; text-align: justify; background-image: initial; background-position: initial; background-size: initial; background-repeat: initial; background-attachment: initial; background-origin: initial; background-clip: initial;\"><span style=\"font-size:11.0pt;font-family:\"Calibri\",\"sans-serif\";mso-ascii-theme-font:\nminor-latin;mso-hansi-theme-font:minor-latin;mso-bidi-theme-font:minor-latin\">Los disc\u00edpulos misioneros de Jes\u00fas debemos amar, cuidar y defender la Vida humana, toda vida humana, por eso nos unimos al Papa Francisco y rechazamos la pena de muerte, al igual que la pena hasta la muerte.<o:p><\/o:p><\/span><\/p>\n<p style=\"margin: 0cm 0cm 0.0001pt; text-align: justify; background-image: initial; background-position: initial; background-size: initial; background-repeat: initial; background-attachment: initial; background-origin: initial; background-clip: initial;\"><span style=\"font-size:11.0pt;font-family:\"Calibri\",\"sans-serif\";mso-ascii-theme-font:\nminor-latin;mso-hansi-theme-font:minor-latin;mso-bidi-theme-font:minor-latin\"><br \/>\nBogot\u00e1, Colombia, a los dos d\u00edas del mes de agosto de 2018.<o:p><\/o:p><\/span><\/p>\n<p style=\"margin: 0cm 0cm 0.0001pt; background-image: initial; background-position: initial; background-size: initial; background-repeat: initial; background-attachment: initial; background-origin: initial; background-clip: initial; box-sizing: border-box;\"><span style=\"font-size:11.0pt;font-family:\"Calibri\",\"sans-serif\";\nmso-ascii-theme-font:minor-latin;mso-hansi-theme-font:minor-latin;mso-bidi-theme-font:\nminor-latin\"><br style=\"box-sizing: border-box\" \/><br \/>\nEn nombre de las Pastorales Carcelarias de Am\u00e9rica Latina y El Caribe.<o:p><\/o:p><\/span><\/p>\n<p align=\"center\" style=\"margin: 0cm 0cm 0.0001pt; background-image: initial; background-position: initial; background-size: initial; background-repeat: initial; background-attachment: initial; background-origin: initial; background-clip: initial; box-sizing: border-box;\"><span style=\"font-size:11.0pt;font-family:\"Calibri\",\"sans-serif\";\nmso-ascii-theme-font:minor-latin;mso-hansi-theme-font:minor-latin;mso-bidi-theme-font:\nminor-latin\"><br style=\"box-sizing: border-box\" \/><br \/>\nMons. Gustavo Rodr\u00edguez Vega<br style=\"box-sizing: border-box\" \/><br \/>\nPresidente del DEJUSOL CELAM<o:p><\/o:p><\/span><\/p>\n<p align=\"center\" style=\"margin: 0cm 0cm 0.0001pt; background-image: initial; background-position: initial; background-size: initial; background-repeat: initial; background-attachment: initial; background-origin: initial; background-clip: initial; box-sizing: border-box;\"><span style=\"font-size:11.0pt;font-family:\"Calibri\",\"sans-serif\";\nmso-ascii-theme-font:minor-latin;mso-hansi-theme-font:minor-latin;mso-bidi-theme-font:\nminor-latin\"><br \/>\nMons. Jorge Garc\u00eda Cuerva<br style=\"box-sizing: border-box\" \/><br \/>\nReferente Latinoamericano de la Pastoral Carcelaria<o:p><\/o:p><\/span><\/p>\n<p class=\"MsoNormal\" style=\"margin-bottom:0cm;margin-bottom:.0001pt;text-align:\njustify;line-height:normal\"><i>\u00a0<\/i><\/p>\n<p><i style=\"text-align: justify;\">Tomado de: http:\/\/www.celam.org\/ <span style=\"background-image: initial; background-position: initial; background-size: initial; background-repeat: initial; background-attachment: initial; background-origin: initial; background-clip: initial;\">02 de agosto de 2018<\/span>.<\/i>\u00a0<\/p>\n<p><a href=\"http:\/\/web.hilo.org.pe\/wp-content\/uploads\/logo CELAM WEB.jpg\" target=\"_blank\" rel=\"noopener\">Ver archivo adjunto<\/a><\/p>\n","protected":false},"excerpt":{"rendered":"<p>La Pastoral Carcelaria de Am\u00e9rica Latina y El Caribe, en comuni\u00f3n con nuestros obispos, a trav\u00e9s del Consejo Episcopal Latinoamericano CELAM, queremos compartir con todo el Pueblo Santo de Dios nuestro gozo en el Esp\u00edritu por la decisi\u00f3n del Santo Padre el Papa Francisco de modificar el Catecismo de la Iglesia Cat\u00f3lica para afirmar con claridad prof\u00e9tica que la Iglesia rechaza radicalmente la Pena de Muerte y afirma y defiende la vida digna y en abundancia que Jesucristo nos ofrece (Jn. 10,10).<\/p>\n","protected":false},"author":1,"featured_media":0,"comment_status":"closed","ping_status":"closed","sticky":false,"template":"","format":"standard","meta":{"footnotes":""},"categories":[9],"tags":[],"class_list":["post-3116","post","type-post","status-publish","format-standard","hentry","category-noticias"],"_links":{"self":[{"href":"https:\/\/ceas.org.pe\/index.php\/wp-json\/wp\/v2\/posts\/3116","targetHints":{"allow":["GET"]}}],"collection":[{"href":"https:\/\/ceas.org.pe\/index.php\/wp-json\/wp\/v2\/posts"}],"about":[{"href":"https:\/\/ceas.org.pe\/index.php\/wp-json\/wp\/v2\/types\/post"}],"author":[{"embeddable":true,"href":"https:\/\/ceas.org.pe\/index.php\/wp-json\/wp\/v2\/users\/1"}],"replies":[{"embeddable":true,"href":"https:\/\/ceas.org.pe\/index.php\/wp-json\/wp\/v2\/comments?post=3116"}],"version-history":[{"count":1,"href":"https:\/\/ceas.org.pe\/index.php\/wp-json\/wp\/v2\/posts\/3116\/revisions"}],"predecessor-version":[{"id":6102,"href":"https:\/\/ceas.org.pe\/index.php\/wp-json\/wp\/v2\/posts\/3116\/revisions\/6102"}],"wp:attachment":[{"href":"https:\/\/ceas.org.pe\/index.php\/wp-json\/wp\/v2\/media?parent=3116"}],"wp:term":[{"taxonomy":"category","embeddable":true,"href":"https:\/\/ceas.org.pe\/index.php\/wp-json\/wp\/v2\/categories?post=3116"},{"taxonomy":"post_tag","embeddable":true,"href":"https:\/\/ceas.org.pe\/index.php\/wp-json\/wp\/v2\/tags?post=3116"}],"curies":[{"name":"wp","href":"https:\/\/api.w.org\/{rel}","templated":true}]}}