{"id":3115,"date":"2018-08-03T14:36:20","date_gmt":"2018-08-03T14:36:20","guid":{"rendered":""},"modified":"2026-03-11T09:11:57","modified_gmt":"2026-03-11T14:11:57","slug":"pastoral-carcelaria-y-celam-el-papa-pide-obedecer-el-mandamiento-no-mataras","status":"publish","type":"post","link":"https:\/\/ceas.org.pe\/index.php\/2018\/08\/03\/pastoral-carcelaria-y-celam-el-papa-pide-obedecer-el-mandamiento-no-mataras\/","title":{"rendered":"Pastoral Carcelaria y CELAM: El Papa pide obedecer el mandamiento no matar\u00e1s"},"content":{"rendered":"<p class=\"MsoNormal\" style=\"margin-bottom:0cm;margin-bottom:.0001pt;text-align:\njustify;line-height:normal\"><span style=\"background-image: initial; background-position: initial; background-size: initial; background-repeat: initial; background-attachment: initial; background-origin: initial; background-clip: initial;\">La Pastoral Carcelaria de Am\u00e9rica Latina y El Caribe y el CELAM, comunica su alegr\u00eda ante la modificaci\u00f3n del Papa en el art\u00edculo del catecismo sobre la pena de muerte. Rafael Luciani, miembro del equipo de reflexi\u00f3n teol\u00f3gico-pastoral del CELAM explica los puntos fuertes del comunicado<\/span>.<o:p><\/o:p><\/p>\n<p class=\"MsoNormal\" style=\"margin-bottom:0cm;margin-bottom:.0001pt;text-align:\njustify;line-height:normal\"><span style=\"background-image: initial; background-position: initial; background-size: initial; background-repeat: initial; background-attachment: initial; background-origin: initial; background-clip: initial;\"><o:p>\u00a0<\/o:p><\/span><\/p>\n<p style=\"margin: 0cm 0cm 0.0001pt; text-align: justify; background-image: initial; background-position: initial; background-size: initial; background-repeat: initial; background-attachment: initial; background-origin: initial; background-clip: initial;\"><span style=\"font-size: 11pt; font-family: Calibri, sans-serif;\">Bajo el t\u00edtulo \u201cS\u00ed a la Vida, no a la pena de Muerte\u201d, la Pastoral Carcelaria de Am\u00e9rica Latina y el Caribe en comuni\u00f3n con el Consejo Episcopal Latinoamericano (CELAM) ha declarado, a trav\u00e9s de un comunicado, que se trata de una modificaci\u00f3n con la que el Papa \u201cnos invita a obedecer el mandamiento del Se\u00f1or \u00abno matar\u00e1s\u00bb y ratifica el principio de la inviolabilidad de la vida y la dignidad humana\u201d, la cual \u2013 asegura la Pastoral Carcelaria &#8211; \u00abno se pierde ni siquiera despu\u00e9s de haber cometido cr\u00edmenes muy graves\u00bb.<o:p><\/o:p><\/span><\/p>\n<p style=\"margin: 0cm 0cm 0.0001pt; text-align: justify; background-image: initial; background-position: initial; background-size: initial; background-repeat: initial; background-attachment: initial; background-origin: initial; background-clip: initial;\"><span style=\"font-size: 11pt; font-family: Calibri, sans-serif;\">\u00a0<\/span><\/p>\n<p style=\"margin: 0cm 0cm 0.0001pt; background-image: initial; background-position: initial; background-size: initial; background-repeat: initial; background-attachment: initial; background-origin: initial; background-clip: initial; box-sizing: border-box; -webkit-tap-highlight-color: rgba(0, 0, 0, 0);\"><span style=\"font-size: 11pt; font-family: Calibri, sans-serif;\">En sus declaraciones tambi\u00e9n exhortan a los Estados donde en la actualidad se aplica \u201ca legislar aboliendo la pena de muerte\u201d y a todos los hombres y mujeres de buena voluntad \u201ca contribuir a crear en la opini\u00f3n p\u00fablica una conciencia cada vez mayor en defensa de la Vida, desde la concepci\u00f3n\u201d.<o:p><\/o:p><\/span><\/p>\n<h2 style=\"margin-top: 0cm; text-align: justify; line-height: normal; background-image: initial; background-position: initial; background-size: initial; background-repeat: initial; background-attachment: initial; background-origin: initial; background-clip: initial;\"><span style=\"font-size: 11pt; font-family: Calibri, sans-serif; font-weight: normal;\">\u00a0<\/span><\/h2>\n<h2 style=\"margin-top: 0cm; text-align: justify; line-height: normal; background-image: initial; background-position: initial; background-size: initial; background-repeat: initial; background-attachment: initial; background-origin: initial; background-clip: initial;\"><span style=\"font-size: 11pt; font-family: Calibri, sans-serif; font-weight: normal;\">Puntos clave del comunicado: desarrollo de la doctrina cat\u00f3lica y la importancia de la vida<o:p><\/o:p><\/span><\/h2>\n<p style=\"margin: 0cm 0cm 0.0001pt; background-image: initial; background-position: initial; background-size: initial; background-repeat: initial; background-attachment: initial; background-origin: initial; background-clip: initial; box-sizing: border-box; -webkit-tap-highlight-color: rgba(0, 0, 0, 0);\"><span style=\"font-size: 11pt; font-family: Calibri, sans-serif;\">Se trata de una modificaci\u00f3n, la cual \u2013 dice la Pastoral Carcelaria y el CELAM \u2013 \u201cla asumimos, tal como lo afirma el Cardenal Luis F. Ladaria, Prefecto de la Congregaci\u00f3n para la Doctrina de la Fe, como un \u00abaut\u00e9ntico desarrollo de la doctrina cat\u00f3lica\u00bb.<o:p><\/o:p><\/span><\/p>\n<p style=\"margin: 0cm 0cm 0.0001pt; background-image: initial; background-position: initial; background-size: initial; background-repeat: initial; background-attachment: initial; background-origin: initial; background-clip: initial; box-sizing: border-box; -webkit-tap-highlight-color: rgba(0, 0, 0, 0);\"><span style=\"font-size: 11pt; font-family: Calibri, sans-serif;\">\u00a0<\/span><\/p>\n<p style=\"margin: 0cm 0cm 0.0001pt; text-align: justify; background-image: initial; background-position: initial; background-size: initial; background-repeat: initial; background-attachment: initial; background-origin: initial; background-clip: initial;\"><span style=\"font-size: 11pt; font-family: Calibri, sans-serif;\">Y este desarrollo del que habla el Cardenal Ladaria es uno de los dos puntos importantes de este comunicado, dice Rafael Luciani, miembro del equipo de reflexi\u00f3n teol\u00f3gico-pastoral del CELAM: \u201cEsto es algo que muchas conciencias cat\u00f3licas cre\u00edan que no pod\u00eda suceder y hoy vemos como Francisco, a la luz del Evangelio, rescatando el sentido de la vida hace esta profundizaci\u00f3n y desarrollo de la doctrina\u201d. \u00a0<o:p><\/o:p><\/span><\/p>\n<p style=\"margin: 0cm 0cm 0.0001pt; background-image: initial; background-position: initial; background-size: initial; background-repeat: initial; background-attachment: initial; background-origin: initial; background-clip: initial; box-sizing: border-box; -webkit-tap-highlight-color: rgba(0, 0, 0, 0);\"><span style=\"font-size: 11pt; font-family: Calibri, sans-serif;\">\u00a0<\/span><\/p>\n<p style=\"margin: 0cm 0cm 0.0001pt; text-align: justify; background-image: initial; background-position: initial; background-size: initial; background-repeat: initial; background-attachment: initial; background-origin: initial; background-clip: initial;\"><span style=\"font-size: 11pt; font-family: Calibri, sans-serif;\">El segundo punto importante para Luciani es \u201cla vida\u201d: \u201cSe debe dejar a la persona vivir, incluso habiendo cometido el crimen que sea, dejarlo vivir y no finalizar en su muerte\u201d expresa el miembro del equipo de reflexi\u00f3n teol\u00f3gico-pastoral del CELAM.<o:p><\/o:p><\/span><\/p>\n<h2 style=\"margin-top: 0cm; line-height: normal; background-image: initial; background-position: initial; background-size: initial; background-repeat: initial; background-attachment: initial; background-origin: initial; background-clip: initial; box-sizing: border-box; -webkit-tap-highlight-color: rgba(0, 0, 0, 0);\"><span style=\"font-size: 11pt; font-family: Calibri, sans-serif; font-weight: normal;\">\u00a0<\/span><\/h2>\n<h2 style=\"margin-top: 0cm; text-align: justify; line-height: normal; background-image: initial; background-position: initial; background-size: initial; background-repeat: initial; background-attachment: initial; background-origin: initial; background-clip: initial;\"><span style=\"font-size: 11pt; font-family: Calibri, sans-serif;\">El nuevo texto sobre la pena de muerte est\u00e1 vinculado a la salvaci\u00f3n<o:p><\/o:p><\/span><\/h2>\n<p style=\"margin: 0cm 0cm 0.0001pt; background-image: initial; background-position: initial; background-size: initial; background-repeat: initial; background-attachment: initial; background-origin: initial; background-clip: initial; box-sizing: border-box; -webkit-tap-highlight-color: rgba(0, 0, 0, 0);\"><span style=\"font-size: 11pt; font-family: Calibri, sans-serif;\">\u201cHay que rescatar la posibilidad de que en el transcurso de su vida la persona pueda redimirse, pueda encontrarse con el mal que ha hecho y restaurarlo\u201d explica Luciani, asegurando que esta modificaci\u00f3n del Papa se trata de un tema de \u201csalvaci\u00f3n\u201d: \u201cEl Papa quiere salvaguardar la libertad humana de cara a la posibilidad de que siempre Dios abre la salvaci\u00f3n a la persona independientemente de lo que haya hecho\u201d.<o:p><\/o:p><\/span><\/p>\n<h2 style=\"margin-top: 0cm; line-height: normal; background-image: initial; background-position: initial; background-size: initial; background-repeat: initial; background-attachment: initial; background-origin: initial; background-clip: initial; box-sizing: border-box; -webkit-tap-highlight-color: rgba(0, 0, 0, 0);\"><span style=\"font-size: 11pt; font-family: Calibri, sans-serif; font-weight: normal;\">\u00a0<\/span><\/h2>\n<h2 style=\"margin-top: 0cm; text-align: justify; line-height: normal; background-image: initial; background-position: initial; background-size: initial; background-repeat: initial; background-attachment: initial; background-origin: initial; background-clip: initial;\"><span style=\"font-size: 11pt; font-family: Calibri, sans-serif;\">Pena de muerte: Norte Am\u00e9rica vs Am\u00e9rica Latina<o:p><\/o:p><\/span><\/h2>\n<p style=\"margin: 0cm 0cm 0.0001pt; background-image: initial; background-position: initial; background-size: initial; background-repeat: initial; background-attachment: initial; background-origin: initial; background-clip: initial; box-sizing: border-box; -webkit-tap-highlight-color: rgba(0, 0, 0, 0);\"><span style=\"font-size: 11pt; font-family: Calibri, sans-serif;\">Luciani concluye explicando que la modificaci\u00f3n de este art\u00edculo en el Catecismo de la Iglesia Cat\u00f3lica \u201cpuede afectar m\u00e1s a pa\u00edses del norte como Estados Unidos\u201d, donde la pena de muerte \u201csigue siendo algo no solo establecido legalmente sino que culturalmente apoyado\u201d. En Am\u00e9rica Latina, por el contrario \u2013 dice Luciani \u2013 \u201cla defensa de la vida siempre ha sido un valor\u201d: \u201crecordemos que en la mayor\u00eda de los pa\u00edses hay vicarias en pro de la defensa de la vida, marchas en defensa de la vida y una serie de actividades pastorales para defender la vida\u201d. La reflexi\u00f3n en Am\u00e9rica Latina y el Caribe \u201ces m\u00e1s positiva que en otros contextos \u2013 finaliza &#8211; donde hay una cultura instaurada en las personas frente a quien est\u00e1 en la c\u00e1rcel pensando y creyendo que debe morir\u201d.<o:p><\/o:p><\/span><\/p>\n<p class=\"MsoNormal\" style=\"margin-bottom:0cm;margin-bottom:.0001pt;text-align:\njustify;line-height:normal\"><i>\u00a0<\/i><\/p>\n<p><i style=\"text-align: justify;\"><span style=\"background-image: initial; background-position: initial; background-size: initial; background-repeat: initial; background-attachment: initial; background-origin: initial; background-clip: initial;\">Tomado de: VATICAN NEWS. Por Mireia Bonilla \u2013 Ciudad del Vaticano. 03 de agosto de 2018<\/span>.<\/i>\u00a0<\/p>\n<p><a href=\"http:\/\/web.hilo.org.pe\/wp-content\/uploads\/pena de muerte 2 web.jpg\" target=\"_blank\" rel=\"noopener\">Ver archivo adjunto<\/a><\/p>\n","protected":false},"excerpt":{"rendered":"<p>La Pastoral Carcelaria de Am\u00e9rica Latina y El Caribe y el CELAM, comunica su alegr\u00eda ante la modificaci\u00f3n del Papa en el art\u00edculo del catecismo sobre la pena de muerte. Rafael Luciani, miembro del equipo de reflexi\u00f3n teol\u00f3gico-pastoral del CELAM explica los puntos fuertes del comunicado.<\/p>\n","protected":false},"author":1,"featured_media":0,"comment_status":"closed","ping_status":"closed","sticky":false,"template":"","format":"standard","meta":{"footnotes":""},"categories":[9],"tags":[],"class_list":["post-3115","post","type-post","status-publish","format-standard","hentry","category-noticias"],"_links":{"self":[{"href":"https:\/\/ceas.org.pe\/index.php\/wp-json\/wp\/v2\/posts\/3115","targetHints":{"allow":["GET"]}}],"collection":[{"href":"https:\/\/ceas.org.pe\/index.php\/wp-json\/wp\/v2\/posts"}],"about":[{"href":"https:\/\/ceas.org.pe\/index.php\/wp-json\/wp\/v2\/types\/post"}],"author":[{"embeddable":true,"href":"https:\/\/ceas.org.pe\/index.php\/wp-json\/wp\/v2\/users\/1"}],"replies":[{"embeddable":true,"href":"https:\/\/ceas.org.pe\/index.php\/wp-json\/wp\/v2\/comments?post=3115"}],"version-history":[{"count":1,"href":"https:\/\/ceas.org.pe\/index.php\/wp-json\/wp\/v2\/posts\/3115\/revisions"}],"predecessor-version":[{"id":6103,"href":"https:\/\/ceas.org.pe\/index.php\/wp-json\/wp\/v2\/posts\/3115\/revisions\/6103"}],"wp:attachment":[{"href":"https:\/\/ceas.org.pe\/index.php\/wp-json\/wp\/v2\/media?parent=3115"}],"wp:term":[{"taxonomy":"category","embeddable":true,"href":"https:\/\/ceas.org.pe\/index.php\/wp-json\/wp\/v2\/categories?post=3115"},{"taxonomy":"post_tag","embeddable":true,"href":"https:\/\/ceas.org.pe\/index.php\/wp-json\/wp\/v2\/tags?post=3115"}],"curies":[{"name":"wp","href":"https:\/\/api.w.org\/{rel}","templated":true}]}}