{"id":3114,"date":"2018-08-03T13:58:46","date_gmt":"2018-08-03T13:58:46","guid":{"rendered":""},"modified":"2026-03-11T09:11:57","modified_gmt":"2026-03-11T14:11:57","slug":"homilia-de-mons-pedro-barreto-s-j-arzobispo-de-huancayo-cardenal-de-la-iglesia-catolica","status":"publish","type":"post","link":"https:\/\/ceas.org.pe\/index.php\/2018\/08\/03\/homilia-de-mons-pedro-barreto-s-j-arzobispo-de-huancayo-cardenal-de-la-iglesia-catolica\/","title":{"rendered":"Homil\u00eda de Mons. Pedro Barreto, S.J. Arzobispo de Huancayo &#8211; Cardenal de la Iglesia Cat\u00f3lica"},"content":{"rendered":"<p class=\"MsoNormal\" style=\"margin-bottom: 0.0001pt; text-align: justify; line-height: normal; background-image: initial; background-position: initial; background-size: initial; background-repeat: initial; background-attachment: initial; background-origin: initial; background-clip: initial;\"><span style=\"mso-fareast-font-family:\n\"Times New Roman\";mso-bidi-font-family:Calibri;mso-bidi-theme-font:minor-latin;\ncolor:#1D2129;mso-fareast-language:ES-PE\">Para m\u00ed es un privilegio presidir la Eucarist\u00eda en este querido templo que est\u00e1 consagrado con el t\u00edtulo de los ap\u00f3stoles Pedro y Pablo. Nac\u00ed muy cerca de aqu\u00ed, en la esquina de los jirones Az\u00e1ngaro y Mir\u00f3 Quesada. Mis padres, Pedro (muri\u00f3 a los 44 a\u00f1os de edad) y Elvira cuidaron de cada uno de sus seis hijos. Desde peque\u00f1os contamos con el valioso apoyo de tres t\u00edas solteras (hermanas de mi padre) que viv\u00edan con nosotros y nos pusieron en contacto con los jesuitas y con esta Parroquia. <o:p><\/o:p><\/span><\/p>\n<p class=\"MsoNormal\" style=\"margin-bottom: 0.0001pt; text-align: justify; line-height: normal; background-image: initial; background-position: initial; background-size: initial; background-repeat: initial; background-attachment: initial; background-origin: initial; background-clip: initial;\"><span style=\"mso-fareast-font-family:\n\"Times New Roman\";mso-bidi-font-family:Calibri;mso-bidi-theme-font:minor-latin;\ncolor:#1D2129;mso-fareast-language:ES-PE\">\u00a0<\/span><\/p>\n<p class=\"MsoNormal\" style=\"margin-bottom: 0.0001pt; text-align: justify; line-height: normal; background-image: initial; background-position: initial; background-size: initial; background-repeat: initial; background-attachment: initial; background-origin: initial; background-clip: initial;\"><span style=\"mso-fareast-font-family:\n\"Times New Roman\";mso-bidi-font-family:Calibri;mso-bidi-theme-font:minor-latin;\ncolor:#1D2129;mso-fareast-language:ES-PE\">Fui bautizado por el Padre Bautista, serv\u00ed como ac\u00f3lito en mi ni\u00f1ez y descubr\u00ed los signos iniciales de mi llamado del Se\u00f1or a la Compa\u00f1\u00eda de Jes\u00fas. Recuerdo con mucho cari\u00f1o y gratitud al Hno. I\u00f1aqui Elorza, a los Padres Jos\u00e9 Torrijos, Mart\u00edn Urrutia, Jos\u00e9 Vicente y Pablo V\u00e1squez entre otros. <o:p><\/o:p><\/span><\/p>\n<p class=\"MsoNormal\" style=\"margin-bottom: 0.0001pt; text-align: justify; line-height: normal; background-image: initial; background-position: initial; background-size: initial; background-repeat: initial; background-attachment: initial; background-origin: initial; background-clip: initial;\"><span style=\"mso-fareast-font-family:\n\"Times New Roman\";mso-bidi-font-family:Calibri;mso-bidi-theme-font:minor-latin;\ncolor:#1D2129;mso-fareast-language:ES-PE\">\u00a0<\/span><\/p>\n<p class=\"MsoNormal\" style=\"margin-bottom: 0.0001pt; text-align: justify; line-height: normal; background-image: initial; background-position: initial; background-size: initial; background-repeat: initial; background-attachment: initial; background-origin: initial; background-clip: initial;\"><span style=\"mso-fareast-font-family:\n\"Times New Roman\";mso-bidi-font-family:Calibri;mso-bidi-theme-font:minor-latin;\ncolor:#1D2129;mso-fareast-language:ES-PE\">Desde los seis a\u00f1os de edad estudi\u00e9 en el Colegio de la Inmaculada, donde conoc\u00ed a las Religiosas Siervas de San Jos\u00e9 y a cuatro jesuitas que despu\u00e9s fueron obispos: el Cardenal Augusto Vargas Alzamora, mi asesor espiritual en los \u00faltimos a\u00f1os de la secundaria; Mons. Ricardo Durand, Mons. Fernando Vargas quien me orden\u00f3 sacerdote y Mons. Luis Bambar\u00e9n; tambi\u00e9n a los Hermanos Santos Garc\u00eda, Ar\u00e1ndiga, Arias, Pedro S\u00e1iz y a los Padres Luchito G\u00e1mez, Porfirio Mart\u00edn, Ridruejo, Mac Gregor, Repull\u00e9s, Lucho Benito, Bertr\u00e1n de Lis\u2026 <o:p><\/o:p><\/span><\/p>\n<p class=\"MsoNormal\" style=\"margin-bottom: 0.0001pt; text-align: justify; line-height: normal; background-image: initial; background-position: initial; background-size: initial; background-repeat: initial; background-attachment: initial; background-origin: initial; background-clip: initial;\"><span style=\"mso-fareast-font-family:\n\"Times New Roman\";mso-bidi-font-family:Calibri;mso-bidi-theme-font:minor-latin;\ncolor:#1D2129;mso-fareast-language:ES-PE\">\u00a0<\/span><\/p>\n<p class=\"MsoNormal\" style=\"margin-bottom: 0.0001pt; text-align: justify; line-height: normal; background-image: initial; background-position: initial; background-size: initial; background-repeat: initial; background-attachment: initial; background-origin: initial; background-clip: initial;\"><span style=\"mso-fareast-font-family:\n\"Times New Roman\";mso-bidi-font-family:Calibri;mso-bidi-theme-font:minor-latin;\ncolor:#1D2129;mso-fareast-language:ES-PE\">La lista ser\u00eda interminable si nombro a los compa\u00f1eros que compart\u00ed en estos 57 a\u00f1os en la Compa\u00f1\u00eda de Jes\u00fas. De los cuales 17 los he vivido en el ministerio episcopal en Ja\u00e9n y Huancayo. Recuerdo que en este templo, el 1\u00b0 de enero del 2002, Mons. Jos\u00e9 Mar\u00eda Izuzquiza, mi predecesor en el Vicariato Apost\u00f3lico de Ja\u00e9n, me consagr\u00f3 Obispo. En su homil\u00eda \u2013de manera prof\u00e9tica y evang\u00e9lica- me dijo: \u201cPedro, a partir de ahora te llamar\u00e1n monse\u00f1or, excelencia\u2026 \u00a1no te lo creas! Jes\u00fas no ha venido a repartir dignidades, sino a compartir su cruz que es la de la humanidad de hoy\u201d.<o:p><\/o:p><\/span><\/p>\n<p class=\"MsoNormal\" style=\"margin-bottom: 0.0001pt; text-align: justify; line-height: normal; background-image: initial; background-position: initial; background-size: initial; background-repeat: initial; background-attachment: initial; background-origin: initial; background-clip: initial;\"><span style=\"mso-fareast-font-family:\n\"Times New Roman\";mso-bidi-font-family:Calibri;mso-bidi-theme-font:minor-latin;\ncolor:#1D2129;mso-fareast-language:ES-PE\">\u00a0<\/span><\/p>\n<p class=\"MsoNormal\" style=\"margin-bottom: 0.0001pt; text-align: justify; line-height: normal; background-image: initial; background-position: initial; background-size: initial; background-repeat: initial; background-attachment: initial; background-origin: initial; background-clip: initial;\"><span style=\"mso-fareast-font-family:\n\"Times New Roman\";mso-bidi-font-family:Calibri;mso-bidi-theme-font:minor-latin;\ncolor:#1D2129;mso-fareast-language:ES-PE\">En este contexto personal, agradezco, con las palabras de Pablo: <i>\u201ca Cristo Jes\u00fas, nuestro Se\u00f1or, que me hizo capaz, se fi\u00f3 de m\u00ed y me confi\u00f3 este ministerio\u2026 vino al mundo para salvar a los pecadores, y yo soy el primero\u201d<\/i> (Ga. 1,12 ss). Y as\u00ed, ha querido que el Obispo de Roma, el Papa Francisco, me incluya en el grupo de cardenales, asesores suyos inmediatos, para ampliar y profundizar a\u00fan m\u00e1s mi servicio a Cristo en la Iglesia y desde ella a la humanidad. <o:p><\/o:p><\/span><\/p>\n<p class=\"MsoNormal\" style=\"margin-bottom: 0.0001pt; text-align: justify; line-height: normal; background-image: initial; background-position: initial; background-size: initial; background-repeat: initial; background-attachment: initial; background-origin: initial; background-clip: initial;\"><span style=\"mso-fareast-font-family:\n\"Times New Roman\";mso-bidi-font-family:Calibri;mso-bidi-theme-font:minor-latin;\ncolor:#1D2129;mso-fareast-language:ES-PE\">\u00a0<\/span><\/p>\n<p class=\"MsoNormal\" style=\"margin-bottom: 0.0001pt; text-align: justify; line-height: normal; background-image: initial; background-position: initial; background-size: initial; background-repeat: initial; background-attachment: initial; background-origin: initial; background-clip: initial;\"><span style=\"mso-fareast-font-family:\n\"Times New Roman\";mso-bidi-font-family:Calibri;mso-bidi-theme-font:minor-latin;\ncolor:#1D2129;mso-fareast-language:ES-PE\">Al ser creado cardenal he recibido el encargo del mismo Santo Padre Francisco de tomar posesi\u00f3n de la Parroquia \u201csan Pedro y san Pablo\u201d en la V\u00eda Ostiense en Roma, como signo de pertenencia al clero romano y de comuni\u00f3n con el papa Francisco. Ante este signo coincidente de la Providencia de Dios, esta noche deseo reafirmar, mi identificaci\u00f3n con Cristo, manifest\u00e1ndome que el principio y el final de mi vida est\u00e9n ligados en torno a estos dos grandes ap\u00f3stoles y a esta muy querida y entra\u00f1able Iglesia de san Pedro y san Pablo donde conoc\u00ed a la Compa\u00f1\u00eda de Jes\u00fas y me hizo pedir incesantemente el: \u201cconocimiento interno de tanto bien recibido para que yo, enteramente reconociendo, pueda en todo amar y servir a Dios\u201d.<o:p><\/o:p><\/span><\/p>\n<p class=\"MsoNormal\" style=\"margin-bottom: 0.0001pt; text-align: justify; line-height: normal; background-image: initial; background-position: initial; background-size: initial; background-repeat: initial; background-attachment: initial; background-origin: initial; background-clip: initial;\"><span style=\"mso-fareast-font-family:\n\"Times New Roman\";mso-bidi-font-family:Calibri;mso-bidi-theme-font:minor-latin;\ncolor:#1D2129;mso-fareast-language:ES-PE\">\u00a0<\/span><\/p>\n<p class=\"MsoNormal\" style=\"margin-bottom: 0.0001pt; text-align: justify; line-height: normal; background-image: initial; background-position: initial; background-size: initial; background-repeat: initial; background-attachment: initial; background-origin: initial; background-clip: initial;\"><span style=\"mso-fareast-font-family:\n\"Times New Roman\";mso-bidi-font-family:Calibri;mso-bidi-theme-font:minor-latin;\ncolor:#1D2129;mso-fareast-language:ES-PE\">Sin embargo deseo resaltar esta noche un motivo de inmensa alegr\u00eda al celebrar la fiesta de San Ignacio de Loyola, y conmemorar, al mismo tiempo, los 450 a\u00f1os de la llegada de la Compa\u00f1\u00eda de Jes\u00fas al Per\u00fa. Con mis hermanos jesuitas, religiosas y los laicos llamados a vivir su compromiso eclesial desde la espiritualidad ignaciana, alabamos al Se\u00f1or, fuente de todo bien, por las innumerables gracias con que, a pesar de nuestras flaquezas y limitaciones, ha bendecido a la Compa\u00f1\u00eda de Jes\u00fas. <o:p><\/o:p><\/span><\/p>\n<p class=\"MsoNormal\" style=\"margin-bottom: 0.0001pt; text-align: justify; line-height: normal; background-image: initial; background-position: initial; background-size: initial; background-repeat: initial; background-attachment: initial; background-origin: initial; background-clip: initial;\"><span style=\"mso-fareast-font-family:\n\"Times New Roman\";mso-bidi-font-family:Calibri;mso-bidi-theme-font:minor-latin;\ncolor:#1D2129;mso-fareast-language:ES-PE\">\u00a0<\/span><\/p>\n<p class=\"MsoNormal\" style=\"margin-bottom: 0.0001pt; text-align: justify; line-height: normal; background-image: initial; background-position: initial; background-size: initial; background-repeat: initial; background-attachment: initial; background-origin: initial; background-clip: initial;\"><span style=\"mso-fareast-font-family:\n\"Times New Roman\";mso-bidi-font-family:Calibri;mso-bidi-theme-font:minor-latin;\ncolor:#1D2129;mso-fareast-language:ES-PE\">Nuestra acci\u00f3n de gracias va unida a un emocionado y fraternal recuerdo de las generaciones de jesuitas que han amado y servido a nuestra patria, a sus culturas y a su historia, en justicia y dignidad, en servicio y solidaridad. Esta es una gloriosa herencia que nos compromete a tomar conciencia de una grave situaci\u00f3n que vivimos en el Per\u00fa: la corrupci\u00f3n generalizada.<o:p><\/o:p><\/span><\/p>\n<p class=\"MsoNormal\" style=\"margin-bottom: 0.0001pt; text-align: justify; line-height: normal; background-image: initial; background-position: initial; background-size: initial; background-repeat: initial; background-attachment: initial; background-origin: initial; background-clip: initial;\"><span style=\"mso-fareast-font-family:\n\"Times New Roman\";mso-bidi-font-family:Calibri;mso-bidi-theme-font:minor-latin;\ncolor:#1D2129;mso-fareast-language:ES-PE\">\u00a0<\/span><\/p>\n<p class=\"MsoNormal\" style=\"margin-bottom: 0.0001pt; text-align: justify; line-height: normal; background-image: initial; background-position: initial; background-size: initial; background-repeat: initial; background-attachment: initial; background-origin: initial; background-clip: initial;\"><span style=\"mso-fareast-font-family:\n\"Times New Roman\";mso-bidi-font-family:Calibri;mso-bidi-theme-font:minor-latin;\ncolor:#1D2129;mso-fareast-language:ES-PE\">Con el Papa Francisco afirmamos que \u201cla corrupci\u00f3n es un proceso de destrucci\u00f3n que nutre la cultura de muerte porque el af\u00e1n de poder y de tener no tiene l\u00edmites. La corrupci\u00f3n no se combate con el silencio. Debemos hablar de ella, denunciar sus males, comprenderla para poder mostrar la voluntad de hacer valer la misericordia sobre la mezquindad, la belleza sobre la nada. Pidamos juntos -contin\u00faa el papa Francisco- para que aquellos que tienen un poder material, pol\u00edtico o espiritual no se dejen vencer por la corrupci\u00f3n\u201d (<a href=\"https:\/\/l.facebook.com\/l.php?u=http%3A%2F%2FWWW.ELVIDEODELPAPA.ORG%2F&#038;h=AT0O9pbDs2fZgttuv8tpsYyq2iM3X4yFJ1fx0qHU-8BMiPO97AgnnPhMvq4B5s6IAIRA7uOZ7lN_djyAAKs045fjmE30XF-dC4zmVyMvuTVEyQUTbkPLloKkAHiPgXXmIK4\" target=\"_blank\"><span style=\"color: rgb(54, 88, 153); text-decoration-line: none;\">WWW.ELVIDEODELPAPA.ORG<\/span><\/a> &#8211; NO A LA CORRUPCI\u00d3N).<o:p><\/o:p><\/span><\/p>\n<p class=\"MsoNormal\" style=\"margin-bottom: 0.0001pt; text-align: justify; line-height: normal; background-image: initial; background-position: initial; background-size: initial; background-repeat: initial; background-attachment: initial; background-origin: initial; background-clip: initial;\"><span style=\"mso-fareast-font-family:\n\"Times New Roman\";mso-bidi-font-family:Calibri;mso-bidi-theme-font:minor-latin;\ncolor:#1D2129;mso-fareast-language:ES-PE\">\u00a0<\/span><\/p>\n<p class=\"MsoNormal\" style=\"margin-bottom: 0.0001pt; text-align: justify; line-height: normal; background-image: initial; background-position: initial; background-size: initial; background-repeat: initial; background-attachment: initial; background-origin: initial; background-clip: initial;\"><span style=\"mso-fareast-font-family:\n\"Times New Roman\";mso-bidi-font-family:Calibri;mso-bidi-theme-font:minor-latin;\ncolor:#1D2129;mso-fareast-language:ES-PE\">Ante este flagelo de la gran corrupci\u00f3n no podemos eximirnos, todos los peruanos y peruanas, de nuestra responsabilidad personal y social de construir la paz; de salvar a los inocentes que son nuestros ni\u00f1os y j\u00f3venes, igual a los ancianos y a todos aquellos que se sienten \u201cextra\u00f1os\u201d en su propia tierra. No podemos lavarnos las manos, como Pilatos, y dejar que el poder del mal destruya los valores de la peruanidad: la libertad e independencia \u201cpor la voluntad general de los pueblos y por la justicia de su causa que Dios defiende\u201d.<o:p><\/o:p><\/span><\/p>\n<p class=\"MsoNormal\" style=\"margin-bottom: 0.0001pt; text-align: justify; line-height: normal; background-image: initial; background-position: initial; background-size: initial; background-repeat: initial; background-attachment: initial; background-origin: initial; background-clip: initial;\"><span style=\"mso-fareast-font-family:\n\"Times New Roman\";mso-bidi-font-family:Calibri;mso-bidi-theme-font:minor-latin;\ncolor:#1D2129;mso-fareast-language:ES-PE\">\u00a0<\/span><\/p>\n<p class=\"MsoNormal\" style=\"margin-bottom: 0.0001pt; text-align: justify; line-height: normal; background-image: initial; background-position: initial; background-size: initial; background-repeat: initial; background-attachment: initial; background-origin: initial; background-clip: initial;\"><span style=\"mso-fareast-font-family:\n\"Times New Roman\";mso-bidi-font-family:Calibri;mso-bidi-theme-font:minor-latin;\ncolor:#1D2129;mso-fareast-language:ES-PE\">Y aqu\u00ed no puedo dejar de mencionar y agradecer el inspirado y valiente mensaje que ofreci\u00f3 a la Naci\u00f3n el pasado 28 de julio el Se\u00f1or Presidente Constitucional de la Rep\u00fablica, Ingeniero Mart\u00edn Vizcarra. <o:p><\/o:p><\/span><\/p>\n<p class=\"MsoNormal\" style=\"margin-bottom: 0.0001pt; text-align: justify; line-height: normal; background-image: initial; background-position: initial; background-size: initial; background-repeat: initial; background-attachment: initial; background-origin: initial; background-clip: initial;\"><span style=\"mso-fareast-font-family:\n\"Times New Roman\";mso-bidi-font-family:Calibri;mso-bidi-theme-font:minor-latin;\ncolor:#1D2129;mso-fareast-language:ES-PE\">\u00a0<\/span><\/p>\n<p class=\"MsoNormal\" style=\"margin-bottom: 0.0001pt; text-align: justify; line-height: normal; background-image: initial; background-position: initial; background-size: initial; background-repeat: initial; background-attachment: initial; background-origin: initial; background-clip: initial;\"><span style=\"mso-fareast-font-family:\n\"Times New Roman\";mso-bidi-font-family:Calibri;mso-bidi-theme-font:minor-latin;\ncolor:#1D2129;mso-fareast-language:ES-PE\">Ante la corrupci\u00f3n no podemos callar porque nos convertimos en c\u00f3mplices; no basta expresar la indignaci\u00f3n mediante la protesta; estamos llamados a presentar propuestas de acci\u00f3n que incluyan la participaci\u00f3n activa de todos los ciudadanos. Y usted, Se\u00f1or Presidente, escuch\u00f3 el clamor, sinti\u00f3 la indignaci\u00f3n del pueblo peruano y propuso acciones espec\u00edficas para consolidar una democracia participativa y vigilante que incluya la integridad moral, el fortalecimiento de las instituciones tutelares de la Patria, el crecimiento econ\u00f3mico con equidad, el desarrollo humano integral y una aut\u00e9ntica descentralizaci\u00f3n administrativa del pa\u00eds para beneficio de todos. <o:p><\/o:p><\/span><\/p>\n<p class=\"MsoNormal\" style=\"margin-bottom: 0.0001pt; text-align: justify; line-height: normal; background-image: initial; background-position: initial; background-size: initial; background-repeat: initial; background-attachment: initial; background-origin: initial; background-clip: initial;\"><span style=\"mso-fareast-font-family:\n\"Times New Roman\";mso-bidi-font-family:Calibri;mso-bidi-theme-font:minor-latin;\ncolor:#1D2129;mso-fareast-language:ES-PE\">\u00a0<\/span><\/p>\n<p class=\"MsoNormal\" style=\"margin-bottom: 0.0001pt; text-align: justify; line-height: normal; background-image: initial; background-position: initial; background-size: initial; background-repeat: initial; background-attachment: initial; background-origin: initial; background-clip: initial;\"><span style=\"mso-fareast-font-family:\n\"Times New Roman\";mso-bidi-font-family:Calibri;mso-bidi-theme-font:minor-latin;\ncolor:#1D2129;mso-fareast-language:ES-PE\">Nuestra fe en Jes\u00fas, no nos quita a las personas creyentes y a las personas de buena voluntad, la responsabilidad de dar a una autoridad democr\u00e1tica leg\u00edtima y justa, la generosa colaboraci\u00f3n con una prudente y eficaz vigilancia ciudadana de todos los que conformamos la gran familia peruana.<o:p><\/o:p><\/span><\/p>\n<p class=\"MsoNormal\" style=\"margin-bottom: 0.0001pt; text-align: justify; line-height: normal; background-image: initial; background-position: initial; background-size: initial; background-repeat: initial; background-attachment: initial; background-origin: initial; background-clip: initial;\"><span style=\"mso-fareast-font-family:\n\"Times New Roman\";mso-bidi-font-family:Calibri;mso-bidi-theme-font:minor-latin;\ncolor:#1D2129;mso-fareast-language:ES-PE\">Para nosotros los jesuitas el punto de referencia constante del pasado, presente y futuro de la Compa\u00f1\u00eda de Jes\u00fas es san Ignacio de Loyola porque \u00e9l vivi\u00f3 en un contexto hist\u00f3rico plagado de corrupci\u00f3n, dentro y fuera de la Iglesia. Sin embargo \u00e9l nos ense\u00f1a a: 1\u00b0 <b>escuchar<\/b> a Dios en el grito de los pobres y de la naturaleza, nuestra casa com\u00fan; 2\u00b0 <b>discernir<\/b> para <i>\u201celegir la vida y el bien, amando al Se\u00f1or\u2026, escuchando su voz, acerc\u00e1ndonos a \u00e9l (que) es nuestra vida\u201d (Deut. 30, 15ss).<\/i> 3\u00b0 <b>actuar, <\/b>con firmeza y decisi\u00f3n, para poner en pr\u00e1ctica lo que a Dios le agrada: \u201cpracticar la justicia, amar con ternura y caminar humildemente con el Se\u00f1or\u201d (Miq. 6,8).<o:p><\/o:p><\/span><\/p>\n<p class=\"MsoNormal\" style=\"margin-bottom: 0.0001pt; text-align: justify; line-height: normal; background-image: initial; background-position: initial; background-size: initial; background-repeat: initial; background-attachment: initial; background-origin: initial; background-clip: initial;\"><span style=\"mso-fareast-font-family:\n\"Times New Roman\";mso-bidi-font-family:Calibri;mso-bidi-theme-font:minor-latin;\ncolor:#1D2129;mso-fareast-language:ES-PE\">\u00a0<\/span><\/p>\n<p class=\"MsoNormal\" style=\"margin-bottom: 0.0001pt; text-align: justify; line-height: normal; background-image: initial; background-position: initial; background-size: initial; background-repeat: initial; background-attachment: initial; background-origin: initial; background-clip: initial;\"><span style=\"mso-fareast-font-family:\n\"Times New Roman\";mso-bidi-font-family:Calibri;mso-bidi-theme-font:minor-latin;\ncolor:#1D2129;mso-fareast-language:ES-PE\">Esta invitaci\u00f3n de ejercer nuestra libertad para elegir la vida y el bien se realiza \u201camando a Dios, escuchando su voz y peg\u00e1ndonos a \u00c9l\u201d (Deut. 30, 15ss) \u00c9sta es nuestra salida porque: \u201cestamos viviendo un momento de crisis; lo vemos en el ambiente, pero sobre todo lo vemos en el hombre. \u00a1La persona humana est\u00e1 en peligro! \u00a1He aqu\u00ed la urgencia de la ecolog\u00eda humana! Y el peligro es grave porque la causa del problema no es superficial, sino profunda: no es s\u00f3lo una cuesti\u00f3n de econom\u00eda, sino de \u00e9tica y de antropolog\u00eda.\u201d (Francisco &#8211; Audiencia P\u00fablica 05.06.2013)<o:p><\/o:p><\/span><\/p>\n<p class=\"MsoNormal\" style=\"margin-bottom: 0.0001pt; text-align: justify; line-height: normal; background-image: initial; background-position: initial; background-size: initial; background-repeat: initial; background-attachment: initial; background-origin: initial; background-clip: initial;\"><span style=\"mso-fareast-font-family:\n\"Times New Roman\";mso-bidi-font-family:Calibri;mso-bidi-theme-font:minor-latin;\ncolor:#1D2129;mso-fareast-language:ES-PE\">\u00a0<\/span><\/p>\n<p class=\"MsoNormal\" style=\"margin-bottom: 0.0001pt; text-align: justify; line-height: normal; background-image: initial; background-position: initial; background-size: initial; background-repeat: initial; background-attachment: initial; background-origin: initial; background-clip: initial;\"><span style=\"mso-fareast-font-family:\n\"Times New Roman\";mso-bidi-font-family:Calibri;mso-bidi-theme-font:minor-latin;\ncolor:#1D2129;mso-fareast-language:ES-PE\">En el Evangelio de hoy Jes\u00fas nos hace una propuesta audaz y valiente para salir de la crisis: <i>\u201cSi alguno quiere venir en pos de m\u00ed, ni\u00e9guese a s\u00ed mismo, tome su cruz cada d\u00eda y s\u00edgame\u201d (Lc.<\/i> 9,18ss). Ignacio escucha esta invitaci\u00f3n, descubre la voluntad de Dios y pone en pr\u00e1ctica el gran desaf\u00edo de disipar las tinieblas de la sociedad con la luz de Cristo y, junto con Francisco Javier, Pedro Fabro y los primeros compa\u00f1eros, se propone fundar una Compa\u00f1\u00eda, cuyo \u00fanico fin sea \u201c<i>militar bajo el estandarte de la cruz y servir a solo el Se\u00f1or y a su Esposa, la Iglesia, bajo la autoridad del Sumo Pont\u00edfice\u201d<\/i>. Para llegar Ignacio a esta convicci\u00f3n y mantener viva la profunda esperanza, se ha recorrido todo un camino que se asemeja mucho al de los disc\u00edpulos de Jes\u00fas en Galilea. No en vano Ignacio so\u00f1aba para los compa\u00f1eros de Jes\u00fas una vida <i>a la apost\u00f3lica<\/i>, \u201ccuya casa sea el mundo\u201d, \u201cen salida misionera\u201d como nos repite Francisco. <o:p><\/o:p><\/span><\/p>\n<p class=\"MsoNormal\" style=\"margin-bottom: 0.0001pt; text-align: justify; line-height: normal; background-image: initial; background-position: initial; background-size: initial; background-repeat: initial; background-attachment: initial; background-origin: initial; background-clip: initial;\"><span style=\"mso-fareast-font-family:\n\"Times New Roman\";mso-bidi-font-family:Calibri;mso-bidi-theme-font:minor-latin;\ncolor:#1D2129;mso-fareast-language:ES-PE\">\u00a0<\/span><\/p>\n<p class=\"MsoNormal\" style=\"margin-bottom: 0.0001pt; text-align: justify; line-height: normal; background-image: initial; background-position: initial; background-size: initial; background-repeat: initial; background-attachment: initial; background-origin: initial; background-clip: initial;\"><span style=\"mso-fareast-font-family:\n\"Times New Roman\";mso-bidi-font-family:Calibri;mso-bidi-theme-font:minor-latin;\ncolor:#1D2129;mso-fareast-language:ES-PE\">Demos un paso m\u00e1s en este discernimiento pr\u00e1ctico y actual. San Ignacio nos ofrece unos criterios de acci\u00f3n a partir de la contemplaci\u00f3n de Jesucristo \u201cverdadero Dios y verdadero hombre\u201d: <o:p><\/o:p><\/span><\/p>\n<p class=\"MsoNormal\" style=\"margin-bottom: 0.0001pt; text-align: justify; line-height: normal; background-image: initial; background-position: initial; background-size: initial; background-repeat: initial; background-attachment: initial; background-origin: initial; background-clip: initial;\"><span style=\"mso-fareast-font-family:\n\"Times New Roman\";mso-bidi-font-family:Calibri;mso-bidi-theme-font:minor-latin;\ncolor:#1D2129;mso-fareast-language:ES-PE\">\u00a0<\/span><\/p>\n<p class=\"MsoNormal\" style=\"margin-bottom: 0.0001pt; text-align: justify; line-height: normal; background-image: initial; background-position: initial; background-size: initial; background-repeat: initial; background-attachment: initial; background-origin: initial; background-clip: initial;\"><span style=\"mso-fareast-font-family:\n\"Times New Roman\";mso-bidi-font-family:Calibri;mso-bidi-theme-font:minor-latin;\ncolor:#1D2129;mso-fareast-language:ES-PE\">1\u00b0 La<b> dignidad de la persona humana,<\/b> creada por Dios a su imagen y semejanza \u201c<i>para alabar, hacer reverencia y servir a Dios\u2026\u201d <\/i><o:p><\/o:p><\/span><\/p>\n<p class=\"MsoNormal\" style=\"margin-bottom: 0.0001pt; text-align: justify; line-height: normal; background-image: initial; background-position: initial; background-size: initial; background-repeat: initial; background-attachment: initial; background-origin: initial; background-clip: initial;\"><i><span style=\"mso-fareast-font-family:\n\"Times New Roman\";mso-bidi-font-family:Calibri;mso-bidi-theme-font:minor-latin;\ncolor:#1D2129;mso-fareast-language:ES-PE\">\u00a0<\/span><\/i><\/p>\n<p class=\"MsoNormal\" style=\"margin-bottom: 0.0001pt; text-align: justify; line-height: normal; background-image: initial; background-position: initial; background-size: initial; background-repeat: initial; background-attachment: initial; background-origin: initial; background-clip: initial;\"><span style=\"mso-fareast-font-family:\n\"Times New Roman\";mso-bidi-font-family:Calibri;mso-bidi-theme-font:minor-latin;\ncolor:#1D2129;mso-fareast-language:ES-PE;mso-bidi-font-style:italic\">2\u00b0<i> <\/i><\/span><span style=\"mso-fareast-font-family:\"Times New Roman\";mso-bidi-font-family:Calibri;\nmso-bidi-theme-font:minor-latin;color:#1D2129;mso-fareast-language:ES-PE\">La persona de <b>Jesucristo <\/b>como referente absoluto, constante y decisivo. El disc\u00edpulo toma la firme y deliberada determinaci\u00f3n de procurar en la vida guiarse en todo por el modo de ser y de proceder de Jesucristo. <o:p><\/o:p><\/span><\/p>\n<p class=\"MsoNormal\" style=\"margin-bottom: 0.0001pt; text-align: justify; line-height: normal; background-image: initial; background-position: initial; background-size: initial; background-repeat: initial; background-attachment: initial; background-origin: initial; background-clip: initial;\"><span style=\"mso-fareast-font-family:\n\"Times New Roman\";mso-bidi-font-family:Calibri;mso-bidi-theme-font:minor-latin;\ncolor:#1D2129;mso-fareast-language:ES-PE\">\u00a0<\/span><\/p>\n<p class=\"MsoNormal\" style=\"margin-bottom: 0.0001pt; text-align: justify; line-height: normal; background-image: initial; background-position: initial; background-size: initial; background-repeat: initial; background-attachment: initial; background-origin: initial; background-clip: initial;\"><span style=\"mso-fareast-font-family:\n\"Times New Roman\";mso-bidi-font-family:Calibri;mso-bidi-theme-font:minor-latin;\ncolor:#1D2129;mso-fareast-language:ES-PE\">3\u00b0<b> la Iglesia<\/b>. Ignacio no duda de la \u00edntima e indestructible uni\u00f3n que se da entre Cristo y la Iglesia. Para Ignacio la Iglesia es el signo evidente que la esperanza iniciada en Jes\u00fas, se transmite a cada \u00e9poca en su contenido y en sus condiciones m\u00e1s adecuadas (M. Kehl). Cree firmemente que <i>entre Cristo nuestro Se\u00f1or esposo, y la Iglesia, su esposa, es el mismo esp\u00edritu que nos gobierna y rige\u2026, porque por el mismo Esp\u00edritu\u2026 es regida y gobernada nuestra santa madre Iglesia<\/i> [EE 365]. <o:p><\/o:p><\/span><\/p>\n<p class=\"MsoNormal\" style=\"margin-bottom: 0.0001pt; text-align: justify; line-height: normal; background-image: initial; background-position: initial; background-size: initial; background-repeat: initial; background-attachment: initial; background-origin: initial; background-clip: initial;\"><span style=\"mso-fareast-font-family:\n\"Times New Roman\";mso-bidi-font-family:Calibri;mso-bidi-theme-font:minor-latin;\ncolor:#1D2129;mso-fareast-language:ES-PE\">\u00a0<\/span><\/p>\n<p class=\"MsoNormal\" style=\"margin-bottom: 0.0001pt; text-align: justify; line-height: normal; background-image: initial; background-position: initial; background-size: initial; background-repeat: initial; background-attachment: initial; background-origin: initial; background-clip: initial;\"><span style=\"mso-fareast-font-family:\n\"Times New Roman\";mso-bidi-font-family:Calibri;mso-bidi-theme-font:minor-latin;\ncolor:#1D2129;mso-fareast-language:ES-PE\">4\u00b0 <b>el valor y significaci\u00f3n de la historia.<\/b> El deseo de Ignacio de ser instrumento d\u00f3cil en las manos de Dios. Es lo que mover\u00e1 a enviar a los jesuitas a aquellos lugares en los que se deciden los destinos de los pueblos, donde se abren nuevos caminos a continentes hasta entonces desconocidos; donde se construyen civilizaciones; donde hay mayor necesidad y otros no pueden ir, o donde el fruto que puede esperarse es mayor. Ignacio valora los pros y contras de las opciones que marcan el aut\u00e9ntico desarrollo humano integral de los pueblos que se traduce en un inter\u00e9s apasionado por la justicia que ha de ordenar las relaciones de los hombres en la sociedad con miras al bien com\u00fan y a la inclusi\u00f3n social y a la defensa de los humildes y \u201cdescartables\u201d de la sociedad. <o:p><\/o:p><\/span><\/p>\n<p class=\"MsoNormal\" style=\"margin-bottom: 0.0001pt; text-align: justify; line-height: normal; background-image: initial; background-position: initial; background-size: initial; background-repeat: initial; background-attachment: initial; background-origin: initial; background-clip: initial;\"><span style=\"mso-fareast-font-family:\n\"Times New Roman\";mso-bidi-font-family:Calibri;mso-bidi-theme-font:minor-latin;\ncolor:#1D2129;mso-fareast-language:ES-PE\">\u00a0<\/span><\/p>\n<p class=\"MsoNormal\" style=\"margin-bottom: 0.0001pt; text-align: justify; line-height: normal; background-image: initial; background-position: initial; background-size: initial; background-repeat: initial; background-attachment: initial; background-origin: initial; background-clip: initial;\"><span style=\"mso-fareast-font-family:\n\"Times New Roman\";mso-bidi-font-family:Calibri;mso-bidi-theme-font:minor-latin;\ncolor:#1D2129;mso-fareast-language:ES-PE\">5\u00b0 <b>El mundo de hoy no es el mismo que el de San Ignacio.<\/b> Sus gozos y esperanzas, sus angustias y tristezas, aunque conserven semejanzas, son muy distintas. Asimismo el Per\u00fa de hoy no es el de los primeros jesuitas que vinieron a trabajar aqu\u00ed. Vivimos hoy la \u00e9poca del sistema tecnocr\u00e1tico imperante, de la globalizaci\u00f3n econ\u00f3mica y medi\u00e1tica, del ocaso de las grandes utop\u00edas, del individualismo y del poder de los due\u00f1os de los grandes capitales, que controlan la econom\u00eda y la pol\u00edtica de las naciones, es la \u00e9poca de las desigualdades que subsisten a pesar del aumento en la producci\u00f3n global, \u00e9poca del maltrato de la naturaleza y del calentamiento global. <o:p><\/o:p><\/span><\/p>\n<p class=\"MsoNormal\" style=\"margin-bottom: 0.0001pt; text-align: justify; line-height: normal; background-image: initial; background-position: initial; background-size: initial; background-repeat: initial; background-attachment: initial; background-origin: initial; background-clip: initial;\"><span style=\"mso-fareast-font-family:\n\"Times New Roman\";mso-bidi-font-family:Calibri;mso-bidi-theme-font:minor-latin;\ncolor:#1D2129;mso-fareast-language:ES-PE\">\u00a0<\/span><\/p>\n<p class=\"MsoNormal\" style=\"margin-bottom: 0.0001pt; text-align: justify; line-height: normal; background-image: initial; background-position: initial; background-size: initial; background-repeat: initial; background-attachment: initial; background-origin: initial; background-clip: initial;\"><span style=\"mso-fareast-font-family:\n\"Times New Roman\";mso-bidi-font-family:Calibri;mso-bidi-theme-font:minor-latin;\ncolor:#1D2129;mso-fareast-language:ES-PE\">Todos estos factores inciden en la misi\u00f3n evangelizadora de la Iglesia Cat\u00f3lica. Siempre han existido estilos y maneras distintas de entender y vivir la fe o de realizar el trabajo pastoral, pero se vive hoy un cierto esp\u00edritu de bandos en competencia. La raigambre cat\u00f3lica de nuestro pa\u00eds cede a la pluralidad de ofertas religiosas de otros or\u00edgenes. Hay gente muy afectada y triste por la desuni\u00f3n de los creyentes y de sus pastores, y por la brecha que se observa entre lo que la Iglesia ense\u00f1a y lo que la gente vive. Y. por encima de todo, como la mayor crisis de los \u00faltimos siglos, los esc\u00e1ndalos de la pedofilia han minado, lamentablemente, la credibilidad de la Iglesia.<o:p><\/o:p><\/span><\/p>\n<p class=\"MsoNormal\" style=\"margin-bottom: 0.0001pt; text-align: justify; line-height: normal; background-image: initial; background-position: initial; background-size: initial; background-repeat: initial; background-attachment: initial; background-origin: initial; background-clip: initial;\"><span style=\"mso-fareast-font-family:\n\"Times New Roman\";mso-bidi-font-family:Calibri;mso-bidi-theme-font:minor-latin;\ncolor:#1D2129;mso-fareast-language:ES-PE\">\u00a0<\/span><\/p>\n<p class=\"MsoNormal\" style=\"margin-bottom: 0.0001pt; text-align: justify; line-height: normal; background-image: initial; background-position: initial; background-size: initial; background-repeat: initial; background-attachment: initial; background-origin: initial; background-clip: initial;\"><span style=\"mso-fareast-font-family:\n\"Times New Roman\";mso-bidi-font-family:Calibri;mso-bidi-theme-font:minor-latin;\ncolor:#1D2129;mso-fareast-language:ES-PE\">Sin embargo, la experiencia de San Ignacio, como los santos de su \u00e9poca como Santa Teresa de Jes\u00fas, San Juan de la Cruz, como tambi\u00e9n nuestros santos peruanos Santa Rosa de Lima, San Mart\u00edn de Porres, Santo Toribio de Mogrovejo, San Francisco Solano nos dicen que no tenemos derecho al desaliento ni nos debemos descorazonar como quienes no tienen esperanza. No nos dejemos robar la esperanza, nos dijo el Papa Francisco. Conscientes de nuestras debilidades ante tan grandes desaf\u00edos, tenemos que unirnos en torno al Cristo viviente, unir fuerzas, colaborar juntos, asumir responsabilidades comunes; el pa\u00eds es nuestro, la \u201ccorrupci\u00f3n es evitable\u201d y la Iglesia es servidora de todos. <o:p><\/o:p><\/span><\/p>\n<p class=\"MsoNormal\" style=\"margin-bottom: 0.0001pt; text-align: justify; line-height: normal; background-image: initial; background-position: initial; background-size: initial; background-repeat: initial; background-attachment: initial; background-origin: initial; background-clip: initial;\"><span style=\"mso-fareast-font-family:\n\"Times New Roman\";mso-bidi-font-family:Calibri;mso-bidi-theme-font:minor-latin;\ncolor:#1D2129;mso-fareast-language:ES-PE\">\u00a0<\/span><\/p>\n<p class=\"MsoNormal\" style=\"margin-bottom: 0.0001pt; text-align: justify; line-height: normal; background-image: initial; background-position: initial; background-size: initial; background-repeat: initial; background-attachment: initial; background-origin: initial; background-clip: initial;\"><span style=\"mso-fareast-font-family:\n\"Times New Roman\";mso-bidi-font-family:Calibri;mso-bidi-theme-font:minor-latin;\ncolor:#1D2129;mso-fareast-language:ES-PE\">Ignacio, sin falsa humildad, llamaba a su orden \u201cla m\u00ednima Compa\u00f1\u00eda de Jes\u00fas\u201d y quiere que nuestro \u201csentir en la Iglesia\u201d se exprese en colaborar con todos y hacer que la Iglesia avance en su proceso de reforma, bajo la gu\u00eda del Vicario de Cristo en la tierra. <o:p><\/o:p><\/span><\/p>\n<p class=\"MsoNormal\" style=\"margin-bottom: 0.0001pt; text-align: justify; line-height: normal; background-image: initial; background-position: initial; background-size: initial; background-repeat: initial; background-attachment: initial; background-origin: initial; background-clip: initial;\"><span style=\"mso-fareast-font-family:\n\"Times New Roman\";mso-bidi-font-family:Calibri;mso-bidi-theme-font:minor-latin;\ncolor:#1D2129;mso-fareast-language:ES-PE\">\u00a0<\/span><\/p>\n<p class=\"MsoNormal\" style=\"margin-bottom: 0.0001pt; text-align: justify; line-height: normal; background-image: initial; background-position: initial; background-size: initial; background-repeat: initial; background-attachment: initial; background-origin: initial; background-clip: initial;\"><span style=\"mso-fareast-font-family:\n\"Times New Roman\";mso-bidi-font-family:Calibri;mso-bidi-theme-font:minor-latin;\ncolor:#1D2129;mso-fareast-language:ES-PE\">La Iglesia y, en ella la Compa\u00f1\u00eda de Jes\u00fas, espera mucho de la colaboraci\u00f3n de los laicos y laicas y de las personas de buena voluntad en el servicio desinteresado para que nuestro pa\u00eds se enrumbe por las sendas del bien, la justicia y la solidaridad. <o:p><\/o:p><\/span><\/p>\n<p class=\"MsoNormal\" style=\"margin-bottom: 0.0001pt; text-align: justify; line-height: normal; background-image: initial; background-position: initial; background-size: initial; background-repeat: initial; background-attachment: initial; background-origin: initial; background-clip: initial;\"><span style=\"mso-fareast-font-family:\n\"Times New Roman\";mso-bidi-font-family:Calibri;mso-bidi-theme-font:minor-latin;\ncolor:#1D2129;mso-fareast-language:ES-PE\">\u00a0<\/span><\/p>\n<p class=\"MsoNormal\" style=\"margin-bottom: 0.0001pt; text-align: justify; line-height: normal; background-image: initial; background-position: initial; background-size: initial; background-repeat: initial; background-attachment: initial; background-origin: initial; background-clip: initial;\"><span style=\"mso-fareast-font-family:\n\"Times New Roman\";mso-bidi-font-family:Calibri;mso-bidi-theme-font:minor-latin;\ncolor:#1D2129;mso-fareast-language:ES-PE\">S\u00f3lo podremos construir la paz con la cultura de la integridad en defensa irrestricta de la vida y de nuestra casa com\u00fan. <o:p><\/o:p><\/span><\/p>\n<p class=\"MsoNormal\" style=\"margin-bottom: 0.0001pt; text-align: justify; line-height: normal; background-image: initial; background-position: initial; background-size: initial; background-repeat: initial; background-attachment: initial; background-origin: initial; background-clip: initial;\"><b><i><span style=\"mso-fareast-font-family:\n\"Times New Roman\";mso-bidi-font-family:Calibri;mso-bidi-theme-font:minor-latin;\ncolor:#1D2129;mso-fareast-language:ES-PE\">\u00a0<\/span><\/i><\/b><\/p>\n<p class=\"MsoNormal\" style=\"margin-bottom: 0.0001pt; text-align: justify; line-height: normal; background-image: initial; background-position: initial; background-size: initial; background-repeat: initial; background-attachment: initial; background-origin: initial; background-clip: initial;\"><b><i><span style=\"mso-fareast-font-family:\n\"Times New Roman\";mso-bidi-font-family:Calibri;mso-bidi-theme-font:minor-latin;\ncolor:#1D2129;mso-fareast-language:ES-PE\">+ Pedro Cardenal Barreto, S.J.<\/span><\/i><\/b><span style=\"mso-fareast-font-family:\"Times New Roman\";mso-bidi-font-family:Calibri;\nmso-bidi-theme-font:minor-latin;color:#1D2129;mso-fareast-language:ES-PE\"><o:p><\/o:p><\/span><\/p>\n<p style=\"margin: 0cm 0cm 0.0001pt; text-align: justify; background-image: initial; background-position: initial; background-size: initial; background-repeat: initial; background-attachment: initial; background-origin: initial; background-clip: initial;\"><span style=\"font-size: 11pt; font-family: Calibri, sans-serif;\">\u00a0<\/span><\/p>\n<p style=\"margin: 0cm 0cm 0.0001pt; text-align: justify; background-image: initial; background-position: initial; background-size: initial; background-repeat: initial; background-attachment: initial; background-origin: initial; background-clip: initial;\"><i><span style=\"font-size: 11pt; font-family: Calibri, sans-serif;\">\u00a0<\/span><\/i><\/p>\n<p style=\"margin: 0cm 0cm 0.0001pt; text-align: justify; background-image: initial; background-position: initial; background-size: initial; background-repeat: initial; background-attachment: initial; background-origin: initial; background-clip: initial;\"><i><span style=\"font-size: 11pt; font-family: Calibri, sans-serif;\">Tomado de: www.facebook.com\/CardenalBarreto\/1\u00b0 de agosto de 2018. <o:p><\/o:p><\/span><\/i><\/p>\n<p><i style=\"text-align: justify;\">\u00a0<\/i>\u00a0<\/p>\n<p><a href=\"http:\/\/web.hilo.org.pe\/wp-content\/uploads\/homilia.jpg\" target=\"_blank\" rel=\"noopener\">Ver archivo adjunto<\/a><\/p>\n","protected":false},"excerpt":{"rendered":"<p>Homil\u00eda del Eminent\u00edsimo Se\u00f1or Cardenal Pedro Barreto Jimeno, S.J. en la fiesta de San Ignacio de Loyola del 31 de julio de 2018.<\/p>\n","protected":false},"author":1,"featured_media":0,"comment_status":"closed","ping_status":"closed","sticky":false,"template":"","format":"standard","meta":{"footnotes":""},"categories":[9],"tags":[],"class_list":["post-3114","post","type-post","status-publish","format-standard","hentry","category-noticias"],"_links":{"self":[{"href":"https:\/\/ceas.org.pe\/index.php\/wp-json\/wp\/v2\/posts\/3114","targetHints":{"allow":["GET"]}}],"collection":[{"href":"https:\/\/ceas.org.pe\/index.php\/wp-json\/wp\/v2\/posts"}],"about":[{"href":"https:\/\/ceas.org.pe\/index.php\/wp-json\/wp\/v2\/types\/post"}],"author":[{"embeddable":true,"href":"https:\/\/ceas.org.pe\/index.php\/wp-json\/wp\/v2\/users\/1"}],"replies":[{"embeddable":true,"href":"https:\/\/ceas.org.pe\/index.php\/wp-json\/wp\/v2\/comments?post=3114"}],"version-history":[{"count":1,"href":"https:\/\/ceas.org.pe\/index.php\/wp-json\/wp\/v2\/posts\/3114\/revisions"}],"predecessor-version":[{"id":6104,"href":"https:\/\/ceas.org.pe\/index.php\/wp-json\/wp\/v2\/posts\/3114\/revisions\/6104"}],"wp:attachment":[{"href":"https:\/\/ceas.org.pe\/index.php\/wp-json\/wp\/v2\/media?parent=3114"}],"wp:term":[{"taxonomy":"category","embeddable":true,"href":"https:\/\/ceas.org.pe\/index.php\/wp-json\/wp\/v2\/categories?post=3114"},{"taxonomy":"post_tag","embeddable":true,"href":"https:\/\/ceas.org.pe\/index.php\/wp-json\/wp\/v2\/tags?post=3114"}],"curies":[{"name":"wp","href":"https:\/\/api.w.org\/{rel}","templated":true}]}}