{"id":3113,"date":"2018-08-03T13:16:19","date_gmt":"2018-08-03T13:16:19","guid":{"rendered":""},"modified":"2026-03-11T09:11:57","modified_gmt":"2026-03-11T14:11:57","slug":"nota-de-prensa-la-pena-de-muerte-es-inadmisible-bajo-cualquier-circunstancia","status":"publish","type":"post","link":"https:\/\/ceas.org.pe\/index.php\/2018\/08\/03\/nota-de-prensa-la-pena-de-muerte-es-inadmisible-bajo-cualquier-circunstancia\/","title":{"rendered":"Nota de Prensa: La pena de muerte es inadmisible bajo cualquier circunstancia"},"content":{"rendered":"<p style=\"margin: 0cm 0cm 0.0001pt; text-align: justify; background-image: initial; background-position: initial; background-size: initial; background-repeat: initial; background-attachment: initial; background-origin: initial; background-clip: initial;\"><span style=\"font-size: 11pt; font-family: Calibri, sans-serif;\">El 1\u00b0 de agosto, ha sido publicada por la Congregaci\u00f3n para la Doctrina de la Fe, la nueva redacci\u00f3n, aprobada por el Papa Francisco del n. 2267 del catecismo, que trata sobre la pena de muerte.<o:p><\/o:p><\/span><\/p>\n<p style=\"margin: 0cm 0cm 0.0001pt; text-align: justify; background-image: initial; background-position: initial; background-size: initial; background-repeat: initial; background-attachment: initial; background-origin: initial; background-clip: initial;\"><span style=\"font-size: 11pt; font-family: Calibri, sans-serif;\">\u00a0<\/span><\/p>\n<p style=\"margin: 0cm 0cm 0.0001pt; text-align: justify; background-image: initial; background-position: initial; background-size: initial; background-repeat: initial; background-attachment: initial; background-origin: initial; background-clip: initial; box-sizing: inherit;\"><span style=\"font-size: 11pt; font-family: Calibri, sans-serif;\">El texto afirma que: \u201cla pena de muerte es inadmisible, porque atenta contra la inviolabilidad y la dignidad de la persona, y se compromete con determinaci\u00f3n a su abolici\u00f3n en todo el mundo\u201d. Este texto sustituye a la \u00faltima modificaci\u00f3n realizada en el Catecismo en 1995.<o:p><\/o:p><\/span><\/p>\n<p style=\"margin: 0cm 0cm 0.0001pt; text-align: justify; background-image: initial; background-position: initial; background-size: initial; background-repeat: initial; background-attachment: initial; background-origin: initial; background-clip: initial; box-sizing: inherit;\"><span style=\"font-size: 11pt; font-family: Calibri, sans-serif;\">\u00a0<\/span><\/p>\n<p style=\"margin: 0cm 0cm 0.0001pt; text-align: justify; background-image: initial; background-position: initial; background-size: initial; background-repeat: initial; background-attachment: initial; background-origin: initial; background-clip: initial;\"><span style=\"font-size: 11pt; font-family: Calibri, sans-serif;\">Lo dispuesto por el Papa Francisco tambi\u00e9n menciona que \u201cHoy est\u00e1 cada vez m\u00e1s viva la conciencia de que la dignidad de la persona no se pierde ni siquiera despu\u00e9s de haber cometido cr\u00edmenes muy graves. Adem\u00e1s, se ha extendido una nueva comprensi\u00f3n acerca del sentido de las sanciones penales por parte del Estado. En fin, se han implementado sistemas de detenci\u00f3n m\u00e1s eficaces, que garantizan la necesaria defensa de los ciudadanos, pero que, al mismo tiempo, no le quitan al reo la posibilidad de redimirse definitivamente\u201d.<o:p><\/o:p><\/span><\/p>\n<p style=\"margin: 0cm 0cm 0.0001pt; text-align: justify; background-image: initial; background-position: initial; background-size: initial; background-repeat: initial; background-attachment: initial; background-origin: initial; background-clip: initial; box-sizing: inherit;\"><span style=\"font-size: 11pt; font-family: Calibri, sans-serif;\">\u00a0<\/span><\/p>\n<p style=\"margin: 0cm 0cm 0.0001pt; text-align: justify; background-image: initial; background-position: initial; background-size: initial; background-repeat: initial; background-attachment: initial; background-origin: initial; background-clip: initial;\"><span style=\"font-size: 11pt; font-family: Calibri, sans-serif;\">La Presidencia de la Conferencia Episcopal anima a los fieles, a las personas de buena voluntad, a las autoridades y a todos los sectores pol\u00edticos y sociales a defender el derecho a la vida, bajo cualquier circunstancia que la amenace, porque \u00e9sta es inviolable y constitutiva de la dignidad humana.<o:p><\/o:p><\/span><\/p>\n<p style=\"margin: 0cm 0cm 0.0001pt; text-align: justify; background-image: initial; background-position: initial; background-size: initial; background-repeat: initial; background-attachment: initial; background-origin: initial; background-clip: initial; box-sizing: inherit;\"><span style=\"font-size: 11pt; font-family: Calibri, sans-serif;\">\u00a0<\/span><\/p>\n<p style=\"margin: 0cm 0cm 0.0001pt; text-align: justify; background-image: initial; background-position: initial; background-size: initial; background-repeat: initial; background-attachment: initial; background-origin: initial; background-clip: initial;\"><span style=\"font-size: 11pt; font-family: Calibri, sans-serif;\">Lima, 2 de agosto de 2018.<o:p><\/o:p><\/span><\/p>\n<p align=\"center\" style=\"margin: 0cm 0cm 0.0001pt; text-align: center; background-image: initial; background-position: initial; background-size: initial; background-repeat: initial; background-attachment: initial; background-origin: initial; background-clip: initial; box-sizing: inherit;\"><span style=\"font-size: 11pt; font-family: Calibri, sans-serif;\">\u00a0<\/span><\/p>\n<p align=\"center\" style=\"margin: 0cm 0cm 0.0001pt; text-align: center; background-image: initial; background-position: initial; background-size: initial; background-repeat: initial; background-attachment: initial; background-origin: initial; background-clip: initial;\"><span style=\"font-size: 11pt; font-family: Calibri, sans-serif;\">Presidencia<br \/>\n<\/span><span style=\"font-family: Calibri, sans-serif; font-size: 11pt;\">Conferencia Episcopal Peruana<\/span>\u00a0<\/p>\n<p><a href=\"http:\/\/web.hilo.org.pe\/wp-content\/uploads\/Foto-Obispos-Presidencia-2-de-agosto-2018web.jpg\" target=\"_blank\" rel=\"noopener\">Ver archivo adjunto<\/a><\/p>\n","protected":false},"excerpt":{"rendered":"<p>El 1\u00b0 de agosto, ha sido publicada por la Congregaci\u00f3n para la Doctrina de la Fe, la nueva redacci\u00f3n, aprobada por el Papa Francisco del n. 2267 del catecismo, que trata sobre la pena de muerte.<\/p>\n","protected":false},"author":1,"featured_media":0,"comment_status":"closed","ping_status":"closed","sticky":false,"template":"","format":"standard","meta":{"footnotes":""},"categories":[9],"tags":[],"class_list":["post-3113","post","type-post","status-publish","format-standard","hentry","category-noticias"],"_links":{"self":[{"href":"https:\/\/ceas.org.pe\/index.php\/wp-json\/wp\/v2\/posts\/3113","targetHints":{"allow":["GET"]}}],"collection":[{"href":"https:\/\/ceas.org.pe\/index.php\/wp-json\/wp\/v2\/posts"}],"about":[{"href":"https:\/\/ceas.org.pe\/index.php\/wp-json\/wp\/v2\/types\/post"}],"author":[{"embeddable":true,"href":"https:\/\/ceas.org.pe\/index.php\/wp-json\/wp\/v2\/users\/1"}],"replies":[{"embeddable":true,"href":"https:\/\/ceas.org.pe\/index.php\/wp-json\/wp\/v2\/comments?post=3113"}],"version-history":[{"count":1,"href":"https:\/\/ceas.org.pe\/index.php\/wp-json\/wp\/v2\/posts\/3113\/revisions"}],"predecessor-version":[{"id":6105,"href":"https:\/\/ceas.org.pe\/index.php\/wp-json\/wp\/v2\/posts\/3113\/revisions\/6105"}],"wp:attachment":[{"href":"https:\/\/ceas.org.pe\/index.php\/wp-json\/wp\/v2\/media?parent=3113"}],"wp:term":[{"taxonomy":"category","embeddable":true,"href":"https:\/\/ceas.org.pe\/index.php\/wp-json\/wp\/v2\/categories?post=3113"},{"taxonomy":"post_tag","embeddable":true,"href":"https:\/\/ceas.org.pe\/index.php\/wp-json\/wp\/v2\/tags?post=3113"}],"curies":[{"name":"wp","href":"https:\/\/api.w.org\/{rel}","templated":true}]}}