{"id":3111,"date":"2018-07-30T21:49:31","date_gmt":"2018-07-30T21:49:31","guid":{"rendered":""},"modified":"2026-03-11T09:11:57","modified_gmt":"2026-03-11T14:11:57","slug":"cardenal-brenes-de-nicaragua-pide-que-todos-sean-misioneros-de-esperanza","status":"publish","type":"post","link":"https:\/\/ceas.org.pe\/index.php\/2018\/07\/30\/cardenal-brenes-de-nicaragua-pide-que-todos-sean-misioneros-de-esperanza\/","title":{"rendered":"Cardenal Brenes de Nicaragua pide que todos sean misioneros de esperanza"},"content":{"rendered":"<p><span style=\"text-align: justify;\">En su homil\u00eda el cardenal agradeci\u00f3 a las diferentes Conferencias Episcopal que esta semana ha organizado d\u00edas de oraci\u00f3n y ayuno por la situaci\u00f3n en Nicaragua.<\/span><\/p>\n<p style=\"margin:0cm;margin-bottom:.0001pt;text-align:justify;background:white\"><span style=\"font-size:11.0pt;font-family:\"Calibri\",\"sans-serif\";mso-ascii-theme-font:\nminor-latin;mso-hansi-theme-font:minor-latin;mso-bidi-theme-font:minor-latin;\ncolor:black;mso-themecolor:text1\"><o:p>\u00a0<\/o:p><\/span><\/p>\n<p style=\"margin:0cm;margin-bottom:.0001pt;text-align:justify;background:white\"><span style=\"font-size:11.0pt;font-family:\"Calibri\",\"sans-serif\";mso-ascii-theme-font:\nminor-latin;mso-hansi-theme-font:minor-latin;mso-bidi-theme-font:minor-latin;\ncolor:black;mso-themecolor:text1\">M\u00e1s de 500 obispos latinoamericanos junto a sus sacerdotes, y sus fieles orando por Nicaragua. Para que podamos ser esos mensajeros de la paz, de la esperanza y la violencia pueda desaparecer, as\u00ed como la confrontaci\u00f3n y ser ese pueblo que camina en esperanza. \u00a0Agradeci\u00f3 a la sociedad civil que organizaron la peregrinaci\u00f3n del s\u00e1bado en defensa de la Iglesia. Sobre todo, por sus oraciones, que es lo que m\u00e1s fortalece a la Iglesia.<o:p><\/o:p><\/span><\/p>\n<h2 style=\"margin:0cm;margin-bottom:.0001pt;text-align:justify;background:white;\nbox-sizing: border-box;-webkit-tap-highlight-color: rgba(0, 0, 0, 0);\nfont-variant-ligatures: normal;font-variant-caps: normal;orphans: 2;text-align:\nstart;widows: 2;-webkit-text-stroke-width: 0px;text-decoration-style: initial;\ntext-decoration-color: initial;word-spacing:0px\"><span style=\"font-size:11.0pt;\nfont-family:\"Calibri\",\"sans-serif\";mso-ascii-theme-font:minor-latin;mso-hansi-theme-font:\nminor-latin;mso-bidi-theme-font:minor-latin;color:black;mso-themecolor:text1\"><o:p>\u00a0<\/o:p><\/span><\/h2>\n<h2 style=\"margin:0cm;margin-bottom:.0001pt;text-align:justify;background:white\"><span style=\"font-size:11.0pt;font-family:\"Calibri\",\"sans-serif\";mso-ascii-theme-font:\nminor-latin;mso-hansi-theme-font:minor-latin;mso-bidi-theme-font:minor-latin;\ncolor:black;mso-themecolor:text1\">Mensajeros de esperanza<\/span><span style=\"font-size:11.0pt;font-family:\"Calibri\",\"sans-serif\";mso-ascii-theme-font:\nminor-latin;mso-hansi-theme-font:minor-latin;mso-bidi-theme-font:minor-latin;\ncolor:black;mso-themecolor:text1;font-weight:normal\"><o:p><\/o:p><\/span><\/h2>\n<p style=\"margin:0cm;margin-bottom:.0001pt;text-align:justify;background:white;\nbox-sizing: border-box;-webkit-tap-highlight-color: rgba(0, 0, 0, 0);\nfont-variant-ligatures: normal;font-variant-caps: normal;orphans: 2;text-align:\nstart;widows: 2;-webkit-text-stroke-width: 0px;text-decoration-style: initial;\ntext-decoration-color: initial;word-spacing:0px\"><span style=\"font-size:11.0pt;\nfont-family:\"Calibri\",\"sans-serif\";mso-ascii-theme-font:minor-latin;mso-hansi-theme-font:\nminor-latin;mso-bidi-theme-font:minor-latin;color:black;mso-themecolor:text1\">El cardenal en su homil\u00eda record\u00f3 que desde son mediadores, es un servicio a su pueblo que est\u00e1n haciendo.\u00a0 Muchos han perdido la esperanza, y le preguntan a la Iglesia, cuando terminar\u00e1 esto. En su homil\u00eda el purpurado pidi\u00f3 que todos seamos misioneros de esperanza, bajando en primer lugar el tono de las palabras fuertes, para poder mediar, para poder alcanzar la paz, y contrarrestar esta violencia.<o:p><\/o:p><\/span><\/p>\n<h2 style=\"margin:0cm;margin-bottom:.0001pt;text-align:justify;background:white;\nbox-sizing: border-box;-webkit-tap-highlight-color: rgba(0, 0, 0, 0);\nfont-variant-ligatures: normal;font-variant-caps: normal;orphans: 2;text-align:\nstart;widows: 2;-webkit-text-stroke-width: 0px;text-decoration-style: initial;\ntext-decoration-color: initial;word-spacing:0px\"><span style=\"font-size:11.0pt;\nfont-family:\"Calibri\",\"sans-serif\";mso-ascii-theme-font:minor-latin;mso-hansi-theme-font:\nminor-latin;mso-bidi-theme-font:minor-latin;color:black;mso-themecolor:text1\"><o:p>\u00a0<\/o:p><\/span><\/h2>\n<h2 style=\"margin:0cm;margin-bottom:.0001pt;text-align:justify;background:white\"><span style=\"font-size:11.0pt;font-family:\"Calibri\",\"sans-serif\";mso-ascii-theme-font:\nminor-latin;mso-hansi-theme-font:minor-latin;mso-bidi-theme-font:minor-latin;\ncolor:black;mso-themecolor:text1\">La Iglesia sirve a su pueblo\u00a0<\/span><span style=\"font-size:11.0pt;font-family:\"Calibri\",\"sans-serif\";mso-ascii-theme-font:\nminor-latin;mso-hansi-theme-font:minor-latin;mso-bidi-theme-font:minor-latin;\ncolor:black;mso-themecolor:text1;font-weight:normal\"><o:p><\/o:p><\/span><\/h2>\n<p style=\"margin:0cm;margin-bottom:.0001pt;text-align:justify;background:white;\nbox-sizing: border-box;-webkit-tap-highlight-color: rgba(0, 0, 0, 0);\nfont-variant-ligatures: normal;font-variant-caps: normal;orphans: 2;text-align:\nstart;widows: 2;-webkit-text-stroke-width: 0px;text-decoration-style: initial;\ntext-decoration-color: initial;word-spacing:0px\"><span style=\"font-size:11.0pt;\nfont-family:\"Calibri\",\"sans-serif\";mso-ascii-theme-font:minor-latin;mso-hansi-theme-font:\nminor-latin;mso-bidi-theme-font:minor-latin;color:black;mso-themecolor:text1\">Y por su parte, Mons. Silvio Jos\u00e9 B\u00e1ez, obispo auxiliar de la arquidi\u00f3cesis de Managua, en declaraciones se uni\u00f3 a las gracias del purpurado, por todos los gestos de apoyo que el pueblo Nicarag\u00fcense les ha ofrecido. Pero, reiterando lo que dijo el cardenal Brenes, es un servicio que tienen que hacer por su pueblo. Un pastor tiene que estar al lado de su pueblo. Sin distinciones, sobre todo de quienes son v\u00edctimas, sufren y que d\u00eda a d\u00eda viven en la incertidumbre de no saber que les pasar\u00e1. All\u00ed tiene que estar la Iglesia salvando vidas. No es una motivaci\u00f3n ideol\u00f3gica, la raz\u00f3n es la opci\u00f3n de seguir a Jes\u00fas y hacer en todo, su voluntad.<o:p><\/o:p><\/span><\/p>\n<h2 style=\"margin:0cm;margin-bottom:.0001pt;text-align:justify;background:white;\nbox-sizing: border-box;-webkit-tap-highlight-color: rgba(0, 0, 0, 0);\nfont-variant-ligatures: normal;font-variant-caps: normal;orphans: 2;text-align:\nstart;widows: 2;-webkit-text-stroke-width: 0px;text-decoration-style: initial;\ntext-decoration-color: initial;word-spacing:0px\"><span style=\"font-size:11.0pt;\nfont-family:\"Calibri\",\"sans-serif\";mso-ascii-theme-font:minor-latin;mso-hansi-theme-font:\nminor-latin;mso-bidi-theme-font:minor-latin;color:black;mso-themecolor:text1\"><o:p>\u00a0<\/o:p><\/span><\/h2>\n<h2 style=\"margin:0cm;margin-bottom:.0001pt;text-align:justify;background:white\"><span style=\"font-size:11.0pt;font-family:\"Calibri\",\"sans-serif\";mso-ascii-theme-font:\nminor-latin;mso-hansi-theme-font:minor-latin;mso-bidi-theme-font:minor-latin;\ncolor:black;mso-themecolor:text1\">El di\u00e1logo estancando por falta voluntad pol\u00edtica<\/span><span style=\"font-size:11.0pt;font-family:\"Calibri\",\"sans-serif\";\nmso-ascii-theme-font:minor-latin;mso-hansi-theme-font:minor-latin;mso-bidi-theme-font:\nminor-latin;color:black;mso-themecolor:text1;font-weight:normal\"><o:p><\/o:p><\/span><\/h2>\n<p style=\"margin:0cm;margin-bottom:.0001pt;text-align:justify;background:white;\nbox-sizing: border-box;-webkit-tap-highlight-color: rgba(0, 0, 0, 0);\nfont-variant-ligatures: normal;font-variant-caps: normal;orphans: 2;text-align:\nstart;widows: 2;-webkit-text-stroke-width: 0px;text-decoration-style: initial;\ntext-decoration-color: initial;word-spacing:0px\"><span style=\"font-size:11.0pt;\nfont-family:\"Calibri\",\"sans-serif\";mso-ascii-theme-font:minor-latin;mso-hansi-theme-font:\nminor-latin;mso-bidi-theme-font:minor-latin;color:black;mso-themecolor:text1\">Adem\u00e1s, Mons. B\u00e1ez dijo que un gobernante debe saber escuchar a su pueblo, debe rendir cuentas, dejarse interrogar por su gente, ser cercano a su pueblo. Y verse en la situaci\u00f3n de responder lo que su pueblo anhela, y se pregunta. Ortega no est\u00e1 hablando con su pueblo lo est\u00e1 haciendo con los medios internacionales. Lo ideal, dijo el prelado, es que en vez de hablarle a su pueblo en tono amenazante en una plaza lo haga ante la prensa nacional en tono de cercan\u00eda. En un ambiente sereno donde la gente a trav\u00e9s de los medios de comunicaci\u00f3n, lo pueda interrogar sobre su administraci\u00f3n y \u00e9l responder, con responsabilidad. Tambi\u00e9n dijo que si el di\u00e1logo se ha estancado ha sido por la falta de voluntad pol\u00edtica del gobierno. Los obispos hemos mostrado nuestra disponibilidad a continuar como mediadores y testigos en el di\u00e1logo nacional.<o:p><\/o:p><\/span><\/p>\n<p class=\"MsoNormal\" style=\"margin-bottom:0cm;margin-bottom:.0001pt;text-align:\njustify;line-height:normal;background:white\"><span style=\"mso-fareast-font-family:\n\"Times New Roman\";mso-bidi-font-family:Calibri;mso-bidi-theme-font:minor-latin;\ncolor:black;mso-themecolor:text1;mso-fareast-language:ES-PE\"><o:p>\u00a0<\/o:p><\/span><\/p>\n<p class=\"MsoNormal\" style=\"margin-bottom:0cm;margin-bottom:.0001pt;text-align:\njustify;line-height:normal;background:white\"><i style=\"mso-bidi-font-style:\nnormal\"><span style=\"mso-bidi-font-family:Calibri;mso-bidi-theme-font:minor-latin;\ncolor:black;mso-themecolor:text1;background:white\">Tomado de: VATICAN NEWS. Por <span style=\"mso-bidi-font-weight:bold\">Patricia Ynestroza. Ciudad del Vaticano. <\/span>30 de julio de 2018<\/span>.<\/i><i style=\"mso-bidi-font-style:\nnormal\"><span style=\"mso-fareast-font-family:\"Times New Roman\";mso-bidi-font-family:\nCalibri;mso-bidi-theme-font:minor-latin;color:black;mso-themecolor:text1;\nmso-fareast-language:ES-PE\"><o:p><\/o:p><\/span><\/i><\/p>\n<p class=\"MsoNormal\" style=\"margin-bottom:0cm;margin-bottom:.0001pt;text-align:\njustify;line-height:normal\"><span style=\"mso-bidi-font-family:Calibri;\nmso-bidi-theme-font:minor-latin;color:black;mso-themecolor:text1\"><o:p>\u00a0<\/o:p><\/span><\/p>\n<p><a href=\"http:\/\/web.hilo.org.pe\/wp-content\/uploads\/safe_image web.jpg\" target=\"_blank\" rel=\"noopener\">Ver archivo adjunto<\/a><\/p>\n","protected":false},"excerpt":{"rendered":"<p>En su homil\u00eda el cardenal agradeci\u00f3 a las diferentes Conferencias Episcopal que esta semana ha organizado d\u00edas de oraci\u00f3n y ayuno por la situaci\u00f3n en Nicaragua.<\/p>\n","protected":false},"author":1,"featured_media":0,"comment_status":"closed","ping_status":"closed","sticky":false,"template":"","format":"standard","meta":{"footnotes":""},"categories":[9],"tags":[],"class_list":["post-3111","post","type-post","status-publish","format-standard","hentry","category-noticias"],"_links":{"self":[{"href":"https:\/\/ceas.org.pe\/index.php\/wp-json\/wp\/v2\/posts\/3111","targetHints":{"allow":["GET"]}}],"collection":[{"href":"https:\/\/ceas.org.pe\/index.php\/wp-json\/wp\/v2\/posts"}],"about":[{"href":"https:\/\/ceas.org.pe\/index.php\/wp-json\/wp\/v2\/types\/post"}],"author":[{"embeddable":true,"href":"https:\/\/ceas.org.pe\/index.php\/wp-json\/wp\/v2\/users\/1"}],"replies":[{"embeddable":true,"href":"https:\/\/ceas.org.pe\/index.php\/wp-json\/wp\/v2\/comments?post=3111"}],"version-history":[{"count":1,"href":"https:\/\/ceas.org.pe\/index.php\/wp-json\/wp\/v2\/posts\/3111\/revisions"}],"predecessor-version":[{"id":6107,"href":"https:\/\/ceas.org.pe\/index.php\/wp-json\/wp\/v2\/posts\/3111\/revisions\/6107"}],"wp:attachment":[{"href":"https:\/\/ceas.org.pe\/index.php\/wp-json\/wp\/v2\/media?parent=3111"}],"wp:term":[{"taxonomy":"category","embeddable":true,"href":"https:\/\/ceas.org.pe\/index.php\/wp-json\/wp\/v2\/categories?post=3111"},{"taxonomy":"post_tag","embeddable":true,"href":"https:\/\/ceas.org.pe\/index.php\/wp-json\/wp\/v2\/tags?post=3111"}],"curies":[{"name":"wp","href":"https:\/\/api.w.org\/{rel}","templated":true}]}}