{"id":3110,"date":"2018-07-30T21:30:59","date_gmt":"2018-07-30T21:30:59","guid":{"rendered":""},"modified":"2026-03-11T09:11:57","modified_gmt":"2026-03-11T14:11:57","slug":"todos-podemos-luchar-contra-la-trata-son-nuestros-hermanos","status":"publish","type":"post","link":"https:\/\/ceas.org.pe\/index.php\/2018\/07\/30\/todos-podemos-luchar-contra-la-trata-son-nuestros-hermanos\/","title":{"rendered":"Todos podemos luchar contra la Trata: son nuestros hermanos"},"content":{"rendered":"<p style=\"margin:0cm;margin-bottom:.0001pt\"><span style=\"font-size: 11pt; font-family: Calibri, sans-serif;\">La\u00a0trata\u00a0de personas es uno de los\u00a0<b style=\"box-sizing: border-box;-webkit-tap-highlight-color: rgba(0, 0, 0, 0)\">delitos m\u00e1s lucrativos del mundo<\/b>. Cada a\u00f1o aumentan las cifras de v\u00edctimas del tr\u00e1fico de seres humanos con diferentes fines: explotaci\u00f3n sexual, laboral, comercio de \u00f3rganos, y tantas otras pr\u00e1cticas atroces que acaban con la dignidad y el futuro de millones de mujeres, hombres y tambi\u00e9n ni\u00f1os.<o:p><\/o:p><\/span><\/p>\n<p style=\"margin:0cm;margin-bottom:.0001pt\"><span style=\"font-size: 11pt; font-family: Calibri, sans-serif;\">\u00a0<\/span><\/p>\n<p style=\"margin:0cm;margin-bottom:.0001pt;box-sizing: border-box;-webkit-tap-highlight-color: rgba(0, 0, 0, 0)\"><span style=\"font-size: 11pt; font-family: Calibri, sans-serif;\">Por ello, cada 30 de julio se celebra el\u00a0<b style=\"box-sizing: border-box;-webkit-tap-highlight-color: rgba(0, 0, 0, 0)\">D\u00eda mundial contra el tr\u00e1fico de personas<\/b>\u00a0con el fin de fortalecer una\u00a0<i style=\"box-sizing: border-box;-webkit-tap-highlight-color: rgba(0, 0, 0, 0)\">conciencia social\u00a0<\/i>que no permanezca indiferente ante este drama social, considerado como el \u00abnuevo rostro de la esclavitud moderna\u00bb.<o:p><\/o:p><\/span><\/p>\n<p style=\"margin:0cm;margin-bottom:.0001pt;box-sizing: border-box;-webkit-tap-highlight-color: rgba(0, 0, 0, 0)\"><span style=\"font-size: 11pt; font-family: Calibri, sans-serif;\">\u00a0<\/span><\/p>\n<p style=\"margin:0cm;margin-bottom:.0001pt\"><span style=\"font-size: 11pt; font-family: Calibri, sans-serif;\">En Vatican News, entrevistamos a<b style=\"box-sizing: border-box;-webkit-tap-highlight-color: rgba(0, 0, 0, 0)\">\u00a0Marcela Villares<\/b>,\u00a0Coordinadora del \u00c1rea de trata y tr\u00e1fico de personas de la\u00a0<i style=\"box-sizing: border-box;-webkit-tap-highlight-color: rgba(0, 0, 0, 0)\">Comisi\u00f3n Episcopal de Migrantes e Itinerantes de Argentina<\/i>, que con motivo de esta jornada lanza un llamamiento a \u00abunir fuerzas y abrir los ojos\u00bb ante este grave delito que lamentablemente contin\u00faa existiendo, todav\u00eda hoy, en nuestras calles, ciudades y pa\u00edses.<o:p><\/o:p><\/span><\/p>\n<p class=\"MsoNormal\" style=\"margin-bottom:0cm;margin-bottom:.0001pt;line-height:\nnormal\"><o:p>\u00a0<\/o:p><\/p>\n<p class=\"MsoNormal\" style=\"margin-bottom: 0.0001pt; line-height: normal; background-image: initial; background-position: initial; background-size: initial; background-repeat: initial; background-attachment: initial; background-origin: initial; background-clip: initial;\"><b>Cambio de mentalidad urgente<\/b><o:p><\/o:p><\/p>\n<p class=\"MsoNormal\" style=\"margin-bottom: 0.0001pt; line-height: normal; background-image: initial; background-position: initial; background-size: initial; background-repeat: initial; background-attachment: initial; background-origin: initial; background-clip: initial;\">Para hacer frente a la cuesti\u00f3n del tr\u00e1fico de personas, desde hace varios a\u00f1os la\u00a0<i>Comisi\u00f3n Episcopal Argentina\u00a0<\/i>trabaja en dos aspectos esenciales: la\u00a0<b>sensibilizaci\u00f3n y la concientizaci\u00f3n<\/b>de este fen\u00f3meno criminal que trae consigo tr\u00e1gicas consecuencias en detrimento del desarrollo digno de los pueblos.<o:p><\/o:p><\/p>\n<p class=\"MsoNormal\" style=\"margin-bottom: 0.0001pt; line-height: normal; background-image: initial; background-position: initial; background-size: initial; background-repeat: initial; background-attachment: initial; background-origin: initial; background-clip: initial;\"><o:p>\u00a0<\/o:p><\/p>\n<p class=\"MsoNormal\" style=\"margin-bottom: 0.0001pt; line-height: normal; background-image: initial; background-position: initial; background-size: initial; background-repeat: initial; background-attachment: initial; background-origin: initial; background-clip: initial;\">Y lo hace poniendo especial atenci\u00f3n en los ni\u00f1os, adolescentes y j\u00f3venes por dos motivos fundamentales:<o:p><\/o:p><\/p>\n<p class=\"MsoNormal\" style=\"margin-bottom: 0.0001pt; line-height: normal; background-image: initial; background-position: initial; background-size: initial; background-repeat: initial; background-attachment: initial; background-origin: initial; background-clip: initial;\"><o:p>\u00a0<\/o:p><\/p>\n<p style=\"margin: 0cm 0cm 0.0001pt; background-image: initial; background-position: initial; background-size: initial; background-repeat: initial; background-attachment: initial; background-origin: initial; background-clip: initial;\"><span style=\"font-size: 11pt; font-family: Calibri, sans-serif;\">\u00abEn primer lugar, porque son posibles v\u00edctimas que por su situaci\u00f3n de vulnerabilidad, pueden caer r\u00e1pidamente en las manos de los grupos de traficantes. Y en segundo; porque es necesario un cambio de mentalidad como sociedad, y en ellos hay m\u00e1s posibilidades de conseguirlo que en los adultos\u00bb, explica Marcela Villares destacando que en las <b>generaciones m\u00e1s j\u00f3venes\u00a0<\/b>\u00abest\u00e1 el terreno para sembrar los valores de una sociedad m\u00e1s justa, solidaria, m\u00e1s interesada y abierta a las necesidades de nuestros hermanos\u00bb.<o:p><\/o:p><\/span><\/p>\n<p class=\"MsoNormal\" style=\"margin-bottom: 0.0001pt; line-height: normal; background-image: initial; background-position: initial; background-size: initial; background-repeat: initial; background-attachment: initial; background-origin: initial; background-clip: initial;\"><o:p>\u00a0<\/o:p><\/p>\n<h2 style=\"margin: 0cm 0cm 0.0001pt; background-image: initial; background-position: initial; background-size: initial; background-repeat: initial; background-attachment: initial; background-origin: initial; background-clip: initial;\"><span style=\"font-size: 11pt; font-family: Calibri, sans-serif;\">Abramos los ojos: todos podemos hacer algo<\/span><span style=\"font-size: 11pt; font-family: Calibri, sans-serif; font-weight: normal;\"><o:p><\/o:p><\/span><\/h2>\n<p style=\"margin: 0cm 0cm 0.0001pt; background-image: initial; background-position: initial; background-size: initial; background-repeat: initial; background-attachment: initial; background-origin: initial; background-clip: initial; box-sizing: border-box; -webkit-tap-highlight-color: rgba(0, 0, 0, 0);\"><span style=\"font-size: 11pt; font-family: Calibri, sans-serif;\">A menudo, se tiende a considerar la Trata de personas como una realidad lejana que ocurre en pa\u00edses remotos y a un cierto grupo de personas; cuando lo cierto es que el tr\u00e1fico de seres humanos existe en todas partes, incluso en las calles y sociedades que podr\u00edan considerarse \u00abm\u00e1s desarrolladas y modernas\u00bb.<o:p><\/o:p><\/span><\/p>\n<p class=\"MsoNormal\" style=\"margin-bottom: 0.0001pt; line-height: normal; background-image: initial; background-position: initial; background-size: initial; background-repeat: initial; background-attachment: initial; background-origin: initial; background-clip: initial;\"><o:p>\u00a0<\/o:p><\/p>\n<p style=\"margin: 0cm 0cm 0.0001pt; background-image: initial; background-position: initial; background-size: initial; background-repeat: initial; background-attachment: initial; background-origin: initial; background-clip: initial;\"><span style=\"font-size: 11pt; font-family: Calibri, sans-serif;\">Se trata de una realidad que no puede continuar siendo ignorada, ya que un mundo que proclama valores de fraternidad y paz, \u00abno deber\u00eda hacer o\u00eddos sordos al clamor de tantas personas que sufren las consecuencias de esta lacra social\u00bb.<o:p><\/o:p><\/span><\/p>\n<p style=\"margin: 0cm 0cm 0.0001pt; background-image: initial; background-position: initial; background-size: initial; background-repeat: initial; background-attachment: initial; background-origin: initial; background-clip: initial;\"><span style=\"font-size: 11pt; font-family: Calibri, sans-serif;\">\u00a0<\/span><\/p>\n<p style=\"margin: 0cm 0cm 0.0001pt; background-image: initial; background-position: initial; background-size: initial; background-repeat: initial; background-attachment: initial; background-origin: initial; background-clip: initial; box-sizing: border-box; -webkit-tap-highlight-color: rgba(0, 0, 0, 0);\"><span style=\"font-size: 11pt; font-family: Calibri, sans-serif;\">Y as\u00ed, lo afirma tambi\u00e9n la coordinadora de la\u00a0<i style=\"box-sizing: border-box;-webkit-tap-highlight-color: rgba(0, 0, 0, 0)\">Comisi\u00f3n Episcopal de Migrantes e Itinerantes de Argentina:<\/i><o:p><\/o:p><\/span><\/p>\n<p style=\"margin: 0cm 0cm 0.0001pt; background-image: initial; background-position: initial; background-size: initial; background-repeat: initial; background-attachment: initial; background-origin: initial; background-clip: initial; box-sizing: border-box; -webkit-tap-highlight-color: rgba(0, 0, 0, 0);\"><span style=\"font-size: 11pt; font-family: Calibri, sans-serif;\">\u00abLa trata es algo que nos afecta a todos, que me afecta personalmente porque si le pasa a mi hermano, me pasa a m\u00ed. Nosotros como cristianos debemos tener esta mirada\u00bb, a\u00f1ade Marcela, recordando que Jes\u00fas vino a la tierra, \u00abfue uno de nosotros; se ensimism\u00f3 con nuestros dolores, y fue m\u00e1s all\u00e1 tratando de resolvernos\u00bb.<o:p><\/o:p><\/span><\/p>\n<p style=\"margin: 0cm 0cm 0.0001pt; background-image: initial; background-position: initial; background-size: initial; background-repeat: initial; background-attachment: initial; background-origin: initial; background-clip: initial; box-sizing: border-box; -webkit-tap-highlight-color: rgba(0, 0, 0, 0);\"><span style=\"font-size: 11pt; font-family: Calibri, sans-serif;\">\u00a0<\/span><\/p>\n<p style=\"margin: 0cm 0cm 0.0001pt; background-image: initial; background-position: initial; background-size: initial; background-repeat: initial; background-attachment: initial; background-origin: initial; background-clip: initial;\"><span style=\"font-size: 11pt; font-family: Calibri, sans-serif;\">\u00abPor lo tanto debemos actuar como \u00c9l, siendo Evangelios vivos que caminan hoy en la tierra, mirando las necesidades de nuestros hermanos, no siendo indiferentes: mirarlos a los ojos, como nos dice el Papa Francisco y preguntarnos: \u00bfQu\u00e9 puedo hacer por ellos?&#8230; es decir, ponernos en el lugar del otro y actuar\u00bb.<o:p><\/o:p><\/span><\/p>\n<p class=\"MsoNormal\" style=\"margin-bottom: 0.0001pt; line-height: normal; background-image: initial; background-position: initial; background-size: initial; background-repeat: initial; background-attachment: initial; background-origin: initial; background-clip: initial;\"><o:p>\u00a0<\/o:p><\/p>\n<p><i><span style=\"background-image: initial; background-position: initial; background-size: initial; background-repeat: initial; background-attachment: initial; background-origin: initial; background-clip: initial;\">Tomado de: VATICAN NEWS. Por Sof\u00eda Lobos. Ciudad del Vaticano. 30 de julio de 2018<\/span>.<\/i>\u00a0<\/p>\n<p><a href=\"http:\/\/web.hilo.org.pe\/wp-content\/uploads\/trata eweb.jpg\" target=\"_blank\" rel=\"noopener\">Ver archivo adjunto<\/a><\/p>\n","protected":false},"excerpt":{"rendered":"<p>Entrevista a Marcela Villares, Coordinadora del \u00e1rea de Trata y tr\u00e1fico de personas de la Comisi\u00f3n Episcopal de la Pastoral de Migrantes e Itinerantes de Argentina.<\/p>\n","protected":false},"author":1,"featured_media":0,"comment_status":"closed","ping_status":"closed","sticky":false,"template":"","format":"standard","meta":{"footnotes":""},"categories":[9],"tags":[],"class_list":["post-3110","post","type-post","status-publish","format-standard","hentry","category-noticias"],"_links":{"self":[{"href":"https:\/\/ceas.org.pe\/index.php\/wp-json\/wp\/v2\/posts\/3110","targetHints":{"allow":["GET"]}}],"collection":[{"href":"https:\/\/ceas.org.pe\/index.php\/wp-json\/wp\/v2\/posts"}],"about":[{"href":"https:\/\/ceas.org.pe\/index.php\/wp-json\/wp\/v2\/types\/post"}],"author":[{"embeddable":true,"href":"https:\/\/ceas.org.pe\/index.php\/wp-json\/wp\/v2\/users\/1"}],"replies":[{"embeddable":true,"href":"https:\/\/ceas.org.pe\/index.php\/wp-json\/wp\/v2\/comments?post=3110"}],"version-history":[{"count":1,"href":"https:\/\/ceas.org.pe\/index.php\/wp-json\/wp\/v2\/posts\/3110\/revisions"}],"predecessor-version":[{"id":6108,"href":"https:\/\/ceas.org.pe\/index.php\/wp-json\/wp\/v2\/posts\/3110\/revisions\/6108"}],"wp:attachment":[{"href":"https:\/\/ceas.org.pe\/index.php\/wp-json\/wp\/v2\/media?parent=3110"}],"wp:term":[{"taxonomy":"category","embeddable":true,"href":"https:\/\/ceas.org.pe\/index.php\/wp-json\/wp\/v2\/categories?post=3110"},{"taxonomy":"post_tag","embeddable":true,"href":"https:\/\/ceas.org.pe\/index.php\/wp-json\/wp\/v2\/tags?post=3110"}],"curies":[{"name":"wp","href":"https:\/\/api.w.org\/{rel}","templated":true}]}}