{"id":3109,"date":"2018-07-28T00:39:07","date_gmt":"2018-07-28T00:39:07","guid":{"rendered":""},"modified":"2026-03-11T09:11:57","modified_gmt":"2026-03-11T14:11:57","slug":"comunicado-de-caritas-america-latina-y-el-caribe-ante-situacion-en-nicaragua","status":"publish","type":"post","link":"https:\/\/ceas.org.pe\/index.php\/2018\/07\/28\/comunicado-de-caritas-america-latina-y-el-caribe-ante-situacion-en-nicaragua\/","title":{"rendered":"Comunicado de Caritas Am\u00e9rica Latina y el Caribe ante situaci\u00f3n en Nicaragua"},"content":{"rendered":"<p class=\"MsoNormal\" style=\"margin-bottom:0cm;margin-bottom:.0001pt;text-align:\njustify;line-height:normal\"><span style=\"background-image: initial; background-position: initial; background-size: initial; background-repeat: initial; background-attachment: initial; background-origin: initial; background-clip: initial;\">En nombre de las Caritas de la regi\u00f3n de Am\u00e9rica Latina y el Caribe, y como miembros de la Confederaci\u00f3n Caritas Internationalis \u00a0de la Iglesia cat\u00f3lica, queremos hacer llegar al pueblo nicarag\u00fcense, a sus pastores y a los miembros de Caritas Nicaragua, nuestra palabra de solidaridad y cercan\u00eda en estos momentos de tanta violencia en tan hermoso pa\u00eds.\u00a0<\/span><o:p><\/o:p><\/p>\n<p class=\"MsoNormal\" style=\"margin-bottom:0cm;margin-bottom:.0001pt;text-align:\njustify;line-height:normal\"><span style=\"background-image: initial; background-position: initial; background-size: initial; background-repeat: initial; background-attachment: initial; background-origin: initial; background-clip: initial;\"><o:p>\u00a0<\/o:p><\/span><\/p>\n<p class=\"MsoNormal\" style=\"margin-bottom:0cm;margin-bottom:.0001pt;text-align:\njustify;line-height:normal\"><span style=\"background-image: initial; background-position: initial; background-size: initial; background-repeat: initial; background-attachment: initial; background-origin: initial; background-clip: initial;\">Caritas trabaja en comuni\u00f3n y solidariamente en favor de las personas pobres, vulnerables y excluidas, al margen de su origen \u00e9tnico, religi\u00f3n, ideas pol\u00edticas, afiliaci\u00f3n pol\u00edtica o sexo, a la vez que colabora arduamente en los procesos de transformaci\u00f3n social orientados a construir un mundo en el que impere la justicia y el amor fraterno.<o:p><\/o:p><\/span><\/p>\n<p style=\"margin: 0cm 0cm 0.0001pt; text-align: justify; background-image: initial; background-position: initial; background-size: initial; background-repeat: initial; background-attachment: initial; background-origin: initial; background-clip: initial;\"><span style=\"font-size:11.0pt;font-family:\"Calibri\",\"sans-serif\";mso-ascii-theme-font:\nminor-latin;mso-hansi-theme-font:minor-latin;mso-bidi-theme-font:minor-latin\">\u00a0<\/span><\/p>\n<p style=\"margin: 0cm 0cm 0.0001pt; text-align: justify; background-image: initial; background-position: initial; background-size: initial; background-repeat: initial; background-attachment: initial; background-origin: initial; background-clip: initial;\"><span style=\"font-size:11.0pt;font-family:\"Calibri\",\"sans-serif\";mso-ascii-theme-font:\nminor-latin;mso-hansi-theme-font:minor-latin;mso-bidi-theme-font:minor-latin\">Como afirma san Pablo, <i>\u201csi un miembro del cuerpo padecer, todos los miembros padecen con \u00e9l\u201d<\/i> (1 Cor 12,26). Por ese motivo, Caritas de Am\u00e9rica Latina y el Caribe no puede permanecer indiferencia ante el sufrimiento que aflige al pueblo de Nicaragua, a su Iglesia cat\u00f3lica y a la Caritas de ese hermano pa\u00eds, enraizada en las entra\u00f1as del pueblo nicarag\u00fcense.<o:p><\/o:p><\/span><\/p>\n<p style=\"margin: 0cm 0cm 0.0001pt; text-align: justify; background-image: initial; background-position: initial; background-size: initial; background-repeat: initial; background-attachment: initial; background-origin: initial; background-clip: initial;\"><span style=\"font-size:11.0pt;font-family:\"Calibri\",\"sans-serif\";mso-ascii-theme-font:\nminor-latin;mso-hansi-theme-font:minor-latin;mso-bidi-theme-font:minor-latin\">\u00a0<\/span><\/p>\n<p style=\"margin: 0cm 0cm 0.0001pt; text-align: justify; background-image: initial; background-position: initial; background-size: initial; background-repeat: initial; background-attachment: initial; background-origin: initial; background-clip: initial;\"><span style=\"font-size:11.0pt;font-family:\"Calibri\",\"sans-serif\";mso-ascii-theme-font:\nminor-latin;mso-hansi-theme-font:minor-latin;mso-bidi-theme-font:minor-latin\">El mundo entero est\u00e1 contemplando los horrores de la represi\u00f3n y la violencia que han cobrado centenares de vidas humanas, miles de heridos y un n\u00famero indeterminado de desaparecidos. \u00a0Adem\u00e1s de estos impactos, miles de hermanos y hermanas nicarag\u00fcenses han tenido que migrar de su pa\u00eds, huyendo de la violencia y la inseguridad.<o:p><\/o:p><\/span><\/p>\n<p style=\"margin: 0cm 0cm 0.0001pt; text-align: justify; background-image: initial; background-position: initial; background-size: initial; background-repeat: initial; background-attachment: initial; background-origin: initial; background-clip: initial;\"><span style=\"font-size:11.0pt;font-family:\"Calibri\",\"sans-serif\";mso-ascii-theme-font:\nminor-latin;mso-hansi-theme-font:minor-latin;mso-bidi-theme-font:minor-latin\">\u00a0<\/span><\/p>\n<p style=\"margin: 0cm 0cm 0.0001pt; text-align: justify; background-image: initial; background-position: initial; background-size: initial; background-repeat: initial; background-attachment: initial; background-origin: initial; background-clip: initial;\"><span style=\"font-size:11.0pt;font-family:\"Calibri\",\"sans-serif\";mso-ascii-theme-font:\nminor-latin;mso-hansi-theme-font:minor-latin;mso-bidi-theme-font:minor-latin\">Nos ponemos al lado de las personas m\u00e1s vulnerables en este conflicto, de una verdadera democracia y de la justicia, de los fieles laicos, religiosas, religiosos, sacerdotes y obispos que han sido v\u00edctimas de la violencia y han sido amenazados. \u00a0Esta violencia ha llevado tambi\u00e9n a atacar y destruir algunos locales y establecimientos desde los que Caritas brinda su servicio a los m\u00e1s pobres.<o:p><\/o:p><\/span><\/p>\n<p style=\"margin: 0cm 0cm 0.0001pt; background-image: initial; background-position: initial; background-size: initial; background-repeat: initial; background-attachment: initial; background-origin: initial; background-clip: initial;\"><span style=\"font-size:11.0pt;\nfont-family:\"Calibri\",\"sans-serif\";mso-ascii-theme-font:minor-latin;mso-hansi-theme-font:\nminor-latin;mso-bidi-theme-font:minor-latin\">\u00a0<\/span><\/p>\n<p style=\"margin: 0cm 0cm 0.0001pt; text-align: justify; background-image: initial; background-position: initial; background-size: initial; background-repeat: initial; background-attachment: initial; background-origin: initial; background-clip: initial;\"><span style=\"font-size:11.0pt;font-family:\"Calibri\",\"sans-serif\";mso-ascii-theme-font:\nminor-latin;mso-hansi-theme-font:minor-latin;mso-bidi-theme-font:minor-latin\">Frente a los hechos, queremos manifestar la siguiente:\u00a0<o:p><\/o:p><\/span><\/p>\n<p style=\"margin: 0cm 0cm 0.0001pt; text-align: justify; background-image: initial; background-position: initial; background-size: initial; background-repeat: initial; background-attachment: initial; background-origin: initial; background-clip: initial;\"><span style=\"font-size:11.0pt;font-family:\"Calibri\",\"sans-serif\";mso-ascii-theme-font:\nminor-latin;mso-hansi-theme-font:minor-latin;mso-bidi-theme-font:minor-latin\">\u00a0<\/span><\/p>\n<p style=\"margin: 0cm 0cm 0.0001pt 14.2pt; text-indent: -14.2pt; background-image: initial; background-position: initial; background-size: initial; background-repeat: initial; background-attachment: initial; background-origin: initial; background-clip: initial;\"><span style=\"font-size:11.0pt;font-family:\"Calibri\",\"sans-serif\";\nmso-ascii-theme-font:minor-latin;mso-hansi-theme-font:minor-latin;mso-bidi-theme-font:\nminor-latin\">a)\u00a0 Elevamos nuestra m\u00e1s en\u00e9rgica protesta ante la situaci\u00f3n de opresi\u00f3n que vive el pueblo, y demandamos del Gobierno de Nicaragua en cese de la represi\u00f3n, adem\u00e1s del control y desarme de los grupos parapoliciales y paramilitares, y el respeto absoluto de los derechos humanos de la poblaci\u00f3n nicarag\u00fcense.\u00a0 Asimismo, la protecci\u00f3n de las personas servidoras de Caritas de Nicaragua y de su infraestructura a nivel nacional, desde la que brinda su servicio humanitario y solidario a su pueblo. <o:p><\/o:p><\/span><\/p>\n<p style=\"margin: 0cm 0cm 0.0001pt 14.2pt; text-align: justify; text-indent: -14.2pt; background-image: initial; background-position: initial; background-size: initial; background-repeat: initial; background-attachment: initial; background-origin: initial; background-clip: initial;\"><span style=\"font-size:11.0pt;font-family:\"Calibri\",\"sans-serif\";\nmso-ascii-theme-font:minor-latin;mso-hansi-theme-font:minor-latin;mso-bidi-theme-font:\nminor-latin\">\u00a0<\/span><\/p>\n<p style=\"margin: 0cm 0cm 0.0001pt 14.2pt; text-indent: -14.2pt; background-image: initial; background-position: initial; background-size: initial; background-repeat: initial; background-attachment: initial; background-origin: initial; background-clip: initial;\"><span style=\"font-size:11.0pt;font-family:\"Calibri\",\"sans-serif\";\nmso-ascii-theme-font:minor-latin;mso-hansi-theme-font:minor-latin;mso-bidi-theme-font:\nminor-latin\">b)\u00a0 Hacemos llegar a las familias que han perdido seres queridos en este conflicto nuestras condolencias y oraciones por sus difuntos. S\u00f3lo Dios consuela en estos casos extremos de angustia. \u00c9l les acompa\u00f1a en estos momentos de tristeza e incertidumbre.<o:p><\/o:p><\/span><\/p>\n<p style=\"margin: 0cm 0cm 0.0001pt 14.2pt; text-align: justify; text-indent: -14.2pt; background-image: initial; background-position: initial; background-size: initial; background-repeat: initial; background-attachment: initial; background-origin: initial; background-clip: initial;\"><span style=\"font-size:11.0pt;font-family:\"Calibri\",\"sans-serif\";\nmso-ascii-theme-font:minor-latin;mso-hansi-theme-font:minor-latin;mso-bidi-theme-font:\nminor-latin\">\u00a0<\/span><\/p>\n<p style=\"margin: 0cm 0cm 0.0001pt 14.2pt; text-indent: -14.2pt; background-image: initial; background-position: initial; background-size: initial; background-repeat: initial; background-attachment: initial; background-origin: initial; background-clip: initial;\"><span style=\"font-size:11.0pt;font-family:\"Calibri\",\"sans-serif\";\nmso-ascii-theme-font:minor-latin;mso-hansi-theme-font:minor-latin;mso-bidi-theme-font:\nminor-latin\">c)\u00a0\u00a0 Enviamos a los se\u00f1ores obispos, sacerdotes, religiosos, religiosas y fieles laicos de Nicaragua nuestro abrazo solidario y nuestro apoyo en su servicio abnegado a su pueblo. La cercan\u00eda para con el pueblo, el defenderlos de los violentos, el riesgo mismo de la vida permite pensar en una nueva etapa que se dirige a la liberaci\u00f3n.<o:p><\/o:p><\/span><\/p>\n<p style=\"margin: 0cm 0cm 0.0001pt 14.2pt; text-align: justify; text-indent: -14.2pt; background-image: initial; background-position: initial; background-size: initial; background-repeat: initial; background-attachment: initial; background-origin: initial; background-clip: initial;\"><span style=\"font-size:11.0pt;font-family:\"Calibri\",\"sans-serif\";\nmso-ascii-theme-font:minor-latin;mso-hansi-theme-font:minor-latin;mso-bidi-theme-font:\nminor-latin\">\u00a0<\/span><\/p>\n<p style=\"margin: 0cm 0cm 0.0001pt 14.2pt; text-indent: -14.2pt; background-image: initial; background-position: initial; background-size: initial; background-repeat: initial; background-attachment: initial; background-origin: initial; background-clip: initial;\"><span style=\"font-size:11.0pt;font-family:\"Calibri\",\"sans-serif\";\nmso-ascii-theme-font:minor-latin;mso-hansi-theme-font:minor-latin;mso-bidi-theme-font:\nminor-latin\">d)\u00a0 Apreciamos la acogida que el pueblo costarricense est\u00e1 dando a miles de nicarag\u00fcenses que han llegado a ese pa\u00eds, y pedimos a Dios que les provea lo necesario para responder la crisis migratoria que est\u00e1n enfrentando, asimismo la disponibilidad de Caritas El Salvador para ayudar a quienes emigran a este hermano pa\u00eds.\u00a0<o:p><\/o:p><\/span><\/p>\n<p style=\"margin: 0cm 0cm 0.0001pt 14.2pt; text-indent: -14.2pt; background-image: initial; background-position: initial; background-size: initial; background-repeat: initial; background-attachment: initial; background-origin: initial; background-clip: initial;\"><span style=\"font-size:11.0pt;font-family:\"Calibri\",\"sans-serif\";\nmso-ascii-theme-font:minor-latin;mso-hansi-theme-font:minor-latin;mso-bidi-theme-font:\nminor-latin\">e)\u00a0 Pedimos a los organismos internacionales intervenir diplom\u00e1ticamente o de manera m\u00e1s directa, para que esta violencia no cobre m\u00e1s vidas humanas y el pueblo de Nicaragua pueda vivir en paz y en otro r\u00e9gimen de seguridades.<o:p><\/o:p><\/span><\/p>\n<p style=\"margin: 0cm 0cm 0.0001pt; background-image: initial; background-position: initial; background-size: initial; background-repeat: initial; background-attachment: initial; background-origin: initial; background-clip: initial;\"><span style=\"font-size:11.0pt;\nfont-family:\"Calibri\",\"sans-serif\";mso-ascii-theme-font:minor-latin;mso-hansi-theme-font:\nminor-latin;mso-bidi-theme-font:minor-latin\">\u00a0<\/span><\/p>\n<p style=\"margin: 0cm 0cm 0.0001pt; text-align: justify; background-image: initial; background-position: initial; background-size: initial; background-repeat: initial; background-attachment: initial; background-origin: initial; background-clip: initial;\"><span style=\"font-size:11.0pt;font-family:\"Calibri\",\"sans-serif\";mso-ascii-theme-font:\nminor-latin;mso-hansi-theme-font:minor-latin;mso-bidi-theme-font:minor-latin\">A todos y a todas les animamos a no desfallecer, a no perder la esperanza y a confiar en el poder de Jesucristo, que es la fuerza del amor; donde haya ofensa, poner perd\u00f3n; donde haya discordia, poner uni\u00f3n; donde haya error, poner verdad; donde haya desesperaci\u00f3n, poner esperanza; donde haya tinieblas, poner luz; donde haya tristeza, poner alegr\u00eda. \u00a0Confiando\u00a0 en Dios y en la Iglesia que como mediadora de este proceso se logre alcanza la estabilidad y la paz como fruto de justica en Nicaragua.\u00a0<o:p><\/o:p><\/span><\/p>\n<p class=\"MsoNormal\" style=\"margin-bottom: 0.0001pt; line-height: normal; background-image: initial; background-position: initial; background-size: initial; background-repeat: initial; background-attachment: initial; background-origin: initial; background-clip: initial;\"><o:p>\u00a0<\/o:p><\/p>\n<p class=\"MsoNormal\" style=\"margin-bottom: 0.0001pt; line-height: normal; background-image: initial; background-position: initial; background-size: initial; background-repeat: initial; background-attachment: initial; background-origin: initial; background-clip: initial;\">San Jos\u00e9, a los 24 d\u00edas del mes de Julio de 2018.<o:p><\/o:p><\/p>\n<p class=\"MsoNormal\" style=\"margin-bottom: 0.0001pt; line-height: normal; background-image: initial; background-position: initial; background-size: initial; background-repeat: initial; background-attachment: initial; background-origin: initial; background-clip: initial;\"><o:p>\u00a0<\/o:p><\/p>\n<p class=\"MsoNormal\" style=\"margin-bottom: 0.0001pt; line-height: normal; background-image: initial; background-position: initial; background-size: initial; background-repeat: initial; background-attachment: initial; background-origin: initial; background-clip: initial;\">En nombre de todas las Caritas de Am\u00e9rica Latina y el Caribe,<o:p><\/o:p><\/p>\n<p class=\"MsoNormal\" style=\"margin-bottom: 0.0001pt; line-height: normal; background-image: initial; background-position: initial; background-size: initial; background-repeat: initial; background-attachment: initial; background-origin: initial; background-clip: initial;\"><o:p>\u00a0<\/o:p><\/p>\n<p class=\"MsoNormal\" style=\"margin-bottom: 0.0001pt; line-height: normal; background-image: initial; background-position: initial; background-size: initial; background-repeat: initial; background-attachment: initial; background-origin: initial; background-clip: initial;\"><o:p>\u00a0<\/o:p><\/p>\n<p class=\"MsoNormal\" align=\"center\" style=\"margin-bottom: 0.0001pt; text-align: center; line-height: normal; background-image: initial; background-position: initial; background-size: initial; background-repeat: initial; background-attachment: initial; background-origin: initial; background-clip: initial;\">Monse\u00f1or Jos\u00e9 Luis Azuaje Ayala<br \/>\nArzobispo electo de Maracaibo<o:p><\/o:p><\/p>\n<p class=\"MsoNormal\" align=\"center\" style=\"margin-bottom: 0.0001pt; text-align: center; line-height: normal; background-image: initial; background-position: initial; background-size: initial; background-repeat: initial; background-attachment: initial; background-origin: initial; background-clip: initial;\">Presidente Regional de Caritas de Am\u00e9rica Latina y el Caribe<o:p><\/o:p><\/p>\n<p class=\"MsoNormal\" align=\"center\" style=\"margin-bottom: 0.0001pt; text-align: center; line-height: normal; background-image: initial; background-position: initial; background-size: initial; background-repeat: initial; background-attachment: initial; background-origin: initial; background-clip: initial;\"><o:p>\u00a0<\/o:p><\/p>\n<p class=\"MsoNormal\" align=\"center\" style=\"margin-bottom: 0.0001pt; text-align: center; line-height: normal; background-image: initial; background-position: initial; background-size: initial; background-repeat: initial; background-attachment: initial; background-origin: initial; background-clip: initial;\">Pbro. Francisco Hern\u00e1ndez Rojas<o:p><\/o:p><\/p>\n<p class=\"MsoNormal\" align=\"center\" style=\"margin-bottom: 0.0001pt; text-align: center; line-height: normal; background-image: initial; background-position: initial; background-size: initial; background-repeat: initial; background-attachment: initial; background-origin: initial; background-clip: initial;\">Coordinador Regional de Caritas de Am\u00e9rica Latina y el Caribe<o:p><\/o:p><\/p>\n<p class=\"MsoNormal\" style=\"margin-bottom: 0.0001pt; line-height: normal; background-image: initial; background-position: initial; background-size: initial; background-repeat: initial; background-attachment: initial; background-origin: initial; background-clip: initial;\"><o:p>\u00a0<\/o:p><\/p>\n<p class=\"MsoNormal\" style=\"margin-bottom: 0.0001pt; line-height: normal; background-image: initial; background-position: initial; background-size: initial; background-repeat: initial; background-attachment: initial; background-origin: initial; background-clip: initial;\"><span style=\"mso-fareast-font-family:\"Times New Roman\";\nmso-bidi-font-family:Calibri;mso-bidi-theme-font:minor-latin;color:#6E6E6E;\nmso-fareast-language:ES-PE\">\u00a0<\/span><\/p>\n<p><i>Tomado de: C\u00e1ritas Am\u00e9rica Latina y el Caribe. 27 de julio de 2018.<\/i>\u00a0<\/p>\n<p><a href=\"http:\/\/web.hilo.org.pe\/wp-content\/uploads\/mensaje caritas web.jpg\" target=\"_blank\" rel=\"noopener\">Ver archivo adjunto<\/a><\/p>\n","protected":false},"excerpt":{"rendered":"<p>En nombre de las Caritas de la regi\u00f3n de Am\u00e9rica Latina y el Caribe, y como miembros de la Confederaci\u00f3n Caritas Internationalis  de la Iglesia cat\u00f3lica, queremos hacer llegar al pueblo nicarag\u00fcense, a sus pastores y a los miembros de Caritas Nicaragua, nuestra palabra de solidaridad y cercan\u00eda en estos momentos de tanta violencia en tan hermoso pa\u00eds.<\/p>\n","protected":false},"author":1,"featured_media":0,"comment_status":"closed","ping_status":"closed","sticky":false,"template":"","format":"standard","meta":{"footnotes":""},"categories":[9],"tags":[],"class_list":["post-3109","post","type-post","status-publish","format-standard","hentry","category-noticias"],"_links":{"self":[{"href":"https:\/\/ceas.org.pe\/index.php\/wp-json\/wp\/v2\/posts\/3109","targetHints":{"allow":["GET"]}}],"collection":[{"href":"https:\/\/ceas.org.pe\/index.php\/wp-json\/wp\/v2\/posts"}],"about":[{"href":"https:\/\/ceas.org.pe\/index.php\/wp-json\/wp\/v2\/types\/post"}],"author":[{"embeddable":true,"href":"https:\/\/ceas.org.pe\/index.php\/wp-json\/wp\/v2\/users\/1"}],"replies":[{"embeddable":true,"href":"https:\/\/ceas.org.pe\/index.php\/wp-json\/wp\/v2\/comments?post=3109"}],"version-history":[{"count":1,"href":"https:\/\/ceas.org.pe\/index.php\/wp-json\/wp\/v2\/posts\/3109\/revisions"}],"predecessor-version":[{"id":6109,"href":"https:\/\/ceas.org.pe\/index.php\/wp-json\/wp\/v2\/posts\/3109\/revisions\/6109"}],"wp:attachment":[{"href":"https:\/\/ceas.org.pe\/index.php\/wp-json\/wp\/v2\/media?parent=3109"}],"wp:term":[{"taxonomy":"category","embeddable":true,"href":"https:\/\/ceas.org.pe\/index.php\/wp-json\/wp\/v2\/categories?post=3109"},{"taxonomy":"post_tag","embeddable":true,"href":"https:\/\/ceas.org.pe\/index.php\/wp-json\/wp\/v2\/tags?post=3109"}],"curies":[{"name":"wp","href":"https:\/\/api.w.org\/{rel}","templated":true}]}}