{"id":3108,"date":"2018-07-26T12:34:56","date_gmt":"2018-07-26T12:34:56","guid":{"rendered":""},"modified":"2026-03-11T09:11:57","modified_gmt":"2026-03-11T14:11:57","slug":"197-aniversario-de-la-independencia-nacional","status":"publish","type":"post","link":"https:\/\/ceas.org.pe\/index.php\/2018\/07\/26\/197-aniversario-de-la-independencia-nacional\/","title":{"rendered":"197\u00b0 Aniversario de la Independencia Nacional"},"content":{"rendered":"<p style=\"margin: 0cm 0cm 4.5pt; text-align: justify; background-image: initial; background-position: initial; background-size: initial; background-repeat: initial; background-attachment: initial; background-origin: initial; background-clip: initial;\"><span style=\"font-size:11.0pt;font-family:\n\"Calibri\",sans-serif;mso-ascii-theme-font:minor-latin;mso-hansi-theme-font:\nminor-latin;mso-bidi-theme-font:minor-latin;color:#1D2129\">Los Obispos del Per\u00fa, en el 197\u00b0 aniversario de nuestra independencia nacional, animamos a continuar trabajando con esperanza en la construcci\u00f3n de un Per\u00fa cada vez mejor, como dec\u00eda el historiador Jorge Basadre: \u201cQue el Per\u00fa no se pierda por la obra o la inacci\u00f3n de los peruanos\u201d.<o:p><\/o:p><\/span><\/p>\n<p style=\"margin: 4.5pt 0cm; background-image: initial; background-position: initial; background-size: initial; background-repeat: initial; background-attachment: initial; background-origin: initial; background-clip: initial;\"><span style=\"font-size:11.0pt;font-family:\"Calibri\",sans-serif;mso-ascii-theme-font:\nminor-latin;mso-hansi-theme-font:minor-latin;mso-bidi-theme-font:minor-latin;\ncolor:#1D2129\">El delicado momento pol\u00edtico, social y moral que viven las instituciones democr\u00e1ticas del pa\u00eds, de manera especial el Sistema de Justicia, nos demuestran que urge una reforma estructural en todo nivel, que garantice la institucionalidad y el Estado de Derecho de nuestro pa\u00eds: pilares de la democracia y el camino hacia el progreso.<o:p><\/o:p><\/span><\/p>\n<p style=\"margin: 4.5pt 0cm; background-image: initial; background-position: initial; background-size: initial; background-repeat: initial; background-attachment: initial; background-origin: initial; background-clip: initial;\"><span style=\"font-size:11.0pt;font-family:\"Calibri\",sans-serif;mso-ascii-theme-font:\nminor-latin;mso-hansi-theme-font:minor-latin;mso-bidi-theme-font:minor-latin;\ncolor:#1D2129\">Esta cruda realidad exige que todos asumamos la responsabilidad de construir una sociedad con principios s\u00f3lidos de honestidad y transparencia, buscando el bien com\u00fan para todos; esto es, pensando siempre que detr\u00e1s de nosotros se encuentra el desvalido, el menos favorecido. \u201cNadie puede estar ajeno a este proceso. La corrupci\u00f3n es evitable y exige el compromiso de todos\u201d. (Cfr. Papa Francisco. Lima 2018).<o:p><\/o:p><\/span><\/p>\n<p style=\"margin: 4.5pt 0cm; background-image: initial; background-position: initial; background-size: initial; background-repeat: initial; background-attachment: initial; background-origin: initial; background-clip: initial;\"><span style=\"font-size:11.0pt;font-family:\"Calibri\",sans-serif;mso-ascii-theme-font:\nminor-latin;mso-hansi-theme-font:minor-latin;mso-bidi-theme-font:minor-latin;\ncolor:#1D2129\">Como pastores que debemos amar y servir a todos los seres humanos, nos preocupan tambi\u00e9n los altos \u00edndices de inseguridad ciudadana, la violencia, los feminicidios, el abandono y dolor de nuestros compatriotas que sufren el friaje, que atentan contra la dignidad humana y de los que luchan por una vida m\u00e1s digna por lo que hacemos un llamado a la solidaridad personal y social.<o:p><\/o:p><\/span><\/p>\n<p style=\"margin: 4.5pt 0cm; background-image: initial; background-position: initial; background-size: initial; background-repeat: initial; background-attachment: initial; background-origin: initial; background-clip: initial;\"><span style=\"font-size:11.0pt;font-family:\"Calibri\",sans-serif;mso-ascii-theme-font:\nminor-latin;mso-hansi-theme-font:minor-latin;mso-bidi-theme-font:minor-latin;\ncolor:#1D2129\">Elevamos nuestras oraciones para que las decisiones de los gobernantes y autoridades de todo nivel, as\u00ed como los pol\u00edticos, se tomen pensando en los ni\u00f1os y j\u00f3venes que hoy observan el pa\u00eds con gran preocupaci\u00f3n y desconfianza. Ellos quieren creer y confiar en el Per\u00fa y en sus l\u00edderes. Hagamos que no pierdan la esperanza como nos ha dicho el Papa Francisco, \u201clos peruanos, en este momento de la historia, no tienen derecho a dejarse robar la esperanza\u201d. (Cfr. Papa Francisco. Lima 2018).<o:p><\/o:p><\/span><\/p>\n<p style=\"margin: 4.5pt 0cm; background-image: initial; background-position: initial; background-size: initial; background-repeat: initial; background-attachment: initial; background-origin: initial; background-clip: initial;\"><span style=\"font-size:11.0pt;font-family:\"Calibri\",sans-serif;mso-ascii-theme-font:\nminor-latin;mso-hansi-theme-font:minor-latin;mso-bidi-theme-font:minor-latin;\ncolor:#1D2129\">\u00a1Conservemos y cuidemos la reserva moral del Per\u00fa!<o:p><\/o:p><\/span><\/p>\n<p style=\"margin: 4.5pt 0cm; text-align: justify; background-image: initial; background-position: initial; background-size: initial; background-repeat: initial; background-attachment: initial; background-origin: initial; background-clip: initial;\"><span style=\"font-size:11.0pt;\nfont-family:\"Calibri\",sans-serif;mso-ascii-theme-font:minor-latin;mso-hansi-theme-font:\nminor-latin;mso-bidi-theme-font:minor-latin;color:#1D2129\">\u00a1Viva el Per\u00fa!<o:p><\/o:p><\/span><\/p>\n<p class=\"MsoNormal\" style=\"text-align:justify\"><i>\u00a0<\/i><\/p>\n<p><i style=\"text-align: justify;\">CEP. 26 de julio de 2018.<\/i>\u00a0<\/p>\n<p><a href=\"http:\/\/web.hilo.org.pe\/wp-content\/uploads\/Mensaje Fiestas Patrias web.jpg\" target=\"_blank\" rel=\"noopener\">Ver archivo adjunto<\/a><\/p>\n","protected":false},"excerpt":{"rendered":"<p>Mensaje de la Presidencia de la Conferencia Episcopal Peruana<br \/>\n\u201cHAGAMOS GRANDE NUESTRO PER\u00da\u201d<br \/>\n(Himno al Se\u00f1or de los Milagros)<\/p>\n<p>Los Obispos del Per\u00fa, en el 197\u00b0 aniversario de nuestra independencia nacional, animamos a continuar trabajando con esperanza en la construcci\u00f3n de un Per\u00fa cada vez mejor, como dec\u00eda el historiador Jorge Basadre: \u201cQue el Per\u00fa no se pierda por la obra o la inacci\u00f3n de los peruanos\u201d.<\/p>\n","protected":false},"author":1,"featured_media":0,"comment_status":"closed","ping_status":"closed","sticky":false,"template":"","format":"standard","meta":{"footnotes":""},"categories":[9],"tags":[],"class_list":["post-3108","post","type-post","status-publish","format-standard","hentry","category-noticias"],"_links":{"self":[{"href":"https:\/\/ceas.org.pe\/index.php\/wp-json\/wp\/v2\/posts\/3108","targetHints":{"allow":["GET"]}}],"collection":[{"href":"https:\/\/ceas.org.pe\/index.php\/wp-json\/wp\/v2\/posts"}],"about":[{"href":"https:\/\/ceas.org.pe\/index.php\/wp-json\/wp\/v2\/types\/post"}],"author":[{"embeddable":true,"href":"https:\/\/ceas.org.pe\/index.php\/wp-json\/wp\/v2\/users\/1"}],"replies":[{"embeddable":true,"href":"https:\/\/ceas.org.pe\/index.php\/wp-json\/wp\/v2\/comments?post=3108"}],"version-history":[{"count":1,"href":"https:\/\/ceas.org.pe\/index.php\/wp-json\/wp\/v2\/posts\/3108\/revisions"}],"predecessor-version":[{"id":6110,"href":"https:\/\/ceas.org.pe\/index.php\/wp-json\/wp\/v2\/posts\/3108\/revisions\/6110"}],"wp:attachment":[{"href":"https:\/\/ceas.org.pe\/index.php\/wp-json\/wp\/v2\/media?parent=3108"}],"wp:term":[{"taxonomy":"category","embeddable":true,"href":"https:\/\/ceas.org.pe\/index.php\/wp-json\/wp\/v2\/categories?post=3108"},{"taxonomy":"post_tag","embeddable":true,"href":"https:\/\/ceas.org.pe\/index.php\/wp-json\/wp\/v2\/tags?post=3108"}],"curies":[{"name":"wp","href":"https:\/\/api.w.org\/{rel}","templated":true}]}}