{"id":3107,"date":"2018-07-26T12:14:43","date_gmt":"2018-07-26T12:14:43","guid":{"rendered":""},"modified":"2026-03-11T09:11:57","modified_gmt":"2026-03-11T14:11:57","slug":"el-papa-pide-cuidar-y-amar-a-los-abuelos","status":"publish","type":"post","link":"https:\/\/ceas.org.pe\/index.php\/2018\/07\/26\/el-papa-pide-cuidar-y-amar-a-los-abuelos\/","title":{"rendered":"El Papa pide cuidar y amar a los abuelos"},"content":{"rendered":"<p class=\"MsoNormal\" style=\"margin-bottom:0cm;margin-bottom:.0001pt;text-align:\njustify;line-height:normal\">\u201cLos abuelos son un tesoro en la familia. Por favor, \u00a1cuiden de los abuelos, \u00e1menlos, hagan que hablen con los ni\u00f1os!\u201d es el tweet del Papa Francisco hoy que escribe a trav\u00e9s de su cuenta Oficial @Pontifex<o:p><\/o:p><\/p>\n<p class=\"MsoNormal\" style=\"margin-bottom:0cm;margin-bottom:.0001pt;text-align:\njustify;line-height:normal\"><b>\u00a0<\/b><\/p>\n<p class=\"MsoNormal\" style=\"margin-bottom:0cm;margin-bottom:.0001pt;text-align:\njustify;line-height:normal\">En la memoria lit\u00fargica de los santos Joaqu\u00edn y Ana, pap\u00e1s de la Beata Virgen Mar\u00eda, el Papa Francisco recuerda, a trav\u00e9s de un tweet la importancia de los abuelos: \u201cLos abuelos son un tesoro en la familia\u201d y exhorta a cuidarlos: \u201cPor favor, \u00a1cuiden de los abuelos, \u00e1menlos, hagan que hablen con los ni\u00f1os!\u201d.<o:p><\/o:p><\/p>\n<p class=\"MsoNormal\" style=\"margin-bottom:0cm;margin-bottom:.0001pt;text-align:\njustify;line-height:normal;mso-outline-level:2\"><o:p>\u00a0<\/o:p><\/p>\n<p class=\"MsoNormal\" style=\"margin-bottom:0cm;margin-bottom:.0001pt;text-align:\njustify;line-height:normal;mso-outline-level:2\"><b>Como \u00e1rboles que a\u00fan dan fruto<o:p><\/o:p><\/b><\/p>\n<p class=\"MsoNormal\" style=\"margin-bottom:0cm;margin-bottom:.0001pt;text-align:\njustify;line-height:normal\">El Papa Francisco, a trav\u00e9s de sus catequesis y \u00e1ngelus, ha hablado en numerosas ocasiones de la importancia que juegan los abuelos en nuestra vida y en el mundo. Tambi\u00e9n se reuni\u00f3 con ellos en septiembre de 2014 en la Plaza de San Pedro y les defini\u00f3 como \u201c\u00e1rboles que siguen dando frutos\u201d y asegur\u00f3 que una de las cosas m\u00e1s bellas en la vida es \u201cdejarse acariciar por un abuelo y una abuela\u201d.<o:p><\/o:p><\/p>\n<p class=\"MsoNormal\" style=\"margin-bottom:0cm;margin-bottom:.0001pt;text-align:\njustify;line-height:normal\"><o:p>\u00a0<\/o:p><\/p>\n<p class=\"MsoNormal\" style=\"margin-bottom:0cm;margin-bottom:.0001pt;text-align:\njustify;line-height:normal\">Discurso adem\u00e1s en el que alert\u00f3 de la realidad del abandono de los ancianos, la cual \u2013 puntualiz\u00f3 \u2013 es una eutanasia a escondidas: \u201c\u00a1cu\u00e1ntas veces se descartan a los ancianos con actitudes de abandono que son una aut\u00e9ntica eutanasia a escondidas!\u201d.<o:p><\/o:p><\/p>\n<p class=\"MsoNormal\" style=\"margin-bottom:0cm;margin-bottom:.0001pt;text-align:\njustify;line-height:normal;mso-outline-level:2\"><o:p>\u00a0<\/o:p><\/p>\n<p class=\"MsoNormal\" style=\"margin-bottom:0cm;margin-bottom:.0001pt;text-align:\njustify;line-height:normal;mso-outline-level:2\"><b>El\u00a0<a href=\"https:\/\/www.youtube.com\/watch?v=plBMZ1N7Y8s\" target=\"_blank\"><span style=\"color: windowtext; text-decoration-line: none;\">Video del Papa<\/span><\/a>\u00a0por los ancianos<o:p><\/o:p><\/b><\/p>\n<p class=\"MsoNormal\" style=\"margin-bottom:0cm;margin-bottom:.0001pt;text-align:\njustify;line-height:normal\">En el \u00faltimo Video del Papa de 2017 con su intenci\u00f3n de oraci\u00f3n, Francisco lo dedic\u00f3 a los ancianos \u201cpara que sostenidos por las familias y las comunidades cristianas, colaboren con su sabidur\u00eda y experiencia en la transmisi\u00f3n de la fe y la educaci\u00f3n de las nuevas generaciones\u201d.<o:p><\/o:p><\/p>\n<p class=\"MsoNormal\" style=\"margin-bottom:0cm;margin-bottom:.0001pt;text-align:\njustify;line-height:normal\"><o:p>\u00a0<\/o:p><\/p>\n<p class=\"MsoNormal\" style=\"margin-bottom:0cm;margin-bottom:.0001pt;text-align:\njustify;line-height:normal\">\u201cUn pueblo que no cuida a los abuelos y no los trata bien es un pueblo que \u00a1no tiene futuro!\u201d dice el Papa en el video, pues es a ellos, a los ancianos, a quienes se les ha confiado \u201ctransmitir la experiencia de la vida, la historia de una familia, de una comunidad, de un pueblo\u201d.<o:p><\/o:p><\/p>\n<p class=\"MsoNormal\" style=\"margin-bottom:0cm;margin-bottom:.0001pt;text-align:\njustify;line-height:normal\"><o:p>\u00a0<\/o:p><\/p>\n<p class=\"MsoNormal\" style=\"margin-bottom:0cm;margin-bottom:.0001pt;text-align:\njustify;line-height:normal\"><i><span style=\"mso-fareast-font-family:\"Times New Roman\";mso-bidi-font-family:Calibri;\nmso-bidi-theme-font:minor-latin;color:#373737;mso-fareast-language:ES-PE\">Tomado de: Vatican News. Por Mireia Bonilla \u2013 Ciudad del Vaticano. 26 de julio de 2018.<o:p><\/o:p><\/span><\/i><\/p>\n<p><span style=\"text-align: justify;\">\u00a0<\/span>\u00a0<\/p>\n<p><a href=\"http:\/\/web.hilo.org.pe\/wp-content\/uploads\/Amemos a los abuelos.jpg\" target=\"_blank\" rel=\"noopener\">Ver archivo adjunto<\/a><\/p>\n","protected":false},"excerpt":{"rendered":"<p>\u201cLos abuelos son un tesoro en la familia. Por favor, \u00a1cuiden de los abuelos, \u00e1menlos, hagan que hablen con los ni\u00f1os!\u201d es el tweet del Papa Francisco hoy que escribe a trav\u00e9s de su cuenta Oficial @Pontifex<\/p>\n","protected":false},"author":1,"featured_media":0,"comment_status":"closed","ping_status":"closed","sticky":false,"template":"","format":"standard","meta":{"footnotes":""},"categories":[9],"tags":[],"class_list":["post-3107","post","type-post","status-publish","format-standard","hentry","category-noticias"],"_links":{"self":[{"href":"https:\/\/ceas.org.pe\/index.php\/wp-json\/wp\/v2\/posts\/3107","targetHints":{"allow":["GET"]}}],"collection":[{"href":"https:\/\/ceas.org.pe\/index.php\/wp-json\/wp\/v2\/posts"}],"about":[{"href":"https:\/\/ceas.org.pe\/index.php\/wp-json\/wp\/v2\/types\/post"}],"author":[{"embeddable":true,"href":"https:\/\/ceas.org.pe\/index.php\/wp-json\/wp\/v2\/users\/1"}],"replies":[{"embeddable":true,"href":"https:\/\/ceas.org.pe\/index.php\/wp-json\/wp\/v2\/comments?post=3107"}],"version-history":[{"count":1,"href":"https:\/\/ceas.org.pe\/index.php\/wp-json\/wp\/v2\/posts\/3107\/revisions"}],"predecessor-version":[{"id":6111,"href":"https:\/\/ceas.org.pe\/index.php\/wp-json\/wp\/v2\/posts\/3107\/revisions\/6111"}],"wp:attachment":[{"href":"https:\/\/ceas.org.pe\/index.php\/wp-json\/wp\/v2\/media?parent=3107"}],"wp:term":[{"taxonomy":"category","embeddable":true,"href":"https:\/\/ceas.org.pe\/index.php\/wp-json\/wp\/v2\/categories?post=3107"},{"taxonomy":"post_tag","embeddable":true,"href":"https:\/\/ceas.org.pe\/index.php\/wp-json\/wp\/v2\/tags?post=3107"}],"curies":[{"name":"wp","href":"https:\/\/api.w.org\/{rel}","templated":true}]}}