{"id":3106,"date":"2018-07-26T11:47:13","date_gmt":"2018-07-26T11:47:13","guid":{"rendered":""},"modified":"2026-03-11T09:11:57","modified_gmt":"2026-03-11T14:11:57","slug":"nicaragua-card-piacenza-la-santa-misa-es-la-primera-contribucion-para-la-paz","status":"publish","type":"post","link":"https:\/\/ceas.org.pe\/index.php\/2018\/07\/26\/nicaragua-card-piacenza-la-santa-misa-es-la-primera-contribucion-para-la-paz\/","title":{"rendered":"Nicaragua, Card. Piacenza: la Santa Misa es la primera contribuci\u00f3n para la paz"},"content":{"rendered":"<p style=\"margin: 0cm 0cm 0.0001pt; text-align: justify; background-image: initial; background-position: initial; background-size: initial; background-repeat: initial; background-attachment: initial; background-origin: initial; background-clip: initial;\"><span style=\"font-size:11.0pt;font-family:\"Calibri\",sans-serif;mso-ascii-theme-font:\nminor-latin;mso-hansi-theme-font:minor-latin;mso-bidi-theme-font:minor-latin;\ncolor:#373737\">\u201cEn momentos dif\u00edciles como el que vive actualmente Nicaragua, la gente ve en la Iglesia un apoyo, un rostro amigo. Es por lo tanto fundamental sostenerla y sobre todo, a quienes en la Iglesia est\u00e1n m\u00e1s cerca de la gente: los p\u00e1rrocos y los sacerdotes en general\u201d: lo afirma el cardenal Mauro Piacenza, presidente internacional de Ayuda a la Iglesia Necesitada, subrayando la importancia de la campa\u00f1a de intenciones de las Santas Misas por Nicaragua, lanzada por la secci\u00f3n italiana de la Fundaci\u00f3n Pontificia.<o:p><\/o:p><\/span><\/p>\n<p style=\"margin: 0cm 0cm 0.0001pt; text-align: justify; background-image: initial; background-position: initial; background-size: initial; background-repeat: initial; background-attachment: initial; background-origin: initial; background-clip: initial;\"><span style=\"font-size:11.0pt;font-family:\"Calibri\",sans-serif;mso-ascii-theme-font:\nminor-latin;mso-hansi-theme-font:minor-latin;mso-bidi-theme-font:minor-latin;\ncolor:#373737\">\u00a0<\/span><\/p>\n<h2 style=\"margin-top: 0cm; line-height: normal; background-image: initial; background-position: initial; background-size: initial; background-repeat: initial; background-attachment: initial; background-origin: initial; background-clip: initial; box-sizing: border-box; -webkit-tap-highlight-color: rgba(0, 0, 0, 0);\"><b style=\"mso-bidi-font-weight:\nnormal;box-sizing: border-box;-webkit-tap-highlight-color: rgba(0, 0, 0, 0)\"><span style=\"font-size:11.0pt;font-family:\"Calibri\",sans-serif;mso-ascii-theme-font:\nminor-latin;mso-hansi-theme-font:minor-latin;mso-bidi-theme-font:minor-latin;\ncolor:#373737\"><br \/>\nCercan\u00eda a sacerdotes y a la poblaci\u00f3n\u00a0nicarag\u00fcense\u00a0<o:p><\/o:p><\/span><\/b><\/h2>\n<p style=\"margin: 0cm 0cm 0.0001pt; background-image: initial; background-position: initial; background-size: initial; background-repeat: initial; background-attachment: initial; background-origin: initial; background-clip: initial; box-sizing: border-box; -webkit-tap-highlight-color: rgba(0, 0, 0, 0);\"><span style=\"font-size:11.0pt;\nfont-family:\"Calibri\",sans-serif;mso-ascii-theme-font:minor-latin;mso-hansi-theme-font:\nminor-latin;mso-bidi-theme-font:minor-latin;color:#373737\">Despu\u00e9s de un coloquio con el cardenal Leopoldo Jos\u00e9 Brenes Solorzano, la semana pasada, en el cual el arzobispo de Managua indicaba \u00e9sta como una de las formas de ayuda m\u00e1s eficaces en apoyo de la Iglesia nicarag\u00fcense, Ayuda a la Iglesia Necesitada \u2013 Italia se dirige a sus benefactores pidi\u00e9ndoles que muestren cercan\u00eda a los sacerdotes y a la poblaci\u00f3n del sufrido pa\u00eds latinoamericano, haciendo celebrar Misas por sus intenciones. \u201cUna ayuda fundamental para los ministros de Dios \u2013 afirma el cardenal presidente internacional de Ayuda a la Iglesia Necesitada &#8211; porque esto les permite vivir de lo cual deber\u00edan vivir, es decir, el altar. Adem\u00e1s, la Santa Misa tiene un valor infinito para todos y por todo y es la primera contribuci\u00f3n a la paz. Una contribuci\u00f3n ahora m\u00e1s que nunca esencia para todos los nicarag\u00fcenses\u201d.<o:p><\/o:p><\/span><\/p>\n<h2 style=\"margin-top: 0cm; line-height: normal; background-image: initial; background-position: initial; background-size: initial; background-repeat: initial; background-attachment: initial; background-origin: initial; background-clip: initial; box-sizing: border-box; -webkit-tap-highlight-color: rgba(0, 0, 0, 0);\"><span style=\"font-size:11.0pt;\nfont-family:\"Calibri\",sans-serif;mso-ascii-theme-font:minor-latin;mso-hansi-theme-font:\nminor-latin;mso-bidi-theme-font:minor-latin;color:#373737\">\u00a0<\/span><\/h2>\n<p class=\"MsoNormal\" style=\"margin-bottom:0cm;margin-bottom:.0001pt;line-height:\nnormal\"><o:p>\u00a0<\/o:p><\/p>\n<h2 style=\"margin-top: 0cm; text-align: justify; line-height: normal; background-image: initial; background-position: initial; background-size: initial; background-repeat: initial; background-attachment: initial; background-origin: initial; background-clip: initial;\"><b><span style=\"font-size:11.0pt;\nfont-family:\"Calibri\",sans-serif;mso-ascii-theme-font:minor-latin;mso-hansi-theme-font:\nminor-latin;mso-bidi-theme-font:minor-latin;color:#373737\">Oraci\u00f3n, informaci\u00f3n y acci\u00f3n por Nicaragua<o:p><\/o:p><\/span><\/b><\/h2>\n<p style=\"margin: 0cm 0cm 0.0001pt; background-image: initial; background-position: initial; background-size: initial; background-repeat: initial; background-attachment: initial; background-origin: initial; background-clip: initial; box-sizing: border-box; -webkit-tap-highlight-color: rgba(0, 0, 0, 0);\"><span style=\"font-size:11.0pt;\nfont-family:\"Calibri\",sans-serif;mso-ascii-theme-font:minor-latin;mso-hansi-theme-font:\nminor-latin;mso-bidi-theme-font:minor-latin;color:#373737\">El comunicado de Ayuda a la Iglesia Necesitada informa asimismo que la Fundaci\u00f3n pontificia contin\u00faa a seguir de cerca la evoluci\u00f3n de los eventos y a dar voz a la Iglesia local: \u201cUna tarea central de la Misi\u00f3n de Ayuda a la Iglesia Necesitada que se acompa\u00f1a a la ayuda concreta \u2013 agrega el cardenal Piacenza \u2013 es aquel de dar informaciones constantes para estimular la oraci\u00f3n y la atenci\u00f3n de toda la comunidad cristiana y del mundo hacia dramas tan crueles y b\u00e1rbaros\u201d.<o:p><\/o:p><\/span><\/p>\n<p style=\"margin: 0cm 0cm 0.0001pt; background-image: initial; background-position: initial; background-size: initial; background-repeat: initial; background-attachment: initial; background-origin: initial; background-clip: initial; box-sizing: border-box; -webkit-tap-highlight-color: rgba(0, 0, 0, 0);\"><span style=\"font-size:11.0pt;\nfont-family:\"Calibri\",sans-serif;mso-ascii-theme-font:minor-latin;mso-hansi-theme-font:\nminor-latin;mso-bidi-theme-font:minor-latin;color:#373737\">\u00a0<\/span><\/p>\n<p style=\"margin: 0cm 0cm 0.0001pt; text-align: justify; background-image: initial; background-position: initial; background-size: initial; background-repeat: initial; background-attachment: initial; background-origin: initial; background-clip: initial;\"><span style=\"font-size:11.0pt;font-family:\"Calibri\",sans-serif;mso-ascii-theme-font:\nminor-latin;mso-hansi-theme-font:minor-latin;mso-bidi-theme-font:minor-latin;\ncolor:#373737\">Oraci\u00f3n, informaci\u00f3n y acci\u00f3n. Son las tres directrices que desde siempre gu\u00edan la obra de la Fundaci\u00f3n. En efecto, son numerosas tambi\u00e9n las campa\u00f1as de oraci\u00f3n por la Iglesia que vive en Nicaragua lanzadas por muchas de las 23 sedes nacionales que Ayuda a la Iglesia Necesitada tiene en todo el mundo,\u00a0y en particular de la no distante oficina de Ciudad de M\u00e9xico. \u201cLa oraci\u00f3n es el pan del cual vive la Iglesia y el motor de todo \u2013 nota el purpurado \u2013 es el primer pan, la primera forma de apoyo. Despu\u00e9s, obviamente, debemos pensar tambi\u00e9n al resto\u201d.<o:p><\/o:p><\/span><\/p>\n<p class=\"MsoNormal\" style=\"margin-bottom:0cm;margin-bottom:.0001pt;text-align:\njustify;line-height:normal\"><o:p>\u00a0<\/o:p><\/p>\n<p class=\"MsoNormal\" style=\"margin-bottom:0cm;margin-bottom:.0001pt;line-height:\nnormal\"><i><span style=\"mso-fareast-font-family:\n\"Times New Roman\";mso-bidi-font-family:Calibri;mso-bidi-theme-font:minor-latin;\ncolor:#373737;mso-fareast-language:ES-PE\">Tomado de: Vatican New. Por Mar\u00eda Cecilia Mutual &#8211; Ciudad del Vaticano<o:p><\/o:p><\/span><\/i><\/p>\n<p><i><span style=\"mso-fareast-font-family:\n\"Times New Roman\";mso-bidi-font-family:Calibri;mso-bidi-theme-font:minor-latin;\ncolor:#373737;mso-fareast-language:ES-PE\">26 de julio de 2018<\/span>.<\/i>\u00a0<\/p>\n<p><a href=\"http:\/\/web.hilo.org.pe\/wp-content\/uploads\/Biblia web.jpg\" target=\"_blank\" rel=\"noopener\">Ver archivo adjunto<\/a><\/p>\n","protected":false},"excerpt":{"rendered":"<p>Ayuda a la Iglesia Necesitada lanza campa\u00f1a de intenciones de Santas Misas por Nicaragua.<\/p>\n","protected":false},"author":1,"featured_media":0,"comment_status":"closed","ping_status":"closed","sticky":false,"template":"","format":"standard","meta":{"footnotes":""},"categories":[9],"tags":[],"class_list":["post-3106","post","type-post","status-publish","format-standard","hentry","category-noticias"],"_links":{"self":[{"href":"https:\/\/ceas.org.pe\/index.php\/wp-json\/wp\/v2\/posts\/3106","targetHints":{"allow":["GET"]}}],"collection":[{"href":"https:\/\/ceas.org.pe\/index.php\/wp-json\/wp\/v2\/posts"}],"about":[{"href":"https:\/\/ceas.org.pe\/index.php\/wp-json\/wp\/v2\/types\/post"}],"author":[{"embeddable":true,"href":"https:\/\/ceas.org.pe\/index.php\/wp-json\/wp\/v2\/users\/1"}],"replies":[{"embeddable":true,"href":"https:\/\/ceas.org.pe\/index.php\/wp-json\/wp\/v2\/comments?post=3106"}],"version-history":[{"count":1,"href":"https:\/\/ceas.org.pe\/index.php\/wp-json\/wp\/v2\/posts\/3106\/revisions"}],"predecessor-version":[{"id":6112,"href":"https:\/\/ceas.org.pe\/index.php\/wp-json\/wp\/v2\/posts\/3106\/revisions\/6112"}],"wp:attachment":[{"href":"https:\/\/ceas.org.pe\/index.php\/wp-json\/wp\/v2\/media?parent=3106"}],"wp:term":[{"taxonomy":"category","embeddable":true,"href":"https:\/\/ceas.org.pe\/index.php\/wp-json\/wp\/v2\/categories?post=3106"},{"taxonomy":"post_tag","embeddable":true,"href":"https:\/\/ceas.org.pe\/index.php\/wp-json\/wp\/v2\/tags?post=3106"}],"curies":[{"name":"wp","href":"https:\/\/api.w.org\/{rel}","templated":true}]}}