{"id":3105,"date":"2018-07-24T23:23:49","date_gmt":"2018-07-24T23:23:49","guid":{"rendered":""},"modified":"2026-03-11T09:11:57","modified_gmt":"2026-03-11T14:11:57","slug":"situacion-en-nicaragua-es-alarmante-y-cada-dia-empeora-advierte-la-cidh","status":"publish","type":"post","link":"https:\/\/ceas.org.pe\/index.php\/2018\/07\/24\/situacion-en-nicaragua-es-alarmante-y-cada-dia-empeora-advierte-la-cidh\/","title":{"rendered":"Situaci\u00f3n en Nicaragua es alarmante y cada d\u00eda empeora, advierte la CIDH"},"content":{"rendered":"<p class=\"MsoNormal\" style=\"margin-bottom: 0.0001pt; line-height: normal; background-image: initial; background-position: initial; background-size: initial; background-repeat: initial; background-attachment: initial; background-origin: initial; background-clip: initial;\"><i><span style=\"mso-fareast-font-family:\"Times New Roman\";mso-bidi-font-family:Calibri;\nmso-bidi-theme-font:minor-latin;color:#4A4A4A;mso-fareast-language:ES-PE\">Paulo Abrao, secretario ejecutivo, manifiesta que el gobierno de Daniel Ortega ha optado por cerrar \u2018los espacios de di\u00e1logo\u2019.<o:p><\/o:p><\/span><\/i><\/p>\n<p class=\"MsoNormal\" style=\"margin-bottom: 0.0001pt; line-height: normal; background-image: initial; background-position: initial; background-size: initial; background-repeat: initial; background-attachment: initial; background-origin: initial; background-clip: initial;\"><span style=\"mso-fareast-font-family:\"Times New Roman\";\nmso-bidi-font-family:Calibri;mso-bidi-theme-font:minor-latin;color:#4A4A4A;\nmso-fareast-language:ES-PE\">\u00a0<\/span><\/p>\n<p class=\"MsoNormal\" style=\"margin-bottom: 0.0001pt; line-height: normal; background-image: initial; background-position: initial; background-size: initial; background-repeat: initial; background-attachment: initial; background-origin: initial; background-clip: initial;\"><b>\u00a0<\/b><\/p>\n<p class=\"MsoNormal\" style=\"margin-bottom: 0.0001pt; text-align: justify; line-height: normal; background-image: initial; background-position: initial; background-size: initial; background-repeat: initial; background-attachment: initial; background-origin: initial; background-clip: initial;\"><b>Washington.<\/b>\u00a0\u201cLa situaci\u00f3n en Nicaragua es alarmante y cada d\u00eda empeora a\u00fan m\u00e1s\u201d, afirm\u00f3 el secretario ejecutivo de la Comisi\u00f3n Interamericana de Derechos Humanos (CIDH), \u00f3rgano auton\u00f3mo de la OEA, que registr\u00f3 al menos 285 muertos en tres meses de protestas contra el gobierno de Daniel Ortega.<o:p><\/o:p><\/p>\n<p class=\"MsoNormal\" style=\"margin-bottom: 0.0001pt; text-align: justify; line-height: normal; background-image: initial; background-position: initial; background-size: initial; background-repeat: initial; background-attachment: initial; background-origin: initial; background-clip: initial;\"><o:p>\u00a0<\/o:p><\/p>\n<p class=\"MsoNormal\" style=\"margin-bottom: 0.0001pt; text-align: justify; line-height: normal; background-image: initial; background-position: initial; background-size: initial; background-repeat: initial; background-attachment: initial; background-origin: initial; background-clip: initial;\">\u201cLa conducta que ha adoptado el gobierno en los \u00faltimos d\u00edas parece ser un cierre de los espacios de di\u00e1logo\u201d, dijo Paulo Abr\u00e3o. \u201cLa fotograf\u00eda del momento es muy grave\u201d.<o:p><\/o:p><\/p>\n<p class=\"MsoNormal\" style=\"margin-bottom: 0.0001pt; text-align: justify; line-height: normal; background-image: initial; background-position: initial; background-size: initial; background-repeat: initial; background-attachment: initial; background-origin: initial; background-clip: initial;\"><o:p>\u00a0<\/o:p><\/p>\n<p class=\"MsoNormal\" style=\"margin-bottom: 0.0001pt; text-align: justify; line-height: normal; background-image: initial; background-position: initial; background-size: initial; background-repeat: initial; background-attachment: initial; background-origin: initial; background-clip: initial;\">A continuaci\u00f3n, un resumen de la charla con AFP:<o:p><\/o:p><\/p>\n<p class=\"MsoNormal\" style=\"margin-bottom: 0.0001pt; text-align: justify; line-height: normal; background-image: initial; background-position: initial; background-size: initial; background-repeat: initial; background-attachment: initial; background-origin: initial; background-clip: initial;\"><b>\u00a0<\/b><\/p>\n<p class=\"MsoNormal\" style=\"margin-bottom: 0.0001pt; text-align: justify; line-height: normal; background-image: initial; background-position: initial; background-size: initial; background-repeat: initial; background-attachment: initial; background-origin: initial; background-clip: initial;\"><b>&#8211; El gobierno nicarag\u00fcense critic\u00f3 que no se se\u00f1alen las \u201catrocidades\u201d cometidas por los opositores. \u00bfEs as\u00ed?<\/b><o:p><\/o:p><\/p>\n<p class=\"MsoNormal\" style=\"margin-bottom: 0.0001pt; text-align: justify; line-height: normal; background-image: initial; background-position: initial; background-size: initial; background-repeat: initial; background-attachment: initial; background-origin: initial; background-clip: initial;\">&#8211; El conflicto est\u00e1 cambiando. Primero hab\u00eda una represi\u00f3n cl\u00e1sica de fuerzas policiales contra manifestantes. Y en la medida en que la gente se siente amenazada, reacciona para defenderse. Pero la proporci\u00f3n de fallecidos (285, incluidos 20 polic\u00edas) y heridos (m\u00e1s de 1.800) demuestra claramente que se trata de un operativo combinado de fuerzas policiales y parapoliciales contra opositores al gobierno.<o:p><\/o:p><\/p>\n<p class=\"MsoNormal\" style=\"margin-bottom: 0.0001pt; text-align: justify; line-height: normal; background-image: initial; background-position: initial; background-size: initial; background-repeat: initial; background-attachment: initial; background-origin: initial; background-clip: initial;\"><o:p>\u00a0<\/o:p><\/p>\n<p class=\"MsoNormal\" style=\"margin-bottom: 0.0001pt; text-align: justify; line-height: normal; background-image: initial; background-position: initial; background-size: initial; background-repeat: initial; background-attachment: initial; background-origin: initial; background-clip: initial;\"><b>&#8211; \u00bfExisten las llamadas \u201coperaciones de limpieza\u201d?<\/b><o:p><\/o:p><\/p>\n<p class=\"MsoNormal\" style=\"margin-bottom: 0.0001pt; text-align: justify; line-height: normal; background-image: initial; background-position: initial; background-size: initial; background-repeat: initial; background-attachment: initial; background-origin: initial; background-clip: initial;\">-Efectivamente, se han nombrado estas \u2018operaciones de limpieza\u2019 por parte del Estado, ignorando la v\u00eda del di\u00e1logo y realizando ofensivas represivas hacia la poblaci\u00f3n, por medio de detenciones masivas y tambien de asesinatos. Esas operaciones ya son hoy asumidas formalmente por parte de las autoridades como acciones para recuperar el control del Estado. Y ahora empiezan a agregar una narrativa de que se justifican por la existencia de terroristas entre los manifestantes.<o:p><\/o:p><\/p>\n<p class=\"element\" style=\"margin: 0cm 0cm 0.0001pt; text-align: justify; background-image: initial; background-position: initial; background-size: initial; background-repeat: initial; background-attachment: initial; background-origin: initial; background-clip: initial;\"><b><span style=\"font-size: 11pt; font-family: Calibri, sans-serif;\">\u00a0<\/span><\/b><\/p>\n<p class=\"element\" style=\"margin: 0cm 0cm 0.0001pt; text-align: justify; background-image: initial; background-position: initial; background-size: initial; background-repeat: initial; background-attachment: initial; background-origin: initial; background-clip: initial;\"><b><span style=\"font-size: 11pt; font-family: Calibri, sans-serif;\">&#8211; La CIDH, que tiene un grupo de expertos y un mecanismo de seguimiento desplegados en Nicaragua, se\u00f1al\u00f3 una profundizaci\u00f3n de la crisis. \u00bfPor qu\u00e9?<\/span><\/b><span style=\"font-size: 11pt; font-family: Calibri, sans-serif;\"><o:p><\/o:p><\/span><\/p>\n<p class=\"element\" style=\"margin: 0cm 0cm 0.0001pt; text-align: justify; background-image: initial; background-position: initial; background-size: initial; background-repeat: initial; background-attachment: initial; background-origin: initial; background-clip: initial; box-sizing: border-box;\"><span style=\"font-size: 11pt; font-family: Calibri, sans-serif;\">-Hay una escalada de la violencia y una diversificaci\u00f3n de las formas de represi\u00f3n. Ahora hay secuestros, toma de tierras, invasi\u00f3n de casas en las madrugadas. La situaci\u00f3n de Nicaragua es alarmante y cada d\u00eda empeora a\u00fan m\u00e1s.<o:p><\/o:p><\/span><\/p>\n<p class=\"element\" style=\"margin: 0cm 0cm 0.0001pt; text-align: justify; background-image: initial; background-position: initial; background-size: initial; background-repeat: initial; background-attachment: initial; background-origin: initial; background-clip: initial; box-sizing: border-box;\"><b style=\"box-sizing: border-box\"><span style=\"font-size: 11pt; font-family: Calibri, sans-serif;\">\u00a0<\/span><\/b><\/p>\n<p class=\"element\" style=\"margin: 0cm 0cm 0.0001pt; text-align: justify; background-image: initial; background-position: initial; background-size: initial; background-repeat: initial; background-attachment: initial; background-origin: initial; background-clip: initial;\"><b><span style=\"font-size: 11pt; font-family: Calibri, sans-serif;\">&#8211; El l\u00edder campesino Medardo Mairena fue detenido el viernes 13 acusado de terrorista. \u00bfQu\u00e9 sabe la CIDH?<\/span><\/b><span style=\"font-size: 11pt; font-family: Calibri, sans-serif;\"><o:p><\/o:p><\/span><\/p>\n<p class=\"element\" style=\"margin: 0cm 0cm 0.0001pt; text-align: justify; background-image: initial; background-position: initial; background-size: initial; background-repeat: initial; background-attachment: initial; background-origin: initial; background-clip: initial; box-sizing: border-box;\"><span style=\"font-size: 11pt; font-family: Calibri, sans-serif;\">&#8211; Para nosotros es una persona desaparecida. Solicitamos informaci\u00f3n a las autoridades y no recibimos ninguna respuesta.<o:p><\/o:p><\/span><\/p>\n<p class=\"element\" style=\"margin: 0cm 0cm 0.0001pt; text-align: justify; background-image: initial; background-position: initial; background-size: initial; background-repeat: initial; background-attachment: initial; background-origin: initial; background-clip: initial; box-sizing: border-box;\"><b style=\"box-sizing: border-box\"><span style=\"font-size: 11pt; font-family: Calibri, sans-serif;\">\u00a0<\/span><\/b><\/p>\n<p class=\"element\" style=\"margin: 0cm 0cm 0.0001pt; text-align: justify; background-image: initial; background-position: initial; background-size: initial; background-repeat: initial; background-attachment: initial; background-origin: initial; background-clip: initial;\"><b><span style=\"font-size: 11pt; font-family: Calibri, sans-serif;\">&#8211; Nicaragua acaba de aprobar una ley sobre terrorismo. \u00bfQu\u00e9 opina la CIDH?<\/span><\/b><span style=\"font-size: 11pt; font-family: Calibri, sans-serif;\"><o:p><\/o:p><\/span><\/p>\n<p class=\"element\" style=\"margin: 0cm 0cm 0.0001pt; text-align: justify; background-image: initial; background-position: initial; background-size: initial; background-repeat: initial; background-attachment: initial; background-origin: initial; background-clip: initial; box-sizing: border-box;\"><span style=\"font-size: 11pt; font-family: Calibri, sans-serif;\">&#8211; Vemos eso con mucha preocupaci\u00f3n porque puede facilitar que la Fiscal\u00eda o la Polic\u00eda intenten cuadrar las conductas de los manifestantes como terrorismo. Y esta criminalizaci\u00f3n de los manifestantes ya es un proceso en marcha. El lunes mismo empezaron juicios contra estudiantes presentados en las televisiones estatales como terroristas. Y estos procesos de criminalizaci\u00f3n me parece que van a intensificarse.<o:p><\/o:p><\/span><\/p>\n<p class=\"element\" style=\"margin: 0cm 0cm 0.0001pt; text-align: justify; background-image: initial; background-position: initial; background-size: initial; background-repeat: initial; background-attachment: initial; background-origin: initial; background-clip: initial; box-sizing: border-box;\"><b style=\"box-sizing: border-box\"><span style=\"font-size: 11pt; font-family: Calibri, sans-serif;\">\u00a0<\/span><\/b><\/p>\n<p class=\"element\" style=\"margin: 0cm 0cm 0.0001pt; text-align: justify; background-image: initial; background-position: initial; background-size: initial; background-repeat: initial; background-attachment: initial; background-origin: initial; background-clip: initial;\"><b><span style=\"font-size: 11pt; font-family: Calibri, sans-serif;\">&#8211; Este jueves 19 se conmemora el derrocamiento del r\u00e9gimen del Somoza en 1979 por los sandinistas. \u00bfC\u00f3mo ve los ataques en Masaya, s\u00edmbolo del triunfo de la revoluci\u00f3n?<\/span><\/b><span style=\"font-size: 11pt; font-family: Calibri, sans-serif;\"><o:p><\/o:p><\/span><\/p>\n<p class=\"element\" style=\"margin: 0cm 0cm 0.0001pt; text-align: justify; background-image: initial; background-position: initial; background-size: initial; background-repeat: initial; background-attachment: initial; background-origin: initial; background-clip: initial; box-sizing: border-box;\"><span style=\"font-size: 11pt; font-family: Calibri, sans-serif;\">&#8211; Lo que est\u00e1 pasando est\u00e1 \u00edntimamente vinculado con esta fecha. El Estado lanz\u00f3 esa operaci\u00f3n para recuperar el control y pretende llegar al 19 y declarar que se derrot\u00f3 un golpe que se estaba instalando. Para la CIDH solo hay un \u00fanico responsable: el Estado. No hay dos bandos, hay un Estado que est\u00e1 incumpliendo sus obligaciones.<o:p><\/o:p><\/span><\/p>\n<p class=\"element\" style=\"margin: 0cm 0cm 0.0001pt; text-align: justify; background-image: initial; background-position: initial; background-size: initial; background-repeat: initial; background-attachment: initial; background-origin: initial; background-clip: initial;\"><b><span style=\"font-size: 11pt; font-family: Calibri, sans-serif;\">\u00a0<\/span><\/b><\/p>\n<p class=\"element\" style=\"margin: 0cm 0cm 0.0001pt; text-align: justify; background-image: initial; background-position: initial; background-size: initial; background-repeat: initial; background-attachment: initial; background-origin: initial; background-clip: initial;\"><b><span style=\"font-size: 11pt; font-family: Calibri, sans-serif;\">&#8211; La CIDH denunci\u00f3 los ataques contra la Iglesia cat\u00f3lica, medidadora en el suspendido di\u00e1logo. \u00bfEs posible a\u00fan sentarse a hablar?<\/span><\/b><span style=\"font-size: 11pt; font-family: Calibri, sans-serif;\"><o:p><\/o:p><\/span><\/p>\n<p class=\"element\" style=\"margin: 0cm 0cm 0.0001pt; text-align: justify; background-image: initial; background-position: initial; background-size: initial; background-repeat: initial; background-attachment: initial; background-origin: initial; background-clip: initial; box-sizing: border-box;\"><span style=\"font-size: 11pt; font-family: Calibri, sans-serif;\">&#8211; Los obispos asumieron una postura muy digna: a pesar de los ataques, llamaron a reanudar la mesa de di\u00e1logo. Es m\u00e1s, convocaron a una reuni\u00f3n esta semana, pero con las operaciones de limpieza se hizo inviable cualquier reuni\u00f3n. Tambi\u00e9n, con la criminalizaci\u00f3n de miembros de la mesa, como el l\u00edder campesino y otros opositores acusados de terrorismo, se van volviendo inviables los caminos de una soluci\u00f3n pac\u00edfica. La conducta que ha adoptado el gobierno en los \u00faltimos d\u00edas parece ser un cierre de los espacios de di\u00e1logo y no de apertura a la ayuda internacional. La fotograf\u00eda del momento es muy grave.<o:p><\/o:p><\/span><\/p>\n<p class=\"element\" style=\"margin: 0cm 0cm 0.0001pt; text-align: justify; background-image: initial; background-position: initial; background-size: initial; background-repeat: initial; background-attachment: initial; background-origin: initial; background-clip: initial; box-sizing: border-box;\"><b style=\"box-sizing: border-box\"><span style=\"font-size: 11pt; font-family: Calibri, sans-serif;\">\u00a0<\/span><\/b><\/p>\n<p class=\"element\" style=\"margin: 0cm 0cm 0.0001pt; text-align: justify; background-image: initial; background-position: initial; background-size: initial; background-repeat: initial; background-attachment: initial; background-origin: initial; background-clip: initial;\"><b><span style=\"font-size: 11pt; font-family: Calibri, sans-serif;\">&#8211; \u00bfQu\u00e9 le dice el gobierno a la CIDH?<\/span><\/b><span style=\"font-size: 11pt; font-family: Calibri, sans-serif;\"><o:p><\/o:p><\/span><\/p>\n<p class=\"element\" style=\"margin: 0cm 0cm 0.0001pt; text-align: justify; background-image: initial; background-position: initial; background-size: initial; background-repeat: initial; background-attachment: initial; background-origin: initial; background-clip: initial; box-sizing: border-box;\"><span style=\"font-size: 11pt; font-family: Calibri, sans-serif;\">&#8211; El gobierno insiste en que hay un proceso de golpe, de que hay terroristas, y as\u00ed justifica el uso de la fuerza. Nosotros llamamos a la responsabilidad estatal. Insistimos en la necesidad de reanudar la mesa de di\u00e1logo, porque ese es el \u00fanico camino que el pa\u00eds tiene para construir una soluci\u00f3n democr\u00e1tica a la crisis.<o:p><\/o:p><\/span><\/p>\n<p class=\"element\" style=\"margin: 0cm 0cm 0.0001pt; text-align: justify; background-image: initial; background-position: initial; background-size: initial; background-repeat: initial; background-attachment: initial; background-origin: initial; background-clip: initial; box-sizing: border-box;\"><b style=\"box-sizing: border-box\"><span style=\"font-size: 11pt; font-family: Calibri, sans-serif;\">\u00a0<\/span><\/b><\/p>\n<p class=\"element\" style=\"margin: 0cm 0cm 0.0001pt; text-align: justify; background-image: initial; background-position: initial; background-size: initial; background-repeat: initial; background-attachment: initial; background-origin: initial; background-clip: initial;\"><b><span style=\"font-size: 11pt; font-family: Calibri, sans-serif;\">&#8211; La CIDH denunci\u00f3 abusos de derechos humanos en Venezuela durante protestas opositoras. \u00bfHay un paralelismo con lo que est\u00e1 ocurriendo en Nicaragua?<\/span><\/b><span style=\"font-size: 11pt; font-family: Calibri, sans-serif;\"><o:p><\/o:p><\/span><\/p>\n<p class=\"element\" style=\"margin: 0cm 0cm 0.0001pt; text-align: justify; background-image: initial; background-position: initial; background-size: initial; background-repeat: initial; background-attachment: initial; background-origin: initial; background-clip: initial; box-sizing: border-box;\"><span style=\"font-size: 11pt; font-family: Calibri, sans-serif;\">&#8211; S\u00ed, hay pr\u00e1cticas autoritarias muy parecidas. Obviamente, lo que se intenta, o intentaba, era evitar que Nicaragua se convirtiera en una nueva Venezuela: un Estado totalmente cerrado al escrutinio internacional, con elecciones no reconocidas internacionalmente, con presos pol\u00edticos, con represi\u00f3n estatal, ausencia de libertades p\u00fablicas. Parece que Nicaragua sigue estos caminos.<o:p><\/o:p><\/span><\/p>\n<p class=\"MsoNormal\" style=\"margin-bottom:0cm;margin-bottom:.0001pt;line-height:\nnormal\"><o:p>\u00a0<\/o:p><\/p>\n<p><i><span style=\"font-size:10.0pt;\nmso-bidi-font-family:Calibri;mso-bidi-theme-font:minor-latin\">Tomado de: www.nacion.com <br \/>\nJulio de 2018.<\/span><\/i>\u00a0<\/p>\n<p><a href=\"http:\/\/web.hilo.org.pe\/wp-content\/uploads\/PAULO ABRAO web.jpg\" target=\"_blank\" rel=\"noopener\">Ver archivo adjunto<\/a><\/p>\n","protected":false},"excerpt":{"rendered":"<p>\u201cLa situaci\u00f3n en Nicaragua es alarmante y cada d\u00eda empeora a\u00fan m\u00e1s\u201d, afirm\u00f3 el secretario ejecutivo de la Comisi\u00f3n Interamericana de Derechos Humanos (CIDH), \u00f3rgano auton\u00f3mo de la OEA, que registr\u00f3 al menos 285 muertos en tres meses de protestas contra el gobierno de Daniel Ortega.<\/p>\n","protected":false},"author":1,"featured_media":8126,"comment_status":"closed","ping_status":"closed","sticky":false,"template":"","format":"standard","meta":{"footnotes":""},"categories":[9],"tags":[],"class_list":["post-3105","post","type-post","status-publish","format-standard","has-post-thumbnail","hentry","category-noticias"],"_links":{"self":[{"href":"https:\/\/ceas.org.pe\/index.php\/wp-json\/wp\/v2\/posts\/3105","targetHints":{"allow":["GET"]}}],"collection":[{"href":"https:\/\/ceas.org.pe\/index.php\/wp-json\/wp\/v2\/posts"}],"about":[{"href":"https:\/\/ceas.org.pe\/index.php\/wp-json\/wp\/v2\/types\/post"}],"author":[{"embeddable":true,"href":"https:\/\/ceas.org.pe\/index.php\/wp-json\/wp\/v2\/users\/1"}],"replies":[{"embeddable":true,"href":"https:\/\/ceas.org.pe\/index.php\/wp-json\/wp\/v2\/comments?post=3105"}],"version-history":[{"count":1,"href":"https:\/\/ceas.org.pe\/index.php\/wp-json\/wp\/v2\/posts\/3105\/revisions"}],"predecessor-version":[{"id":6113,"href":"https:\/\/ceas.org.pe\/index.php\/wp-json\/wp\/v2\/posts\/3105\/revisions\/6113"}],"wp:featuredmedia":[{"embeddable":true,"href":"https:\/\/ceas.org.pe\/index.php\/wp-json\/wp\/v2\/media\/8126"}],"wp:attachment":[{"href":"https:\/\/ceas.org.pe\/index.php\/wp-json\/wp\/v2\/media?parent=3105"}],"wp:term":[{"taxonomy":"category","embeddable":true,"href":"https:\/\/ceas.org.pe\/index.php\/wp-json\/wp\/v2\/categories?post=3105"},{"taxonomy":"post_tag","embeddable":true,"href":"https:\/\/ceas.org.pe\/index.php\/wp-json\/wp\/v2\/tags?post=3105"}],"curies":[{"name":"wp","href":"https:\/\/api.w.org\/{rel}","templated":true}]}}