{"id":3104,"date":"2018-07-24T22:57:20","date_gmt":"2018-07-24T22:57:20","guid":{"rendered":""},"modified":"2026-03-11T09:11:57","modified_gmt":"2026-03-11T14:11:57","slug":"ceas-se-une-solidariamente-al-pueblo-de-nicaragua-en-oracion","status":"publish","type":"post","link":"https:\/\/ceas.org.pe\/index.php\/2018\/07\/24\/ceas-se-une-solidariamente-al-pueblo-de-nicaragua-en-oracion\/","title":{"rendered":"CEAS se une solidariamente al pueblo de Nicaragua en oraci\u00f3n"},"content":{"rendered":"<p class=\"MsoNormal\" align=\"center\" style=\"margin-bottom:0cm;margin-bottom:.0001pt;\ntext-align:center;line-height:normal\"><span style=\"font-size:16.0pt\">CEAS se une solidariamente al pueblo de Nicaragua en oraci\u00f3n por la paz, fruto de la justicia y del respeto a los derechos humanos<o:p><\/o:p><\/span><\/p>\n<p class=\"MsoNormal\" align=\"center\" style=\"margin-bottom:0cm;margin-bottom:.0001pt;\ntext-align:center;line-height:normal\"><span style=\"font-size:16.0pt\">\u00a0<\/span><\/p>\n<p class=\"MsoNormal\" align=\"center\" style=\"margin-bottom:0cm;margin-bottom:.0001pt;\ntext-align:center;line-height:normal\"><b><i>\u00a0\u201cHoy d\u00eda nosotros estamos tranquilos, podemos orar, podemos pedirle al Se\u00f1or, estamos unidos en oraci\u00f3n, para rezar por el pueblo nicarag\u00fcense, por nuestros hermanos que est\u00e1n siendo perseguidos, incluso son saboteados los templos y los lugares de culto del pueblo nicarag\u00fcense. Hoy nuestro Buen Pastor, nos pide solidaridad\u2026\u201d<o:p><\/o:p><\/i><\/b><\/p>\n<p class=\"MsoNormal\" style=\"margin-bottom:0cm;margin-bottom:.0001pt;text-align:\njustify;line-height:normal\"><o:p>\u00a0<\/o:p><\/p>\n<p class=\"MsoNormal\" style=\"margin-bottom:0cm;margin-bottom:.0001pt;text-align:\njustify;line-height:normal\">Con la participaci\u00f3n de la comunidad nicarag\u00fcenses en el Per\u00fa, este s\u00e1bado 21 de julio, se celebr\u00f3 la Eucarist\u00eda por la paz en Nicaragua, en la parroquia \u201cNuestra Se\u00f1ora del Carmen\u201d en Miraflores. La celebraci\u00f3n estuvo presidida por el P. Enrique Gonzales Carbajal, m.i., Secretario Ejecutivo de la Comisi\u00f3n Episcopal de Acci\u00f3n Social, CEAS. Unidos a la comunidad nicarag\u00fcense la iglesia peruana quiere unirse en oraci\u00f3n y en esperanza para que la paz y la justicia puedan llegar a este pa\u00eds hermano.<\/p>\n<p class=\"MsoNormal\" style=\"margin-bottom:0cm;margin-bottom:.0001pt;text-align:\njustify;line-height:normal\"><o:p>\u00a0<\/o:p><\/p>\n<p class=\"MsoNormal\" style=\"margin-bottom:0cm;margin-bottom:.0001pt;text-align:\njustify;line-height:normal\">El P. Enrique Gonzales, resalt\u00f3 en su homil\u00eda la fe de la comunidad nicarag\u00fcense que, bajo el amparo de nuestra Madre la Virgen del Carmen, nos hace unirnos en oraci\u00f3n, por aquellos hermanos que, en estos momentos est\u00e1n sufriendo cada d\u00eda, cada momento, cada hora, cada minuto. La manera de solidarizarnos con ellos, mencion\u00f3, es en la oraci\u00f3n por esa justicia que necesitan como pueblo, como hijos e hijas de Dios y como parte de una sociedad democr\u00e1tica que quiere paz, fruto de la justicia social y del respeto a los derechos humanos que hoy vienen siendo atropellados.<\/p>\n<p class=\"MsoNormal\" style=\"margin-bottom:0cm;margin-bottom:.0001pt;text-align:\njustify;line-height:normal\"><o:p>\u00a0<\/o:p><\/p>\n<p class=\"MsoNormal\" style=\"margin-bottom:0cm;margin-bottom:.0001pt;text-align:\njustify;line-height:normal\">En su pr\u00e9dica resalt\u00f3 la imagen del Buen Pastor, dijo que: \u201cJes\u00fas asume y toma esta imagen como para hacernos recordar, que siempre estar\u00e1 preocupado frente a las necesidades de su reba\u00f1o. El Buen Pastor cuando se preocupa por sus ovejas, est\u00e1 preocupado de que coma, de que beba, que est\u00e9n abrigadas y que est\u00e9n fuera de peligro. La imagen que tenemos de las ovejas es que pueda venir un lobo por all\u00ed y acecharlas. Esta imagen del Buen Pastor nos cae muy apropiada este domingo para tambi\u00e9n poder pedirle a nuestro Se\u00f1or, que nos d\u00e9 fortaleza, que nos d\u00e9 luces y que tambi\u00e9n nos d\u00e9 en cada uno de nuestros corazones, este anhelo de la solidaridad con aquel pueblo que hoy sufre y que escucha lo que pedimos\u201d.<\/p>\n<p class=\"MsoNormal\" style=\"margin-bottom:0cm;margin-bottom:.0001pt;text-align:\njustify;line-height:normal\"><o:p>\u00a0<\/o:p><\/p>\n<p class=\"MsoNormal\" style=\"margin-bottom:0cm;margin-bottom:.0001pt;text-align:\njustify;line-height:normal\">El P. Enrique Gonzales, Secretario Ejecutivo de CEAS, nos record\u00f3 que, \u201cen el Antiguo Testamento, Jerem\u00edas habla del Pastor, mirando la imagen en may\u00fasculas, ese Pastor que se preocupa de su reba\u00f1o, el Pastor real es aquel en quien las ovejas encuentran confianza; pero, hay ciertos \u2018pastores\u2019, que tambi\u00e9n los sufrimos en nuestro pa\u00eds, pastores que asumen cuidar el reba\u00f1o pero al final se sirven de ellos y lo \u00fanico que hacen es malograrles el camino, destruir sus sendas y muchas veces llevarlos hasta el morir.<\/p>\n<p class=\"MsoNormal\" style=\"margin-bottom:0cm;margin-bottom:.0001pt;text-align:\njustify;line-height:normal\"><o:p>\u00a0<\/o:p><\/p>\n<p class=\"MsoNormal\" style=\"margin-bottom:0cm;margin-bottom:.0001pt;text-align:\njustify;line-height:normal\">La imagen del Buen Pastor, nos viene bien para entrar en solidaridad con nuestros hermanos y hermanas del pueblo nicarag\u00fcense, el pueblo que est\u00e1 sufriendo, la Iglesia hermana que est\u00e1 viviendo las persecuciones, los abusos, la violencia, y nos viene bien que cada uno de nosotros asumamos que el \u00fanico Pastor es Jes\u00fas y que nos lleva a tener este gesto solidario de estar atentos, no tanto para buscar violencia en nuestros corazones, ni buscar venganza, sino estar atentos para buscar la esperanza, la paz, el amor, la calma y todo lo que como creyentes de un pueblo de Dios queremos, no solamente para nuestro pueblo, sino para todos los pueblos.<\/p>\n<p class=\"MsoNormal\" style=\"margin-bottom:0cm;margin-bottom:.0001pt;text-align:\njustify;line-height:normal\"><o:p>\u00a0<\/o:p><\/p>\n<p class=\"MsoNormal\" style=\"margin-bottom:0cm;margin-bottom:.0001pt;text-align:\njustify;line-height:normal\">Hoy d\u00eda, frente a los malos pastores que llevan a la perdici\u00f3n del reba\u00f1o, hay que pedirle a Dios que tambi\u00e9n los ilumine para que cambien de actitud, para que sean conscientes, para que salgan de esa actitud ego\u00edsta y que muchas veces lleva al abuso, a la prepotencia y a la falta de misericordia con los dem\u00e1s, como est\u00e1 sucediendo en Nicaragua con nuestros hermanos que sufren por ese poder que ha ca\u00eddo en el ego\u00edsmo y en el abuso.<\/p>\n<p class=\"MsoNormal\" style=\"margin-bottom:0cm;margin-bottom:.0001pt;text-align:\njustify;line-height:normal\"><o:p>\u00a0<\/o:p><\/p>\n<p class=\"MsoNormal\" style=\"margin-bottom:0cm;margin-bottom:.0001pt;text-align:\njustify;line-height:normal\">El Se\u00f1or, nuestro Pastor, nos invita a que tomemos conciencia que vivimos en un mundo donde tambi\u00e9n cada uno de nosotros debemos abrir nuestros corazones a su presencia, de qu\u00e9 nos alimenta nuestro Buen Pastor, si no es de amor, de justicia y de todos los valores que \u00c9l pone en nuestras vidas, por eso que nuestra oraci\u00f3n sea para solidarizarnos con un pueblo que quiere realmente volver a la paz.<\/p>\n<p class=\"MsoNormal\" style=\"margin-bottom:0cm;margin-bottom:.0001pt;text-align:\njustify;line-height:normal\"><o:p>\u00a0<\/o:p><\/p>\n<p class=\"MsoNormal\" style=\"margin-bottom:0cm;margin-bottom:.0001pt;text-align:\njustify;line-height:normal\">Cuando decimos en el Salmo \u201cEl Se\u00f1or es mi Pastor, nada me falta\u201d, nuestra solidaridad es poder rezar, orar, por aquellos hermanos que ahora les falta luz, les falta paz, incluso ya les empiezan a faltar alimentos, les falta tranquilidad. Hoy nuestro Buen Pastor nos pide solidaridad y que cada uno, como creyentes, salgamos de la omisi\u00f3n, que nuestro caminar sea acercarnos a \u00c9l, \u00c9l viene a nuestras vidas para enviarnos a construir el Reino de paz, Reino de amor, Reino de justicia.<\/p>\n<p class=\"MsoNormal\" style=\"margin-bottom:0cm;margin-bottom:.0001pt;text-align:\njustify;line-height:normal\"><o:p>\u00a0<\/o:p><\/p>\n<p class=\"MsoNormal\" style=\"margin-bottom:0cm;margin-bottom:.0001pt;text-align:\njustify;line-height:normal\">El Buen Pastor, si lo vemos a Jes\u00fas, es tan solidario con el otro que entreg\u00f3 su vida y si lo seguimos a \u00c9l es tambi\u00e9n el momento de seguir a Jes\u00fas en la preocupaci\u00f3n por el otro. En estos d\u00edas cada noticia golpea, escuchar a un sacerdote, a un hermano, que a escondidas puede decir ay\u00fadennos, saber que un ni\u00f1o y una madre por una r\u00e1faga de metralleta murieron en el camino, enterarnos que hermanos cristianos cat\u00f3licos como nosotros son perseguidos porque dicen no a la injusticia. Hoy el Se\u00f1or quiere invitarnos realmente a que su presencia, su misericordia, su compasi\u00f3n, su solidaridad no solamente sea un ejemplo, sea algo que nosotros podamos absorber en nuestras vidas y podamos pedir por ellos.<\/p>\n<p class=\"MsoNormal\" style=\"margin-bottom:0cm;margin-bottom:.0001pt;text-align:\njustify;line-height:normal\"><o:p>\u00a0<\/o:p><\/p>\n<p class=\"MsoNormal\" style=\"margin-bottom:0cm;margin-bottom:.0001pt;text-align:\njustify;line-height:normal\">Nos acompa\u00f1a una comunidad de hermanos nicarag\u00fcenses, que vienen a pedir por sus hermanos y hermanas. Como Conferencia Episcopal Peruana, como Iglesia, como hermanos de ellos hemos querido dar este mensaje a esta comunidad que invoca a la Virgen del Carmen y que invoca a esa Madre y que nos grita con el Magnificat \u201cProclama mi alma la grandeza del Se\u00f1or, se alegra mi Esp\u00edritu en mi Dios Salvador\u201d y ese Dios Salvador es el mismo, es el que salva a los peruanos, a los hermanos nicarag\u00fcenses, por eso los invito a que sigamos este gesto de oraci\u00f3n, esa solidaridad con la comunidad nicarag\u00fcense.<\/p>\n<p class=\"MsoNormal\" style=\"margin-bottom:0cm;margin-bottom:.0001pt;text-align:\njustify;line-height:normal\"><o:p>\u00a0<\/o:p><\/p>\n<p class=\"MsoNormal\" style=\"margin-bottom:0cm;margin-bottom:.0001pt;text-align:\njustify;line-height:normal\">Queridos hermanos sepan que el pueblo peruano, los Obispos del Per\u00fa, los sacerdotes del Per\u00fa, los fieles cristianos y todo el pueblo peruano estamos solidarios con ustedes y, estamos solidarios porque creemos en la justicia, porque creemos en la democracia, porque creemos en la paz y m\u00e1s a\u00fan creemos en el amor de Dios y creemos en su voluntad de que la humanidad siempre debe estar encaminada hacia la salvaci\u00f3n; por eso, sientan esta cercan\u00eda nuestra, sientan nuestra solidaridad para que nuestros hermanos\u00a0 no se sientan solos, que sigan adelante, que soporten y creo que todos nosotros, como en muchas Iglesias y en muchos pa\u00edses, hoy estamos orando por el pueblo nicarag\u00fcense\u201d.<\/p>\n<p class=\"MsoNormal\" style=\"margin-bottom:0cm;margin-bottom:.0001pt;text-align:\njustify;line-height:normal\"><o:p>\u00a0<\/o:p><\/p>\n<p class=\"MsoNormal\" style=\"margin-bottom:0cm;margin-bottom:.0001pt;text-align:\njustify;line-height:normal\">Concluy\u00f3 el P. Enrique Gonzales, que en el Evangelio se nos muestra tambi\u00e9n la invitaci\u00f3n del Se\u00f1or a sus disc\u00edpulos a \u201cdescansar\u201d. Hoy que <a name=\"_GoBack\"><\/a>nuestro descanso sea en un lugar que es la solidaridad.<\/p>\n<p><span style=\"text-align: justify;\">\u00a0<\/span>\u00a0<\/p>\n<p><a href=\"http:\/\/web.hilo.org.pe\/wp-content\/uploads\/misaweb.jpg\" target=\"_blank\" rel=\"noopener\">Ver archivo adjunto<\/a><\/p>\n","protected":false},"excerpt":{"rendered":"<p>CEAS se une solidariamente al pueblo de Nicaragua en oraci\u00f3n por la paz, fruto de la justicia y del respeto a los derechos humanos.<\/p>\n<p> \u201cHoy d\u00eda nosotros estamos tranquilos, podemos orar, podemos pedirle al Se\u00f1or, estamos unidos en oraci\u00f3n, para rezar por el pueblo nicarag\u00fcense, por nuestros hermanos que est\u00e1n siendo perseguidos, incluso son saboteados los templos y los lugares de culto del pueblo nicarag\u00fcense. Hoy nuestro Buen Pastor, nos pide solidaridad\u2026\u201d<\/p>\n","protected":false},"author":1,"featured_media":7881,"comment_status":"closed","ping_status":"closed","sticky":false,"template":"","format":"standard","meta":{"footnotes":""},"categories":[9],"tags":[],"class_list":["post-3104","post","type-post","status-publish","format-standard","has-post-thumbnail","hentry","category-noticias"],"_links":{"self":[{"href":"https:\/\/ceas.org.pe\/index.php\/wp-json\/wp\/v2\/posts\/3104","targetHints":{"allow":["GET"]}}],"collection":[{"href":"https:\/\/ceas.org.pe\/index.php\/wp-json\/wp\/v2\/posts"}],"about":[{"href":"https:\/\/ceas.org.pe\/index.php\/wp-json\/wp\/v2\/types\/post"}],"author":[{"embeddable":true,"href":"https:\/\/ceas.org.pe\/index.php\/wp-json\/wp\/v2\/users\/1"}],"replies":[{"embeddable":true,"href":"https:\/\/ceas.org.pe\/index.php\/wp-json\/wp\/v2\/comments?post=3104"}],"version-history":[{"count":1,"href":"https:\/\/ceas.org.pe\/index.php\/wp-json\/wp\/v2\/posts\/3104\/revisions"}],"predecessor-version":[{"id":6114,"href":"https:\/\/ceas.org.pe\/index.php\/wp-json\/wp\/v2\/posts\/3104\/revisions\/6114"}],"wp:featuredmedia":[{"embeddable":true,"href":"https:\/\/ceas.org.pe\/index.php\/wp-json\/wp\/v2\/media\/7881"}],"wp:attachment":[{"href":"https:\/\/ceas.org.pe\/index.php\/wp-json\/wp\/v2\/media?parent=3104"}],"wp:term":[{"taxonomy":"category","embeddable":true,"href":"https:\/\/ceas.org.pe\/index.php\/wp-json\/wp\/v2\/categories?post=3104"},{"taxonomy":"post_tag","embeddable":true,"href":"https:\/\/ceas.org.pe\/index.php\/wp-json\/wp\/v2\/tags?post=3104"}],"curies":[{"name":"wp","href":"https:\/\/api.w.org\/{rel}","templated":true}]}}