{"id":3103,"date":"2018-07-24T22:27:30","date_gmt":"2018-07-24T22:27:30","guid":{"rendered":""},"modified":"2026-03-11T09:11:57","modified_gmt":"2026-03-11T14:11:57","slug":"comunicado-del-centro-nicaraguense-de-derechos-humanos","status":"publish","type":"post","link":"https:\/\/ceas.org.pe\/index.php\/2018\/07\/24\/comunicado-del-centro-nicaraguense-de-derechos-humanos\/","title":{"rendered":"Comunicado del Centro Nicarag\u00fcense de Derechos Humanos"},"content":{"rendered":"<p class=\"MsoNormal\" style=\"margin-bottom:0cm;margin-bottom:.0001pt;text-align:\njustify;line-height:normal\">El Centro Nicarag\u00fcense de Derechos Humanos (CENIDH), condena en\u00e9rgicamente los ataques directos y las campa\u00f1as de odio y difamaci\u00f3n del gobierno Ortega \u2013 Murillo en contra de la iglesia cat\u00f3lica y su jerarqu\u00eda, en el acto con el que cada a\u00f1o dice conmemorar la efem\u00e9ride del 19 de julio.<o:p><\/o:p><\/p>\n<p class=\"MsoNormal\" style=\"margin-bottom:0cm;margin-bottom:.0001pt;text-align:\njustify;line-height:normal\"><o:p>\u00a0<\/o:p><\/p>\n<p class=\"MsoNormal\" style=\"margin-bottom:0cm;margin-bottom:.0001pt;text-align:\njustify;line-height:normal\">Este discurso agresivo de Ortega es parte de la campa\u00f1a de odio y de mentiras que preceden sus acciones con las cuales pretende desmantelar el di\u00e1logo nacional, espacio donde se ha resumido las demandas del pueblo nicarag\u00fcense representado en el mismo. Paciente, tolerante y eficazmente conducido por los Obispos de la Conferencia Episcopal, que a costa de la incomprensi\u00f3n que puede generar la impaciencia ante la inminencia de m\u00e1s muertes, torturas, desapariciones y c\u00e1rceles, han reiterado su decisi\u00f3n de no cerrar la peque\u00f1a oportunidad que representa el di\u00e1logo asumiendo los riesgos que para ellos implica.<o:p><\/o:p><\/p>\n<p class=\"MsoNormal\" style=\"margin-bottom:0cm;margin-bottom:.0001pt;text-align:\njustify;line-height:normal\"><o:p>\u00a0<\/o:p><\/p>\n<p class=\"MsoNormal\" style=\"margin-bottom:0cm;margin-bottom:.0001pt;text-align:\njustify;line-height:normal\">Las oportunas acciones de mediaci\u00f3n de obispos, sacerdotes, religiosas, para salvar la vida de j\u00f3venes y poblaci\u00f3n en general en tranques, recintos, universitarios, iglesias, etc., constituyen acciones verdaderamente heroicas reconocidas a nivel nacional e internacional.\u00a0 Las mismas, adem\u00e1s de ser parte de la labor prof\u00e9tica de la iglesia han estado dirigidas a garantizar los derechos humanos de las personas agredidas en una clara acci\u00f3n de leg\u00edtima defensa y acompa\u00f1amiento al derecho a la protesta.<o:p><\/o:p><\/p>\n<p class=\"MsoNormal\" style=\"margin-bottom:0cm;margin-bottom:.0001pt;text-align:\njustify;line-height:normal\"><o:p>\u00a0<\/o:p><\/p>\n<p class=\"MsoNormal\" style=\"margin-bottom:0cm;margin-bottom:.0001pt;text-align:\njustify;line-height:normal\">El CENIDH considera que este discurso irresponsable de Daniel Ortega es sumamente peligroso y constituye un atentado que pone en riesgo la vida e integridad f\u00edsica de Obispos, Sacerdotes y feligres\u00eda en general y que el mismo incita al odio irracional de sus seguidores y grupos para policiales.<o:p><\/o:p><\/p>\n<p class=\"MsoNormal\" style=\"margin-bottom:0cm;margin-bottom:.0001pt;text-align:\njustify;line-height:normal\"><o:p>\u00a0<\/o:p><\/p>\n<p class=\"MsoNormal\" style=\"margin-bottom:0cm;margin-bottom:.0001pt;text-align:\njustify;line-height:normal\">El CENIDH manifiesta su total respaldo a la Conferencia Episcopal de Nicaragua, Sacerdotes, Religiosas y feligres\u00eda cat\u00f3lica frente a estos infames e infundados ataques de un gobierno que desconoce sus deberes y responsabilidades como tal.\u00a0 Ante ello el CENIDH, ratifica su compromiso en continuar acompa\u00f1ando la lucha del pueblo de Nicaragua en la defensa de sus derechos humanos.<o:p><\/o:p><\/p>\n<p class=\"MsoNormal\" style=\"margin-bottom:0cm;margin-bottom:.0001pt;text-align:\njustify;line-height:normal\"><o:p>\u00a0<\/o:p><\/p>\n<p class=\"MsoNormal\" style=\"margin-bottom:0cm;margin-bottom:.0001pt;text-align:\njustify;line-height:normal\">Nos unimos a las voces de miles y miles de gente que dentro y fuera de nuestro pa\u00eds exige el cese inmediato de la represi\u00f3n y el desmantelamiento de las fuerzas criminales organizadas por Daniel Ortega, y exige a ese gobierno que escuche a esa mayor\u00eda que demanda justicia y democracia dentro del marco del respeto absoluto a los derechos humanos.<o:p><\/o:p><\/p>\n<p class=\"MsoNormal\" style=\"margin-bottom:0cm;margin-bottom:.0001pt;text-align:\njustify;line-height:normal\"><o:p>\u00a0<\/o:p><\/p>\n<p class=\"MsoNormal\" style=\"margin-bottom:0cm;margin-bottom:.0001pt;text-align:\njustify;line-height:normal\">Managua, 20 de julio de 2018.<o:p><\/o:p><\/p>\n<p class=\"MsoNormal\" style=\"margin-bottom:0cm;margin-bottom:.0001pt;text-align:\njustify;line-height:normal\"><o:p>\u00a0<\/o:p><\/p>\n<p class=\"MsoNormal\" style=\"margin-bottom:0cm;margin-bottom:.0001pt;text-align:\njustify;line-height:normal\">\u00a1Derecho que no se defiende, es derecho que se pierde! <o:p><\/o:p><\/p>\n<p class=\"MsoNormal\" style=\"margin-bottom:0cm;margin-bottom:.0001pt;line-height:\nnormal\"><o:p>\u00a0<\/o:p><\/p>\n<p class=\"MsoNormal\" style=\"margin-bottom:0cm;margin-bottom:.0001pt;line-height:\nnormal\"><o:p>\u00a0<\/o:p><\/p>\n<p>\u00a0 \u00a0\u00a0<\/p>\n<p><a href=\"http:\/\/web.hilo.org.pe\/wp-content\/uploads\/Respaldo a la Conferencia Espiscopal de Nicaragua web.jpg\" target=\"_blank\" rel=\"noopener\">Ver archivo adjunto<\/a><\/p>\n","protected":false},"excerpt":{"rendered":"<p>El Centro Nicarag\u00fcense de Derechos Humanos (CENIDH), condena en\u00e9rgicamente los ataques directos y las campa\u00f1as de odio y difamaci\u00f3n del gobierno Ortega \u2013 Murillo en contra de la iglesia cat\u00f3lica y su jerarqu\u00eda.<\/p>\n","protected":false},"author":1,"featured_media":7936,"comment_status":"closed","ping_status":"closed","sticky":false,"template":"","format":"standard","meta":{"footnotes":""},"categories":[9],"tags":[],"class_list":["post-3103","post","type-post","status-publish","format-standard","has-post-thumbnail","hentry","category-noticias"],"_links":{"self":[{"href":"https:\/\/ceas.org.pe\/index.php\/wp-json\/wp\/v2\/posts\/3103","targetHints":{"allow":["GET"]}}],"collection":[{"href":"https:\/\/ceas.org.pe\/index.php\/wp-json\/wp\/v2\/posts"}],"about":[{"href":"https:\/\/ceas.org.pe\/index.php\/wp-json\/wp\/v2\/types\/post"}],"author":[{"embeddable":true,"href":"https:\/\/ceas.org.pe\/index.php\/wp-json\/wp\/v2\/users\/1"}],"replies":[{"embeddable":true,"href":"https:\/\/ceas.org.pe\/index.php\/wp-json\/wp\/v2\/comments?post=3103"}],"version-history":[{"count":1,"href":"https:\/\/ceas.org.pe\/index.php\/wp-json\/wp\/v2\/posts\/3103\/revisions"}],"predecessor-version":[{"id":6115,"href":"https:\/\/ceas.org.pe\/index.php\/wp-json\/wp\/v2\/posts\/3103\/revisions\/6115"}],"wp:featuredmedia":[{"embeddable":true,"href":"https:\/\/ceas.org.pe\/index.php\/wp-json\/wp\/v2\/media\/7936"}],"wp:attachment":[{"href":"https:\/\/ceas.org.pe\/index.php\/wp-json\/wp\/v2\/media?parent=3103"}],"wp:term":[{"taxonomy":"category","embeddable":true,"href":"https:\/\/ceas.org.pe\/index.php\/wp-json\/wp\/v2\/categories?post=3103"},{"taxonomy":"post_tag","embeddable":true,"href":"https:\/\/ceas.org.pe\/index.php\/wp-json\/wp\/v2\/tags?post=3103"}],"curies":[{"name":"wp","href":"https:\/\/api.w.org\/{rel}","templated":true}]}}