{"id":3102,"date":"2018-07-24T21:30:45","date_gmt":"2018-07-24T21:30:45","guid":{"rendered":""},"modified":"2026-03-11T09:11:57","modified_gmt":"2026-03-11T14:11:57","slug":"pronunciamiento-de-leonardo-boff-sobre-nicaragua","status":"publish","type":"post","link":"https:\/\/ceas.org.pe\/index.php\/2018\/07\/24\/pronunciamiento-de-leonardo-boff-sobre-nicaragua\/","title":{"rendered":"Pronunciamiento de Leonardo Boff sobre Nicaragua"},"content":{"rendered":"<p class=\"MsoNormal\" style=\"margin-bottom:0cm;margin-bottom:.0001pt;line-height:\nnormal;mso-outline-level:4\"><span lang=\"ES-UY\" style=\"mso-fareast-font-family:\n\"Times New Roman\";mso-bidi-font-family:Calibri;mso-bidi-theme-font:minor-latin;\ncolor:#4D4D4D;border:none windowtext 1.0pt;mso-border-alt:none windowtext 0cm;\npadding:0cm;mso-ansi-language:ES-UY;mso-fareast-language:ES-PE\">Queridos compa\u00f1eros y compa\u00f1eras del Cenidh y querido Jos\u00e9 Arg\u00fcello\u00a0\u00a0Lacayo:<\/span><span style=\"mso-fareast-font-family:\"Times New Roman\";mso-bidi-font-family:Calibri;\nmso-bidi-theme-font:minor-latin;color:#4D4D4D;mso-fareast-language:ES-PE\"><o:p><\/o:p><\/span><\/p>\n<p class=\"MsoNormal\" style=\"margin-bottom:0cm;margin-bottom:.0001pt;text-align:\njustify;line-height:normal\"><span lang=\"ES-UY\" style=\"mso-fareast-font-family:\n\"Times New Roman\";mso-bidi-font-family:Calibri;mso-bidi-theme-font:minor-latin;\ncolor:#4D4D4D;border:none windowtext 1.0pt;mso-border-alt:none windowtext 0cm;\npadding:0cm;mso-ansi-language:ES-UY;mso-fareast-language:ES-PE\">Como Presidente de honor de\u00a0<\/span><b><span lang=\"ES-UY\" style=\"mso-fareast-font-family:\n\"Times New Roman\";mso-bidi-font-family:Calibri;mso-bidi-theme-font:minor-latin;\ncolor:#4D4D4D;mso-ansi-language:ES-UY;mso-fareast-language:ES-PE\">nuestro Centro de Defensa de los Derechos Humanos de Petr\u00f3polis<\/span><\/b><span lang=\"ES-UY\" style=\"mso-fareast-font-family:\"Times New Roman\";mso-bidi-font-family:\nCalibri;mso-bidi-theme-font:minor-latin;color:#4D4D4D;border:none windowtext 1.0pt;\nmso-border-alt:none windowtext 0cm;padding:0cm;mso-ansi-language:ES-UY;\nmso-fareast-language:ES-PE\">, R\u00edo, me uno al Centro Nicarag\u00fcense de Derechos Humanos que con su Comunicado de apoyo a los Obispos, hace una justa critica al gobierno que est\u00e1 persiguiendo, secuestrando y asesinando sus propios compatriotas. Repito las palabras del Papa Juan Pablo II: no hay guerra santa, ni guerra justa, ni guerra\u00a0\u00a0humanitaria, porque toda guerra mata y ofende a Dios. Lo mismo vale para quien comanda semejantes pr\u00e1cticas contra su pueblo.<\/span><span style=\"mso-fareast-font-family:\"Times New Roman\";\nmso-bidi-font-family:Calibri;mso-bidi-theme-font:minor-latin;color:#4D4D4D;\nmso-fareast-language:ES-PE\"><o:p><\/o:p><\/span><\/p>\n<p class=\"MsoNormal\" style=\"margin-bottom:0cm;margin-bottom:.0001pt;text-align:\njustify;line-height:normal\"><span lang=\"ES-UY\" style=\"mso-fareast-font-family:\n\"Times New Roman\";mso-bidi-font-family:Calibri;mso-bidi-theme-font:minor-latin;\ncolor:#4D4D4D;border:none windowtext 1.0pt;mso-border-alt:none windowtext 0cm;\npadding:0cm;mso-ansi-language:ES-UY;mso-fareast-language:ES-PE\">Estoy perplejo por el hecho de que un gobierno que condujo la liberaci\u00f3n de Nicaragua pueda imitar las pr\u00e1cticas del antiguo dictador. El poder existe no para imponerse a su pueblo, sino para servirlo\u00a0en justicia y en paz.<\/span><span style=\"mso-fareast-font-family:\"Times New Roman\";mso-bidi-font-family:Calibri;\nmso-bidi-theme-font:minor-latin;color:#4D4D4D;mso-fareast-language:ES-PE\"><o:p><\/o:p><\/span><\/p>\n<p class=\"MsoNormal\" style=\"margin-bottom:0cm;margin-bottom:.0001pt;text-align:\njustify;line-height:normal\"><span lang=\"ES-UY\" style=\"mso-fareast-font-family:\n\"Times New Roman\";mso-bidi-font-family:Calibri;mso-bidi-theme-font:minor-latin;\ncolor:#4D4D4D;border:none windowtext 1.0pt;mso-border-alt:none windowtext 0cm;\npadding:0cm;mso-ansi-language:ES-UY;mso-fareast-language:ES-PE\">Nicaragua necesita del di\u00e1logo, pero antes de todo necesita que las fuerzas represivas cesen de matar, especialmente a j\u00f3venes. Esto es inaceptable. Nicaragua necesita paz y de nuevo paz.<\/span><span style=\"mso-fareast-font-family:\"Times New Roman\";\nmso-bidi-font-family:Calibri;mso-bidi-theme-font:minor-latin;color:#4D4D4D;\nmso-fareast-language:ES-PE\"><o:p><\/o:p><\/span><\/p>\n<p class=\"MsoNormal\" style=\"margin-bottom:0cm;margin-bottom:.0001pt;text-align:\njustify;line-height:normal\"><span lang=\"ES-UY\" style=\"mso-fareast-font-family:\n\"Times New Roman\";mso-bidi-font-family:Calibri;mso-bidi-theme-font:minor-latin;\ncolor:#4D4D4D;border:none windowtext 1.0pt;mso-border-alt:none windowtext 0cm;\npadding:0cm;mso-ansi-language:ES-UY;mso-fareast-language:ES-PE\">Cito la m\u00e1s bella definici\u00f3n de la paz, consignada en la Carta de la Tierra, que reza:<\/span><span style=\"mso-fareast-font-family:\"Times New Roman\";mso-bidi-font-family:Calibri;\nmso-bidi-theme-font:minor-latin;color:#4D4D4D;mso-fareast-language:ES-PE\"><o:p><\/o:p><\/span><\/p>\n<p class=\"MsoNormal\" style=\"margin-bottom:0cm;margin-bottom:.0001pt;text-align:\njustify;line-height:normal\"><i><span lang=\"ES-UY\" style=\"mso-fareast-font-family:\n\"Times New Roman\";mso-bidi-font-family:Calibri;mso-bidi-theme-font:minor-latin;\ncolor:#203864;mso-ansi-language:ES-UY;mso-fareast-language:ES-PE\">\u201cLa paz es\u00a0\u00a0la plenitud que resulta de relaciones correctas consigo mismo,\u00a0con otras personas, otras culturas, otras vidas, con la Tierra y con el Todo mayor del cual somos parte\u201d (n.16 f).<\/span><\/i><span lang=\"ES-UY\" style=\"color: rgb(77, 77, 77); border: 1pt none windowtext; padding: 0cm;\">Es decir, la paz no existe en s\u00ed misma. La paz es la consecuencia de relaciones correctas en todas las instancias personales y sociales. Esta paz, fruto de tales relaciones, es lo que m\u00e1s deseamos al pueblo, al Gobierno y a toda Nicaragua.<\/span><\/p>\n<p class=\"MsoNormal\" style=\"margin-bottom:0cm;margin-bottom:.0001pt;text-align:\njustify;line-height:normal\"><span lang=\"ES-UY\" style=\"mso-fareast-font-family:\n\"Times New Roman\";mso-bidi-font-family:Calibri;mso-bidi-theme-font:minor-latin;\ncolor:#4D4D4D;border:none windowtext 1.0pt;mso-border-alt:none windowtext 0cm;\npadding:0cm;mso-ansi-language:ES-UY;mso-fareast-language:ES-PE\">Con la solidaridad del Centro de Defensa de los Derechos Humanos de Petr\u00f3polis, R\u00edo, y la m\u00eda personal, nos sentimos unidos a todos ustedes tambi\u00e9n en oraci\u00f3n delante del Se\u00f1or, pr\u00edncipe de la paz.<\/span><span style=\"mso-fareast-font-family:\"Times New Roman\";\nmso-bidi-font-family:Calibri;mso-bidi-theme-font:minor-latin;color:#4D4D4D;\nmso-fareast-language:ES-PE\"><o:p><\/o:p><\/span><\/p>\n<p class=\"MsoNormal\" style=\"margin-bottom:0cm;margin-bottom:.0001pt;text-align:\njustify;line-height:normal\"><b><i><span lang=\"ES-UY\" style=\"mso-fareast-font-family:\"Times New Roman\";mso-bidi-font-family:\nCalibri;mso-bidi-theme-font:minor-latin;color:#203864;mso-ansi-language:ES-UY;\nmso-fareast-language:ES-PE\">Leonardo Boff, te\u00f3logo y presidente del CDDH de Petr\u00f3polis, R\u00edo de Janeiro.<\/span><\/i><\/b><span style=\"mso-fareast-font-family:\n\"Times New Roman\";mso-bidi-font-family:Calibri;mso-bidi-theme-font:minor-latin;\ncolor:#4D4D4D;mso-fareast-language:ES-PE\"><o:p><\/o:p><\/span><\/p>\n<p class=\"MsoNormal\" style=\"margin-bottom:0cm;margin-bottom:.0001pt;text-align:\njustify;line-height:normal\"><span lang=\"ES-UY\" style=\"mso-fareast-font-family:\n\"Times New Roman\";mso-bidi-font-family:Calibri;mso-bidi-theme-font:minor-latin;\ncolor:#4D4D4D;border:none windowtext 1.0pt;mso-border-alt:none windowtext 0cm;\npadding:0cm;mso-ansi-language:ES-UY;mso-fareast-language:ES-PE\">Petr\u00f3polis, 21 de julio de 2018<\/span><span style=\"mso-fareast-font-family:\"Times New Roman\";\nmso-bidi-font-family:Calibri;mso-bidi-theme-font:minor-latin;color:#4D4D4D;\nmso-fareast-language:ES-PE\"><o:p><\/o:p><\/span><\/p>\n<p class=\"MsoNormal\" style=\"margin-bottom:0cm;margin-bottom:.0001pt;line-height:\nnormal\"><o:p>\u00a0<\/o:p><\/p>\n<p class=\"MsoNormal\" style=\"margin-bottom:0cm;margin-bottom:.0001pt;line-height:\nnormal\">Tomado de: http:\/\/www.amerindiaenlared.org\/ 21 de Julio de 2018.<\/p>\n<p><a href=\"http:\/\/web.hilo.org.pe\/wp-content\/uploads\/leonardo-boff web.jpg\" target=\"_blank\" rel=\"noopener\">Ver archivo adjunto<\/a><\/p>\n","protected":false},"excerpt":{"rendered":"<p>Como Presidente de honor de nuestro Centro de Defensa de los Derechos Humanos de Petr\u00f3polis, R\u00edo, me uno al Centro Nicarag\u00fcense de Derechos Humanos que con su Comunicado de apoyo a los Obispos, hace una justa critica al gobierno que est\u00e1 persiguiendo, secuestrando y asesinando sus propios compatriotas.<\/p>\n","protected":false},"author":1,"featured_media":7950,"comment_status":"closed","ping_status":"closed","sticky":false,"template":"","format":"standard","meta":{"footnotes":""},"categories":[9],"tags":[],"class_list":["post-3102","post","type-post","status-publish","format-standard","has-post-thumbnail","hentry","category-noticias"],"_links":{"self":[{"href":"https:\/\/ceas.org.pe\/index.php\/wp-json\/wp\/v2\/posts\/3102","targetHints":{"allow":["GET"]}}],"collection":[{"href":"https:\/\/ceas.org.pe\/index.php\/wp-json\/wp\/v2\/posts"}],"about":[{"href":"https:\/\/ceas.org.pe\/index.php\/wp-json\/wp\/v2\/types\/post"}],"author":[{"embeddable":true,"href":"https:\/\/ceas.org.pe\/index.php\/wp-json\/wp\/v2\/users\/1"}],"replies":[{"embeddable":true,"href":"https:\/\/ceas.org.pe\/index.php\/wp-json\/wp\/v2\/comments?post=3102"}],"version-history":[{"count":1,"href":"https:\/\/ceas.org.pe\/index.php\/wp-json\/wp\/v2\/posts\/3102\/revisions"}],"predecessor-version":[{"id":6116,"href":"https:\/\/ceas.org.pe\/index.php\/wp-json\/wp\/v2\/posts\/3102\/revisions\/6116"}],"wp:featuredmedia":[{"embeddable":true,"href":"https:\/\/ceas.org.pe\/index.php\/wp-json\/wp\/v2\/media\/7950"}],"wp:attachment":[{"href":"https:\/\/ceas.org.pe\/index.php\/wp-json\/wp\/v2\/media?parent=3102"}],"wp:term":[{"taxonomy":"category","embeddable":true,"href":"https:\/\/ceas.org.pe\/index.php\/wp-json\/wp\/v2\/categories?post=3102"},{"taxonomy":"post_tag","embeddable":true,"href":"https:\/\/ceas.org.pe\/index.php\/wp-json\/wp\/v2\/tags?post=3102"}],"curies":[{"name":"wp","href":"https:\/\/api.w.org\/{rel}","templated":true}]}}