{"id":3100,"date":"2018-07-22T15:04:37","date_gmt":"2018-07-22T15:04:37","guid":{"rendered":""},"modified":"2026-03-11T09:11:57","modified_gmt":"2026-03-11T14:11:57","slug":"dios-escucha-el-clamor-de-su-pueblo-mensaje-de-caritas-de-la-zona-bolivariana","status":"publish","type":"post","link":"https:\/\/ceas.org.pe\/index.php\/2018\/07\/22\/dios-escucha-el-clamor-de-su-pueblo-mensaje-de-caritas-de-la-zona-bolivariana\/","title":{"rendered":"Dios escucha el clamor de  su pueblo. Mensaje de C\u00e1ritas de la Zona Bolivariana"},"content":{"rendered":"<p class=\"MsoNormal\" align=\"center\" style=\"text-align:center\"><span style=\"font-size:14.0pt;line-height:115%\">Dios escucha el clamor de\u00a0 su pueblo. (\u00c9xodo 3, 9-11)<o:p><\/o:p><\/span><\/p>\n<p class=\"MsoNormal\" style=\"text-align:justify\">Nuestra Am\u00e9rica est\u00e1 herida, nuestro pueblo \u201cgrita\u201d, su grito sube hasta la presencia de Dios que lo escucha y no lo abandona.<\/p>\n<p class=\"MsoNormal\" style=\"text-align:justify\">Las C\u00e1ritas de la Zona Bolivariana, conformada por los pa\u00edses de Bolivia, Ecuador, Per\u00fa, Colombia y Venezuela nos hemos reunido en Quito-Ecuador, durante los d\u00edas 16 al 19 de julio, para animar y fortalecer el camino de la Iglesia desde la alegr\u00eda del Evangelio y su compromiso con el cuidado de la Casa Com\u00fan.\u00a0<\/p>\n<p class=\"MsoNormal\" style=\"text-align:justify\">Constatamos que nuestro pueblo est\u00e1 herido y grita por las constantes violaciones de derechos humanos, el aumento de la corrupci\u00f3n, las migraciones forzadas, el incremento de la pobreza y de las violencias y el deterioro de la Casa Com\u00fan por un modelo de desarrollo\u00a0 irrespetuoso que irrumpe la armon\u00eda con la creaci\u00f3n y la convivencia fraterna.<\/p>\n<p class=\"MsoNormal\" style=\"text-align:justify\">Las C\u00e1ritas de la Zona Bolivariana que llevan la caricia de Dios a los pobres, frente a esta realidad, nos solidarizamos especialmente con nuestros Pueblos hermanos de Nicaragua y de Venezuela, y sus pastores ante la inaceptable situaci\u00f3n de violencia e incertidumbre que padecen y que provoca la ruptura del orden social y atenta contra la dignidad humana.\u00a0<\/p>\n<p class=\"MsoNormal\" style=\"text-align:justify\">Nos duele el sufrimiento de Venezuela, especialmente la crisis humanitaria que est\u00e1n viviendo los hermanos y hermanas en situaci\u00f3n de migraci\u00f3n forzosa, muchas veces recorriendo kil\u00f3metros en b\u00fasqueda de protecci\u00f3n en nuestros pa\u00edses. Expresamos nuestra cercan\u00eda a la Iglesia venezolana, trabajando conjuntamente la iniciativa de Puentes de Solidaridad que el Papa Francisco anima como acci\u00f3n concreta de comuni\u00f3n eclesial en la Acogida, la protecci\u00f3n, la promoci\u00f3n y la integraci\u00f3n.<\/p>\n<p class=\"MsoNormal\" style=\"text-align:justify\">En estos dif\u00edciles momentos, estamos profundamente unidos con la Iglesia de Nicaragua, sabemos los esfuerzos que est\u00e1n haciendo para lograr la paz tan deseada, para consolar a los familiares que han perdido un ser querido, para acompa\u00f1ar a tantos j\u00f3venes y familias que se est\u00e1n desplazando a causa de esta irracional violencia. Cuenten con nuestra cercan\u00eda y sepan que la familia Caritas les acompa\u00f1a en estos momentos de tanto sufrimiento.<\/p>\n<p class=\"MsoNormal\" style=\"text-align:justify\">La Iglesia siempre ha manifestado su preocupaci\u00f3n por la comunidad pol\u00edtica, ha promovido el di\u00e1logo como camino para la reconciliaci\u00f3n y la paz que permiten encontrar respuestas eficaces e innovadoras para todos, por esta raz\u00f3n desde el Evangelio, exigimos la defensa de la Vida (Jn 10,10), garantizando, protegiendo y respetando los derechos humanos.<\/p>\n<p class=\"MsoNormal\" style=\"text-align:justify\">Nos animamos en la Fe, la Esperanza y la Caridad y con las Palabras del Santo Padre Francisco manifestamos que \u201cFrente a los continuos ataques del mal, no nos rendimos\u201d.<\/p>\n<p class=\"MsoNormal\" style=\"text-align:justify\"><i>\u00a0Quito, a los 19 d\u00edas del mes de Julio de 2018.<o:p><\/o:p><\/i><\/p>\n<p><i style=\"text-align: justify;\">Tomado de: <a href=\"https:\/\/www.facebook.com\/caritasamericalatinaycaribe\/?hc_ref=ARTehJ0Hxx59sewqkYt7Z9OzSod5cvWLAOpfgm3Nu-TR6LntaLmOGSr9T-e8ugdi-8c&#038;fref=nf\"><span style=\"color: windowtext; text-decoration-line: none;\">C\u00e1ritas Am\u00e9rica Latina y El Caribe<\/span><\/a>. 20 de julio de 2018.<\/i>\u00a0<\/p>\n<p><a href=\"http:\/\/web.hilo.org.pe\/wp-content\/uploads\/37296614 web.jpg\" target=\"_blank\" rel=\"noopener\">Ver archivo adjunto<\/a><\/p>\n","protected":false},"excerpt":{"rendered":"<p>Las C\u00e1ritas de la Zona Bolivariana que llevan la caricia de Dios a los pobres, frente a esta realidad, nos solidarizamos especialmente con nuestros Pueblos hermanos de Nicaragua y de Venezuela, y sus pastores ante la inaceptable situaci\u00f3n de violencia e incertidumbre que padecen y que provoca la ruptura del orden social y atenta contra la dignidad humana.<\/p>\n","protected":false},"author":1,"featured_media":7973,"comment_status":"closed","ping_status":"closed","sticky":false,"template":"","format":"standard","meta":{"footnotes":""},"categories":[9],"tags":[],"class_list":["post-3100","post","type-post","status-publish","format-standard","has-post-thumbnail","hentry","category-noticias"],"_links":{"self":[{"href":"https:\/\/ceas.org.pe\/index.php\/wp-json\/wp\/v2\/posts\/3100","targetHints":{"allow":["GET"]}}],"collection":[{"href":"https:\/\/ceas.org.pe\/index.php\/wp-json\/wp\/v2\/posts"}],"about":[{"href":"https:\/\/ceas.org.pe\/index.php\/wp-json\/wp\/v2\/types\/post"}],"author":[{"embeddable":true,"href":"https:\/\/ceas.org.pe\/index.php\/wp-json\/wp\/v2\/users\/1"}],"replies":[{"embeddable":true,"href":"https:\/\/ceas.org.pe\/index.php\/wp-json\/wp\/v2\/comments?post=3100"}],"version-history":[{"count":1,"href":"https:\/\/ceas.org.pe\/index.php\/wp-json\/wp\/v2\/posts\/3100\/revisions"}],"predecessor-version":[{"id":6118,"href":"https:\/\/ceas.org.pe\/index.php\/wp-json\/wp\/v2\/posts\/3100\/revisions\/6118"}],"wp:featuredmedia":[{"embeddable":true,"href":"https:\/\/ceas.org.pe\/index.php\/wp-json\/wp\/v2\/media\/7973"}],"wp:attachment":[{"href":"https:\/\/ceas.org.pe\/index.php\/wp-json\/wp\/v2\/media?parent=3100"}],"wp:term":[{"taxonomy":"category","embeddable":true,"href":"https:\/\/ceas.org.pe\/index.php\/wp-json\/wp\/v2\/categories?post=3100"},{"taxonomy":"post_tag","embeddable":true,"href":"https:\/\/ceas.org.pe\/index.php\/wp-json\/wp\/v2\/tags?post=3100"}],"curies":[{"name":"wp","href":"https:\/\/api.w.org\/{rel}","templated":true}]}}