{"id":3099,"date":"2018-07-20T23:42:10","date_gmt":"2018-07-20T23:42:10","guid":{"rendered":""},"modified":"2026-03-11T09:11:57","modified_gmt":"2026-03-11T14:11:57","slug":"caritas-pide-un-mundo-sin-pobreza-hambre-y-desigualdad-ante-la-onu","status":"publish","type":"post","link":"https:\/\/ceas.org.pe\/index.php\/2018\/07\/20\/caritas-pide-un-mundo-sin-pobreza-hambre-y-desigualdad-ante-la-onu\/","title":{"rendered":"C\u00e1ritas pide un mundo sin pobreza, hambre y desigualdad ante la ONU"},"content":{"rendered":"<p class=\"MsoNormal\" style=\"margin-bottom: 0.0001pt; text-align: justify; line-height: normal; background-image: initial; background-position: initial; background-size: initial; background-repeat: initial; background-attachment: initial; background-origin: initial; background-clip: initial;\"><span style=\"background-image: initial; background-position: initial; background-size: initial; background-repeat: initial; background-attachment: initial; background-origin: initial; background-clip: initial;\">\u201cUn mundo sin pobreza, hambre y desigualdad\u201d, fue la petici\u00f3n que hizo C\u00e1ritas ante l\u00edderes mundiales reunidos en el Foro de Alto Nivel de Naciones Unidas, que se celebra en Nueva York del 8 al 18 de julio, bajo el lema \u201cLa transformaci\u00f3n hacia sociedades sostenibles y resilientes\u201d.<\/span><o:p><\/o:p><\/p>\n<p style=\"margin: 0cm 0cm 0.0001pt; text-align: justify; background-image: initial; background-position: initial; background-size: initial; background-repeat: initial; background-attachment: initial; background-origin: initial; background-clip: initial;\"><span style=\"font-size: 11pt; font-family: Calibri, sans-serif;\">\u00a0<\/span><\/p>\n<p style=\"margin: 0cm 0cm 0.0001pt; text-align: justify; background-image: initial; background-position: initial; background-size: initial; background-repeat: initial; background-attachment: initial; background-origin: initial; background-clip: initial;\"><span style=\"font-size: 11pt; font-family: Calibri, sans-serif;\">La delegaci\u00f3n de C\u00e1ritas, que estar\u00e1n entre los m\u00e1s de 2 mil l\u00edderes de la sociedad civil en el Foro, apremia a los gobiernos a cumplir los objetivos establecidos en la Agenda 2030 de 2015, bas\u00e1ndose en el trabajo y en la experiencia que la organizaci\u00f3n lleva a cabo en el terreno en todo el mundo.<o:p><\/o:p><\/span><\/p>\n<p style=\"margin: 0cm 0cm 0.0001pt; background-image: initial; background-position: initial; background-size: initial; background-repeat: initial; background-attachment: initial; background-origin: initial; background-clip: initial;\"><span style=\"font-size: 11pt; font-family: Calibri, sans-serif;\">\u00a0<\/span><\/p>\n<p style=\"margin: 0cm 0cm 0.0001pt; text-align: justify; background-image: initial; background-position: initial; background-size: initial; background-repeat: initial; background-attachment: initial; background-origin: initial; background-clip: initial;\"><span style=\"font-size: 11pt; font-family: Calibri, sans-serif;\">El tercer Foro Pol\u00edtico de Alto nivel (HLPF) que se hace tras la adopci\u00f3n de la agenda 2030, enfatiza la necesidad de transformar a las sociedades a trav\u00e9s de acciones \u201csostenibles, resilentes e inclusivas\u201d. En este sentido, C\u00e1ritas considera que, adem\u00e1s de estos elementos, es necesario reconocer la \u201cinterconexi\u00f3n\u201d y la \u201ccomplejidad\u201d de los desaf\u00edos que se avecinan.\u00a0<o:p><\/o:p><\/span><\/p>\n<p style=\"margin: 0cm 0cm 0.0001pt; background-image: initial; background-position: initial; background-size: initial; background-repeat: initial; background-attachment: initial; background-origin: initial; background-clip: initial;\"><span style=\"font-size: 11pt; font-family: Calibri, sans-serif;\">\u00a0<\/span><\/p>\n<p style=\"margin: 0cm 0cm 0.0001pt; text-align: justify; background-image: initial; background-position: initial; background-size: initial; background-repeat: initial; background-attachment: initial; background-origin: initial; background-clip: initial;\"><span style=\"font-size: 11pt; font-family: Calibri, sans-serif;\">Por ejemplo, el representante para Am\u00e9rica latina y el Caribe, pbro. Francisco Hern\u00e1ndez, dijo, a trav\u00e9s de un v\u00eddeo, que \u201cla preocupaci\u00f3n de las C\u00e1ritas en la regi\u00f3n es c\u00f3mo lograr que la ciudadan\u00eda, las organizaciones de la sociedad civil, y las basadas en la fe como las nuestras se involucren en una especie de auditoria de lo que los estados van logrando y diciendo sobre los ODS\u201d.\u00a0<o:p><\/o:p><\/span><\/p>\n<p style=\"margin: 0cm 0cm 0.0001pt; background-image: initial; background-position: initial; background-size: initial; background-repeat: initial; background-attachment: initial; background-origin: initial; background-clip: initial;\"><span style=\"font-size: 11pt; font-family: Calibri, sans-serif;\">\u00a0<\/span><\/p>\n<p style=\"margin: 0cm 0cm 0.0001pt; text-align: justify; background-image: initial; background-position: initial; background-size: initial; background-repeat: initial; background-attachment: initial; background-origin: initial; background-clip: initial;\"><span style=\"font-size: 11pt; font-family: Calibri, sans-serif;\">C\u00e1ritas tambi\u00e9n subray\u00f3 que la Agenda es el mandato pol\u00edtico \u201cm\u00e1s fuerte\u201d de la comunidad internacional sobre el desarrollo sostenible por lo que, a su juicio, este foro \u201cdeber\u00eda servir\u201d de llamamiento a los gobiernos \u201cpara que refuercen sus compromisos y aceleren los progresos para alcanzar la agenda de desarrollo sostenible en 2030\u201d.<o:p><\/o:p><\/span><\/p>\n<p style=\"margin: 0cm 0cm 0.0001pt; background-image: initial; background-position: initial; background-size: initial; background-repeat: initial; background-attachment: initial; background-origin: initial; background-clip: initial;\"><span style=\"font-size: 11pt; font-family: Calibri, sans-serif;\">\u00a0<\/span><\/p>\n<p style=\"margin: 0cm 0cm 0.0001pt; text-align: justify; background-image: initial; background-position: initial; background-size: initial; background-repeat: initial; background-attachment: initial; background-origin: initial; background-clip: initial;\"><span style=\"font-size: 11pt; font-family: Calibri, sans-serif;\">La delegaci\u00f3n de C\u00e1ritas Internacional est\u00e1 compuesta por Cristina Linaje, de C\u00e1ritas Espa\u00f1ol; pbro. Francisco Hern\u00e1ndez, de C\u00e1ritas Am\u00e9rica Latina y el Caribe; Rita Rhayen, C\u00e1ritas L\u00edbano; Paul O`Callaghan, C\u00e1ritas Australia; Adriana Opromolla, C\u00e1ritas interntionalis; Siba Alexis, de Guinea Conakry; pbro. Evaristus Bassey, de C\u00e1ritas Nigeria y Kim Mazyck, Catholic Charities de Estados Unidos.<o:p><\/o:p><\/span><\/p>\n<p class=\"MsoNormal\" style=\"margin-bottom: 0.0001pt; text-align: justify; line-height: normal; background-image: initial; background-position: initial; background-size: initial; background-repeat: initial; background-attachment: initial; background-origin: initial; background-clip: initial;\"><i>\u00a0<\/i><\/p>\n<p class=\"MsoNormal\" style=\"margin-bottom: 0.0001pt; text-align: justify; line-height: normal; background-image: initial; background-position: initial; background-size: initial; background-repeat: initial; background-attachment: initial; background-origin: initial; background-clip: initial;\"><i>Tomado de: <span style=\"background-image: initial; background-position: initial; background-size: initial; background-repeat: initial; background-attachment: initial; background-origin: initial; background-clip: initial;\">C\u00e1ritas Am\u00e9rica Latina y el Caribe<\/span>. 18 Julio de 2018.<o:p><\/o:p><\/i><\/p>\n<p><span style=\"text-align: justify;\">\u00a0<\/span>\u00a0<\/p>\n<p><a href=\"http:\/\/web.hilo.org.pe\/wp-content\/uploads\/onu18julio web.jpg\" target=\"_blank\" rel=\"noopener\">Ver archivo adjunto<\/a><\/p>\n","protected":false},"excerpt":{"rendered":"<p>\u201cUn mundo sin pobreza, hambre y desigualdad\u201d, fue la petici\u00f3n que hizo C\u00e1ritas ante l\u00edderes mundiales reunidos en el Foro de Alto Nivel de Naciones Unidas, que se celebra en Nueva York del 8 al 18 de julio, bajo el lema \u201cLa transformaci\u00f3n hacia sociedades sostenibles y resilientes\u201d.<\/p>\n","protected":false},"author":1,"featured_media":7878,"comment_status":"closed","ping_status":"closed","sticky":false,"template":"","format":"standard","meta":{"footnotes":""},"categories":[9],"tags":[],"class_list":["post-3099","post","type-post","status-publish","format-standard","has-post-thumbnail","hentry","category-noticias"],"_links":{"self":[{"href":"https:\/\/ceas.org.pe\/index.php\/wp-json\/wp\/v2\/posts\/3099","targetHints":{"allow":["GET"]}}],"collection":[{"href":"https:\/\/ceas.org.pe\/index.php\/wp-json\/wp\/v2\/posts"}],"about":[{"href":"https:\/\/ceas.org.pe\/index.php\/wp-json\/wp\/v2\/types\/post"}],"author":[{"embeddable":true,"href":"https:\/\/ceas.org.pe\/index.php\/wp-json\/wp\/v2\/users\/1"}],"replies":[{"embeddable":true,"href":"https:\/\/ceas.org.pe\/index.php\/wp-json\/wp\/v2\/comments?post=3099"}],"version-history":[{"count":1,"href":"https:\/\/ceas.org.pe\/index.php\/wp-json\/wp\/v2\/posts\/3099\/revisions"}],"predecessor-version":[{"id":6119,"href":"https:\/\/ceas.org.pe\/index.php\/wp-json\/wp\/v2\/posts\/3099\/revisions\/6119"}],"wp:featuredmedia":[{"embeddable":true,"href":"https:\/\/ceas.org.pe\/index.php\/wp-json\/wp\/v2\/media\/7878"}],"wp:attachment":[{"href":"https:\/\/ceas.org.pe\/index.php\/wp-json\/wp\/v2\/media?parent=3099"}],"wp:term":[{"taxonomy":"category","embeddable":true,"href":"https:\/\/ceas.org.pe\/index.php\/wp-json\/wp\/v2\/categories?post=3099"},{"taxonomy":"post_tag","embeddable":true,"href":"https:\/\/ceas.org.pe\/index.php\/wp-json\/wp\/v2\/tags?post=3099"}],"curies":[{"name":"wp","href":"https:\/\/api.w.org\/{rel}","templated":true}]}}