{"id":3098,"date":"2018-07-20T23:23:14","date_gmt":"2018-07-20T23:23:14","guid":{"rendered":""},"modified":"2026-03-11T09:11:57","modified_gmt":"2026-03-11T14:11:57","slug":"obispos-de-america-latina-y-el-caribe-expresan-cercania-y-solidaridad-con-el-pueblo-nicaraguense","status":"publish","type":"post","link":"https:\/\/ceas.org.pe\/index.php\/2018\/07\/20\/obispos-de-america-latina-y-el-caribe-expresan-cercania-y-solidaridad-con-el-pueblo-nicaraguense\/","title":{"rendered":"Obispos de Am\u00e9rica Latina y El Caribe, expresan cercan\u00eda y solidaridad con el pueblo Nicarag\u00fcense"},"content":{"rendered":"<p class=\"MsoNormal\" align=\"center\" style=\"text-align:center\"><span lang=\"es-419\">MENSAJE A LOS OBISPOS DE NICARAGUA<o:p><\/o:p><\/span><\/p>\n<p class=\"MsoNormal\" align=\"center\" style=\"text-align:center\"><span lang=\"es-419\">\u00a0<\/span><\/p>\n<p class=\"MsoNormal\" align=\"right\" style=\"text-align:right\"><b><i><span lang=\"es-419\">\u201cConsuelen, consuelen a mi pueblo\u201d Isa\u00edas 40, 1<o:p><\/o:p><\/span><\/i><\/b><\/p>\n<p class=\"MsoNormal\" style=\"text-align:justify\"><span lang=\"es-419\">Los Obispos de Am\u00e9rica Latina y El Caribe, como servidores del Evangelio de Jesucristo para la esperanza del mundo, expresamos nuestra cercan\u00eda y solidaridad con el pueblo Nicarag\u00fcense y con sus pastores profetas de justicia, ante la dram\u00e1tica y dolorosa crisis social y pol\u00edtica que all\u00ed se vive actualmente.<o:p><\/o:p><\/span><\/p>\n<p class=\"MsoNormal\"><span lang=\"es-419\">\u00a0<\/span><\/p>\n<p class=\"MsoNormal\" align=\"right\" style=\"text-align:right\"><b><i><span lang=\"es-419\">\u201cHe visto c\u00f3mo sufre mi pueblo\u201d \u00c9xodo 3, 7<o:p><\/o:p><\/span><\/i><\/b><\/p>\n<p class=\"MsoNormal\" style=\"text-align:justify\">Ante esta grave situaci\u00f3n, estamos llamados a ser la voz de quien no tiene voz, para hacer valer sus derechos, encontrar caminos de di\u00e1logo e instaurar la justicia y la paz, \u201cpara que en Cristo, todos tengan vida\u201d (cfr. Documento de Aparecida 4), de modo especial, quienes se sienten desconsolados por la muerte y la violencia. Los alentamos a seguir siendo defensores de los derechos humanos y portadores de la esperanza.<o:p><\/o:p><\/p>\n<p class=\"MsoNormal\"><o:p>\u00a0<\/o:p><\/p>\n<p class=\"MsoNormal\" align=\"right\" style=\"text-align:right\"><b><i>\u201cNo te dejes vencer por el mal.<br \/>\nAl contrario, vence con el bien el mal\u201d Romanos 12, 21<o:p><\/o:p><\/i><\/b><\/p>\n<p class=\"MsoNormal\" style=\"text-align:justify\">Les invitamos tambi\u00e9n a no cerrar los o\u00eddos ante el clamor y sufrimiento de nuestros pueblos y a continuar siendo los l\u00edderes valerosos por medio de los cuales Dios se hace presente y gu\u00eda la historia de su pueblo. El pr\u00f3ximo domingo 22 de julio, es nuestro deseo y pedimos en todas nuestras celebraciones, en todas las comunidades creyentes de todos nuestros pa\u00edses se eleve una oraci\u00f3n especial por el Pueblo de Nicaragua.<o:p><\/o:p><\/p>\n<p class=\"MsoNormal\">\u00a1Que la Inmaculada Concepci\u00f3n de Mar\u00eda nos devuelva la paz y la alegr\u00eda!<o:p><\/o:p><\/p>\n<p class=\"MsoNormal\">En nombre del Episcopado de Am\u00e9rica Latina y El Caribe<o:p><\/o:p><\/p>\n<p class=\"MsoNormal\" align=\"center\" style=\"text-align:center\"><o:p>\u00a0<\/o:p><\/p>\n<p class=\"MsoNormal\" align=\"center\" style=\"text-align:center\">Cardenal Rub\u00e9n Salazar G\u00f3mez<br \/>\nArzobispo de Bogot\u00e1 y Primado de Colombia<br \/>\nPresidente del CELAM<o:p><\/o:p><\/p>\n<p class=\"MsoNormal\" align=\"center\" style=\"text-align:center\"><o:p>\u00a0<\/o:p><\/p>\n<p class=\"MsoNormal\" align=\"center\" style=\"text-align:center\">Monse\u00f1or Juan Espinoza Jim\u00e9nez<br \/>\nObispo Auxiliar de Morelia, M\u00e9xico<br \/>\nSecretario General del CELAM<o:p><\/o:p><\/p>\n<p class=\"MsoNormal\"><o:p>\u00a0<\/o:p><\/p>\n<p class=\"MsoNormal\" align=\"center\" style=\"text-align:center\"><o:p><\/o:p><\/p>\n<p><span style=\"text-align: center;\">Bogot\u00e1, D. C. a los dieciocho d\u00edas del mes de julio de dos mil dieciocho.<\/span>\u00a0<\/p>\n<p><a href=\"http:\/\/web.hilo.org.pe\/wp-content\/uploads\/FOTO CELAM WEB.jpg\" target=\"_blank\" rel=\"noopener\">Ver archivo adjunto<\/a><\/p>\n","protected":false},"excerpt":{"rendered":"<p>Los Obispos de Am\u00e9rica Latina y El Caribe, como servidores del Evangelio de Jesucristo para la esperanza del mundo, expresamos nuestra cercan\u00eda y solidaridad con el pueblo Nicarag\u00fcense y con sus pastores profetas de justicia, ante la dram\u00e1tica y dolorosa crisis social y pol\u00edtica que all\u00ed se vive actualmente.<\/p>\n","protected":false},"author":1,"featured_media":7854,"comment_status":"closed","ping_status":"closed","sticky":false,"template":"","format":"standard","meta":{"footnotes":""},"categories":[9],"tags":[],"class_list":["post-3098","post","type-post","status-publish","format-standard","has-post-thumbnail","hentry","category-noticias"],"_links":{"self":[{"href":"https:\/\/ceas.org.pe\/index.php\/wp-json\/wp\/v2\/posts\/3098","targetHints":{"allow":["GET"]}}],"collection":[{"href":"https:\/\/ceas.org.pe\/index.php\/wp-json\/wp\/v2\/posts"}],"about":[{"href":"https:\/\/ceas.org.pe\/index.php\/wp-json\/wp\/v2\/types\/post"}],"author":[{"embeddable":true,"href":"https:\/\/ceas.org.pe\/index.php\/wp-json\/wp\/v2\/users\/1"}],"replies":[{"embeddable":true,"href":"https:\/\/ceas.org.pe\/index.php\/wp-json\/wp\/v2\/comments?post=3098"}],"version-history":[{"count":1,"href":"https:\/\/ceas.org.pe\/index.php\/wp-json\/wp\/v2\/posts\/3098\/revisions"}],"predecessor-version":[{"id":6120,"href":"https:\/\/ceas.org.pe\/index.php\/wp-json\/wp\/v2\/posts\/3098\/revisions\/6120"}],"wp:featuredmedia":[{"embeddable":true,"href":"https:\/\/ceas.org.pe\/index.php\/wp-json\/wp\/v2\/media\/7854"}],"wp:attachment":[{"href":"https:\/\/ceas.org.pe\/index.php\/wp-json\/wp\/v2\/media?parent=3098"}],"wp:term":[{"taxonomy":"category","embeddable":true,"href":"https:\/\/ceas.org.pe\/index.php\/wp-json\/wp\/v2\/categories?post=3098"},{"taxonomy":"post_tag","embeddable":true,"href":"https:\/\/ceas.org.pe\/index.php\/wp-json\/wp\/v2\/tags?post=3098"}],"curies":[{"name":"wp","href":"https:\/\/api.w.org\/{rel}","templated":true}]}}