{"id":3095,"date":"2018-07-09T11:14:42","date_gmt":"2018-07-09T11:14:42","guid":{"rendered":""},"modified":"2026-03-11T09:11:57","modified_gmt":"2026-03-11T14:11:57","slug":"red-eclesial-panamazonica-debate-sobre-indigenas-aislados-y-en-contacto-inicial","status":"publish","type":"post","link":"https:\/\/ceas.org.pe\/index.php\/2018\/07\/09\/red-eclesial-panamazonica-debate-sobre-indigenas-aislados-y-en-contacto-inicial\/","title":{"rendered":"Red Eclesial Panamaz\u00f3nica debate sobre ind\u00edgenas aislados y en contacto inicial"},"content":{"rendered":"<p style=\"margin-top:0cm;margin-right:0cm;margin-bottom:7.5pt;margin-left:0cm;\ntext-align:justify\"><span style=\"font-size:11.0pt;font-family:\"Calibri\",sans-serif;\nmso-ascii-theme-font:minor-latin;mso-hansi-theme-font:minor-latin;mso-bidi-theme-font:\nminor-latin;color:black\">Este domingo 8 de julio concluy\u00f3 el Encuentro de la Red Eclesial Panamaz\u00f3nica (REPAM) que se reuni\u00f3 en la ciudad de Puerto Maldonado desde el jueves 5 de julio para consensuar estrategias de defensa de los derechos de los pueblos ind\u00edgenas en aislamiento y en contacto inicial (PIACI).<o:p><\/o:p><\/span><\/p>\n<p style=\"margin-top:0cm;margin-right:0cm;margin-bottom:7.5pt;margin-left:0cm;\ntext-align:justify;background-position-x: 0px;background-position-y: 0px;\nbox-sizing: border-box;orphans: 2;-webkit-text-stroke-width: 0px;word-spacing:\n0px\"><span style=\"font-size:11.0pt;font-family:\"Calibri\",sans-serif;mso-ascii-theme-font:\nminor-latin;mso-hansi-theme-font:minor-latin;mso-bidi-theme-font:minor-latin;\ncolor:black\">El encuentro cont\u00f3 con la participaci\u00f3n de miembros de Brasil, Ecuador y Per\u00fa, con el objetivo de compartir un diagn\u00f3stico de la coyuntura de cada pueblo, lo que incluye las amenazas en su contra y el marco legal referido a sus derechos.<o:p><\/o:p><\/span><\/p>\n<p style=\"margin-top:0cm;margin-right:0cm;margin-bottom:7.5pt;margin-left:0cm;\ntext-align:justify\"><span style=\"font-size:11.0pt;font-family:\"Calibri\",sans-serif;\nmso-ascii-theme-font:minor-latin;mso-hansi-theme-font:minor-latin;mso-bidi-theme-font:\nminor-latin;color:black\">Asimismo, establecer metodolog\u00edas de trabajo para el levantamiento y tratamiento de la informaci\u00f3n sobre dichos pueblos, al igual que \u201cpropuestas concretas de incidencia, a nivel pol\u00edtico, jur\u00eddico y acad\u00e9mico, y ver en qu\u00e9 espacios y c\u00f3mo\u201d, expres\u00f3 Luis Ventura, del Centro Indigenista Misionero, CIMI.<o:p><\/o:p><\/span><\/p>\n<p style=\"margin-top:0cm;margin-right:0cm;margin-bottom:7.5pt;margin-left:0cm;\ntext-align:justify;background-position-x: 0px;background-position-y: 0px;\nbox-sizing: border-box;orphans: 2;-webkit-text-stroke-width: 0px;word-spacing:\n0px\"><span style=\"font-size:11.0pt;font-family:\"Calibri\",sans-serif;mso-ascii-theme-font:\nminor-latin;mso-hansi-theme-font:minor-latin;mso-bidi-theme-font:minor-latin;\ncolor:black\">En el Encuentro, las organizaciones que integran la REPAM manifestaron su compromiso de construir espacios virtuales y f\u00edsicos de recolecci\u00f3n e intercambio de informaci\u00f3n.<o:p><\/o:p><\/span><\/p>\n<p style=\"margin-top:0cm;margin-right:0cm;margin-bottom:7.5pt;margin-left:0cm;\ntext-align:justify;background-position-x: 0px;background-position-y: 0px;\nbox-sizing: border-box;orphans: 2;-webkit-text-stroke-width: 0px;word-spacing:\n0px\"><span style=\"font-size:11.0pt;font-family:\"Calibri\",sans-serif;mso-ascii-theme-font:\nminor-latin;mso-hansi-theme-font:minor-latin;mso-bidi-theme-font:minor-latin;\ncolor:black\">Con acciones de este tipo \u201cse pretende que las autoridades tomen protecci\u00f3n sobre estos pueblos, que las autoridades den la garant\u00eda\u201d, sostuvo Txarli Azcona, del Vicariato de Aguarico del Ecuador.<o:p><\/o:p><\/span><\/p>\n<p style=\"margin-top:0cm;margin-right:0cm;margin-bottom:7.5pt;margin-left:0cm;\ntext-align:justify;background-position-x: 0px;background-position-y: 0px;\nbox-sizing: border-box;orphans: 2;-webkit-text-stroke-width: 0px;word-spacing:\n0px\"><span style=\"font-size:11.0pt;font-family:\"Calibri\",sans-serif;mso-ascii-theme-font:\nminor-latin;mso-hansi-theme-font:minor-latin;mso-bidi-theme-font:minor-latin;\ncolor:black\">Tras reconocer que se puede realizar un trabajo coordinado con los Estados en la recolecci\u00f3n de informaci\u00f3n sobre aislados, en grupos de trabajo los participantes se\u00f1alaron la necesidad de apostar por espacios comunes de intercambio de informaci\u00f3n, debido a que la que tienen los Estados es escasa o no son de acceso libre.<o:p><\/o:p><\/span><\/p>\n<p style=\"margin-top:0cm;margin-right:0cm;margin-bottom:7.5pt;margin-left:0cm;\ntext-align:justify;background-position-x: 0px;background-position-y: 0px;\nbox-sizing: border-box;orphans: 2;-webkit-text-stroke-width: 0px;word-spacing:\n0px\"><span style=\"font-size:11.0pt;font-family:\"Calibri\",sans-serif;mso-ascii-theme-font:\nminor-latin;mso-hansi-theme-font:minor-latin;mso-bidi-theme-font:minor-latin;\ncolor:black\">Dichos espacios pueden cristalizarse en lo f\u00edsico, por ejemplo, a trav\u00e9s de publicaciones, o a trav\u00e9s de lo virtual, blogs o sitios o plataformas web.<o:p><\/o:p><\/span><\/p>\n<p style=\"margin-top:0cm;margin-right:0cm;margin-bottom:7.5pt;margin-left:0cm;\ntext-align:justify;background-position-x: 0px;background-position-y: 0px;\nbox-sizing: border-box;orphans: 2;-webkit-text-stroke-width: 0px;word-spacing:\n0px\"><span style=\"font-size:11.0pt;font-family:\"Calibri\",sans-serif;mso-ascii-theme-font:\nminor-latin;mso-hansi-theme-font:minor-latin;mso-bidi-theme-font:minor-latin;\ncolor:black\">Sobre la recolecci\u00f3n de informaci\u00f3n en campo, David Mart\u00ednez de Aguirre, obispo del Vicariato Apost\u00f3lico de Puerto Maldonado, resalt\u00f3 la oportunidad de trabajar con las comunidades nativas y \u201csensibilizar en las diferentes parroquias para estar siempre atentos a la presencia de estos pueblos\u201d.<o:p><\/o:p><\/span><\/p>\n<p style=\"margin-top:0cm;margin-right:0cm;margin-bottom:7.5pt;margin-left:0cm;\ntext-align:justify;background-position-x: 0px;background-position-y: 0px;\nbox-sizing: border-box;orphans: 2;-webkit-text-stroke-width: 0px;word-spacing:\n0px\"><span style=\"font-size:11.0pt;font-family:\"Calibri\",sans-serif;mso-ascii-theme-font:\nminor-latin;mso-hansi-theme-font:minor-latin;mso-bidi-theme-font:minor-latin;\ncolor:black\">Sobre el mismo punto, acot\u00f3 la necesidad de dotar de instrumentos v\u00e1lidos y comunes que encaminen la sistematizaci\u00f3n de lo recolectado.<o:p><\/o:p><\/span><\/p>\n<p style=\"margin-top:0cm;margin-right:0cm;margin-bottom:7.5pt;margin-left:0cm;\ntext-align:justify\"><span style=\"font-size:11.0pt;font-family:\"Calibri\",sans-serif;\nmso-ascii-theme-font:minor-latin;mso-hansi-theme-font:minor-latin;mso-bidi-theme-font:\nminor-latin;color:black\">Francis Andrade, de la REPAM Ecuador, destac\u00f3 que el prop\u00f3sito de aportar a estas investigaciones y recolecciones de datos, en sus diferentes pasos, \u201csea con la intenci\u00f3n de defender la vida y el territorio de los pueblos sin forzar el contacto, respetando el principio b\u00e1sico, sobre todo de autodeterminaci\u00f3n\u201d.<o:p><\/o:p><\/span><\/p>\n<p style=\"margin-top:0cm;margin-right:0cm;margin-bottom:7.5pt;margin-left:0cm;\ntext-align:justify;background-position-x: 0px;background-position-y: 0px;\nbox-sizing: border-box;orphans: 2;-webkit-text-stroke-width: 0px;word-spacing:\n0px\"><span style=\"font-size:11.0pt;font-family:\"Calibri\",sans-serif;mso-ascii-theme-font:\nminor-latin;mso-hansi-theme-font:minor-latin;mso-bidi-theme-font:minor-latin;\ncolor:black\">Respecto a la informaci\u00f3n disponible hasta hoy, fuera de los espacios estatales, se reconoci\u00f3 el trabajo del Consejo Indigenista Misionero (CIMI), \u00f3rgano vinculado a la Conferencia de Obispos de Brasil (CNBB), que cada a\u00f1o publica una relator\u00eda sobre violaciones a los derechos de los pueblos ind\u00edgenas de dicho pa\u00eds, donde se incluye un cap\u00edtulo sobre ind\u00edgenas aislados.<o:p><\/o:p><\/span><\/p>\n<p style=\"margin-top:0cm;margin-right:0cm;margin-bottom:7.5pt;margin-left:0cm;\ntext-align:justify;background-position-x: 0px;background-position-y: 0px;\nbox-sizing: border-box;orphans: 2;-webkit-text-stroke-width: 0px;word-spacing:\n0px\"><span style=\"font-size:11.0pt;font-family:\"Calibri\",sans-serif;mso-ascii-theme-font:\nminor-latin;mso-hansi-theme-font:minor-latin;mso-bidi-theme-font:minor-latin;\ncolor:black\">De otro lado, en el caso del Per\u00fa, H\u00e9ctor Rodr\u00edguez, del Centro Amaz\u00f3nico de Antropolog\u00eda y Aplicaci\u00f3n Pr\u00e1ctica (CAAAP) hizo hincapi\u00e9 en la necesidad de trabajar de manera coordinada con las organizaciones ind\u00edgenas.<o:p><\/o:p><\/span><\/p>\n<p style=\"margin-top:0cm;margin-right:0cm;margin-bottom:7.5pt;margin-left:0cm;\ntext-align:justify;background-position-x: 0px;background-position-y: 0px;\nbox-sizing: border-box;orphans: 2;-webkit-text-stroke-width: 0px;word-spacing:\n0px\"><span style=\"font-size:11.0pt;font-family:\"Calibri\",sans-serif;mso-ascii-theme-font:\nminor-latin;mso-hansi-theme-font:minor-latin;mso-bidi-theme-font:minor-latin;\ncolor:black\">\u201cEs importante recoger la informaci\u00f3n que generan las propias comunidades, pero es primordial tambi\u00e9n poder trabajar de cerca con las organizaciones ind\u00edgenas, sin ese intercambio no vamos a llegar lejos\u201d, asever\u00f3.<o:p><\/o:p><\/span><\/p>\n<p style=\"margin-top:0cm;margin-right:0cm;margin-bottom:7.5pt;margin-left:0cm;\ntext-align:justify;background-position-x: 0px;background-position-y: 0px;\nbox-sizing: border-box;orphans: 2;-webkit-text-stroke-width: 0px;word-spacing:\n0px\"><span style=\"font-size:11.0pt;font-family:\"Calibri\",sans-serif;mso-ascii-theme-font:\nminor-latin;mso-hansi-theme-font:minor-latin;mso-bidi-theme-font:minor-latin;\ncolor:black\">De otro lado, los participantes manifestaron su inter\u00e9s por una publicaci\u00f3n en conjunto, \u201cun informe que re\u00fana caracter\u00edsticas de informaci\u00f3n cualitativa y de datos en concreto de cada pueblo\u201d, manifest\u00f3 la representante de la REPAM Ecuador.<o:p><\/o:p><\/span><\/p>\n<p style=\"margin-top:0cm;margin-right:0cm;margin-bottom:7.5pt;margin-left:0cm;\nbackground-position-x: 0px;background-position-y: 0px;box-sizing: border-box;\norphans: 2;-webkit-text-stroke-width: 0px;word-spacing:0px\"><i style=\"mso-bidi-font-style:normal\"><span style=\"font-size:11.0pt;font-family:\n\"Calibri\",sans-serif;mso-ascii-theme-font:minor-latin;mso-hansi-theme-font:\nminor-latin;mso-bidi-theme-font:minor-latin;color:black\">Fuente: REPAM. 8 de Julio de 2018<o:p><\/o:p><\/span><\/i><\/p>\n<p><a href=\"http:\/\/web.hilo.org.pe\/wp-content\/uploads\/REPAM 1 web.jpg\" target=\"_blank\" rel=\"noopener\">Ver archivo adjunto<\/a><\/p>\n","protected":false},"excerpt":{"rendered":"<p>Este domingo 8 de julio concluy\u00f3 el Encuentro de la Red Eclesial Panamaz\u00f3nica (REPAM) que se reuni\u00f3 en la ciudad de Puerto Maldonado desde el jueves 5 de julio para consensuar estrategias de defensa de los derechos de los pueblos ind\u00edgenas en aislamiento y en contacto inicial (PIACI).<\/p>\n","protected":false},"author":1,"featured_media":295,"comment_status":"closed","ping_status":"closed","sticky":false,"template":"","format":"standard","meta":{"footnotes":""},"categories":[9],"tags":[],"class_list":["post-3095","post","type-post","status-publish","format-standard","has-post-thumbnail","hentry","category-noticias"],"_links":{"self":[{"href":"https:\/\/ceas.org.pe\/index.php\/wp-json\/wp\/v2\/posts\/3095","targetHints":{"allow":["GET"]}}],"collection":[{"href":"https:\/\/ceas.org.pe\/index.php\/wp-json\/wp\/v2\/posts"}],"about":[{"href":"https:\/\/ceas.org.pe\/index.php\/wp-json\/wp\/v2\/types\/post"}],"author":[{"embeddable":true,"href":"https:\/\/ceas.org.pe\/index.php\/wp-json\/wp\/v2\/users\/1"}],"replies":[{"embeddable":true,"href":"https:\/\/ceas.org.pe\/index.php\/wp-json\/wp\/v2\/comments?post=3095"}],"version-history":[{"count":1,"href":"https:\/\/ceas.org.pe\/index.php\/wp-json\/wp\/v2\/posts\/3095\/revisions"}],"predecessor-version":[{"id":6123,"href":"https:\/\/ceas.org.pe\/index.php\/wp-json\/wp\/v2\/posts\/3095\/revisions\/6123"}],"wp:featuredmedia":[{"embeddable":true,"href":"https:\/\/ceas.org.pe\/index.php\/wp-json\/wp\/v2\/media\/295"}],"wp:attachment":[{"href":"https:\/\/ceas.org.pe\/index.php\/wp-json\/wp\/v2\/media?parent=3095"}],"wp:term":[{"taxonomy":"category","embeddable":true,"href":"https:\/\/ceas.org.pe\/index.php\/wp-json\/wp\/v2\/categories?post=3095"},{"taxonomy":"post_tag","embeddable":true,"href":"https:\/\/ceas.org.pe\/index.php\/wp-json\/wp\/v2\/tags?post=3095"}],"curies":[{"name":"wp","href":"https:\/\/api.w.org\/{rel}","templated":true}]}}