{"id":3094,"date":"2018-07-05T16:30:46","date_gmt":"2018-07-05T16:30:46","guid":{"rendered":""},"modified":"2026-03-11T09:11:57","modified_gmt":"2026-03-11T14:11:57","slug":"parolin-a-tres-anos-de-la-laudato-si-salvar-la-creacion-antes-de-que-sea-tarde","status":"publish","type":"post","link":"https:\/\/ceas.org.pe\/index.php\/2018\/07\/05\/parolin-a-tres-anos-de-la-laudato-si-salvar-la-creacion-antes-de-que-sea-tarde\/","title":{"rendered":"Parolin a tres a\u00f1os de la Laudato SI: salvar la creaci\u00f3n antes de que sea tarde"},"content":{"rendered":"<p class=\"MsoNormal\" style=\"margin-bottom:0cm;margin-bottom:.0001pt;line-height:\nnormal\">El secretario de Estado Vaticano ha inaugurado un ciclo de conferencias organizadas en la Santa Sede con motivo del tercer aniversario de la enc\u00edclica Laudato Si del Papa Francisco, sobre el cuidado de la Casa Com\u00fan.<o:p><\/o:p><\/p>\n<p class=\"MsoNormal\" style=\"margin-bottom:0cm;margin-bottom:.0001pt;line-height:\nnormal\"><o:p>\u00a0<\/o:p><\/p>\n<p class=\"MsoNormal\" style=\"margin-bottom:0cm;margin-bottom:.0001pt;line-height:\nnormal\">Del 5 al 6 de julio, la Santa Sede ha organizado un ciclo de\u00a0<b>conferencias en Roma\u00a0<\/b>bajo el tema \u00abSalvaguardar nuestra casa com\u00fan y el futuro de la vida en la tierra\u00bb, con motivo del tercer aniversario de la publicaci\u00f3n de la\u00a0<a href=\"http:\/\/w2.vatican.va\/content\/francesco\/es\/encyclicals\/documents\/papa-francesco_20150524_enciclica-laudato-si.html\" target=\"_blank\"><span style=\"color: black; text-decoration-line: none;\">enc\u00edclica Laudato Si<\/span><\/a>, escrita por el Papa Francisco sobre el cuidado de la creaci\u00f3n.<o:p><\/o:p><\/p>\n<p class=\"MsoNormal\" style=\"margin-bottom:0cm;margin-bottom:.0001pt;line-height:\nnormal\"><o:p>\u00a0<\/o:p><\/p>\n<p class=\"MsoNormal\" style=\"margin-bottom:0cm;margin-bottom:.0001pt;line-height:\nnormal\">El cardenal Secretario de Estado Vaticano,\u00a0<b>Pietro Parolin<\/b>, inaugur\u00f3 las ponencias a petici\u00f3n del cardenal\u00a0<i>Peter Turkson<\/i>, prefecto del\u00a0<i>Dicasterio para la Promoci\u00f3n del Desarrollo Humano Integral\u00a0<\/i>y principal promotor del evento.<o:p><\/o:p><\/p>\n<p class=\"MsoNormal\" style=\"margin-bottom:0cm;margin-bottom:.0001pt;line-height:\nnormal;mso-outline-level:2\"><b>\u00a0<\/b><\/p>\n<p class=\"MsoNormal\" style=\"margin-bottom:0cm;margin-bottom:.0001pt;line-height:\nnormal;mso-outline-level:2\"><b><br \/>\nLa humanidad es administradora y no due\u00f1a de la creaci\u00f3n<\/b><o:p><\/o:p><\/p>\n<p class=\"MsoNormal\" style=\"margin-bottom:0cm;margin-bottom:.0001pt;line-height:\nnormal\"><o:p>\u00a0<\/o:p><\/p>\n<p class=\"MsoNormal\" style=\"margin-bottom:0cm;margin-bottom:.0001pt;line-height:\nnormal\">En su discurso, Parolin realiz\u00f3 un balance sobre el positivo impacto que ha generado este\u00a0<b>documento en la sociedad\u00a0<\/b>desde su primera publicaci\u00f3n, ya que \u00abfue bien recibida como una poderosa contribuci\u00f3n para comprender mejor y abordar de manera m\u00e1s efectiva una serie de cuestiones puntuales e incluso cr\u00edticas que enfrenta la humanidad, sobre la base de un enfoque m\u00e1s amplio y profundo de ecolog\u00eda integral\u00bb.<o:p><\/o:p><\/p>\n<p style=\"margin: 0cm 0cm 0.0001pt; background-image: initial; background-position: initial; background-size: initial; background-repeat: initial; background-attachment: initial; background-origin: initial; background-clip: initial;\"><span style=\"font-size: 11pt; font-family: Calibri, sans-serif;\">\u00a0<\/span><\/p>\n<p style=\"margin: 0cm 0cm 0.0001pt; background-image: initial; background-position: initial; background-size: initial; background-repeat: initial; background-attachment: initial; background-origin: initial; background-clip: initial;\"><span style=\"font-size: 11pt; font-family: Calibri, sans-serif;\">Y en este sentido, el purpurado se\u00f1al\u00f3 el punto de la inter-relaci\u00f3n expresado en la<b style=\"box-sizing: border-box;\n-webkit-tap-highlight-color: rgba(0, 0, 0, 0)\">\u00a0Laudato Si<\/b>, seg\u00fan el cual \u00abtodo est\u00e1 conectado\u00bb.<o:p><\/o:p><\/span><\/p>\n<p style=\"margin: 0cm 0cm 0.0001pt; background-image: initial; background-position: initial; background-size: initial; background-repeat: initial; background-attachment: initial; background-origin: initial; background-clip: initial; box-sizing: border-box; -webkit-tap-highlight-color: rgba(0, 0, 0, 0);\"><span style=\"font-size: 11pt; font-family: Calibri, sans-serif;\">\u00a0<\/span><\/p>\n<p style=\"margin: 0cm 0cm 0.0001pt; background-image: initial; background-position: initial; background-size: initial; background-repeat: initial; background-attachment: initial; background-origin: initial; background-clip: initial;\"><span style=\"font-size: 11pt; font-family: Calibri, sans-serif;\">\u00abAs\u00ed, el Santo Padre nos recuerda que la humanidad es la\u00a0<i style=\"box-sizing: border-box;-webkit-tap-highlight-color: rgba(0, 0, 0, 0)\">administradora y no la due\u00f1a de la creaci\u00f3n<\/i>. De hecho, como se\u00f1ala en varias ocasiones, el resquebrajamiento de la relaci\u00f3n del hombre con Dios, con el pr\u00f3jimo y con la creaci\u00f3n, proviene, en sus ra\u00edces, de un antropocentrismo equivocado\u00bb, dijo.<o:p><\/o:p><\/span><\/p>\n<p style=\"margin: 0cm 0cm 0.0001pt; background-image: initial; background-position: initial; background-size: initial; background-repeat: initial; background-attachment: initial; background-origin: initial; background-clip: initial;\"><span style=\"font-size: 11pt; font-family: Calibri, sans-serif;\">\u00a0<\/span><\/p>\n<p style=\"margin: 0cm 0cm 0.0001pt; background-image: initial; background-position: initial; background-size: initial; background-repeat: initial; background-attachment: initial; background-origin: initial; background-clip: initial;\"><span style=\"font-size: 11pt; font-family: Calibri, sans-serif;\">El cardenal tambi\u00e9n elogi\u00f3 la gran apreciaci\u00f3n que ha generado la enc\u00edclica entre la\u00a0<b style=\"box-sizing: border-box;\n-webkit-tap-highlight-color: rgba(0, 0, 0, 0)\">comunidad cient\u00edfica<\/b>, as\u00ed como en las otras confesiones religiosas, ya que \u201cel debate que ha fomentado entre ellos es una clara se\u00f1al de la voluntad de trabajar para su implementaci\u00f3n\u201d. Y es que la enc\u00edclica exhorta a esta colaboraci\u00f3n en el cuidado de la creaci\u00f3n de una forma directa, apelando \u201ca un nuevo di\u00e1logo sobre el modo en el que estamos construyendo el futuro del planeta\u201d.\u00a0<o:p><\/o:p><\/span><\/p>\n<h2 style=\"margin: 0cm 0cm 0.0001pt; background-image: initial; background-position: initial; background-size: initial; background-repeat: initial; background-attachment: initial; background-origin: initial; background-clip: initial; box-sizing: border-box; -webkit-tap-highlight-color: rgba(0, 0, 0, 0);\"><span style=\"font-size: 11pt; font-family: Calibri, sans-serif;\">\u00a0<\/span><\/h2>\n<h2 style=\"margin: 0cm 0cm 0.0001pt; background-image: initial; background-position: initial; background-size: initial; background-repeat: initial; background-attachment: initial; background-origin: initial; background-clip: initial;\"><span style=\"font-size: 11pt; font-family: Calibri, sans-serif;\">\u00a0<\/span><\/h2>\n<h2 style=\"margin: 0cm 0cm 0.0001pt; background-image: initial; background-position: initial; background-size: initial; background-repeat: initial; background-attachment: initial; background-origin: initial; background-clip: initial;\"><span style=\"font-size: 11pt; font-family: Calibri, sans-serif;\">Actualidad, integralidad y profundidad espiritual<\/span><span style=\"font-size: 11pt; font-family: Calibri, sans-serif; font-weight: normal;\"><o:p><\/o:p><\/span><\/h2>\n<p style=\"margin: 0cm 0cm 0.0001pt; background-image: initial; background-position: initial; background-size: initial; background-repeat: initial; background-attachment: initial; background-origin: initial; background-clip: initial; box-sizing: border-box; -webkit-tap-highlight-color: rgba(0, 0, 0, 0);\"><span style=\"font-size: 11pt; font-family: Calibri, sans-serif;\">\u00a0<\/span><\/p>\n<p style=\"margin: 0cm 0cm 0.0001pt; background-image: initial; background-position: initial; background-size: initial; background-repeat: initial; background-attachment: initial; background-origin: initial; background-clip: initial;\"><span style=\"font-size: 11pt; font-family: Calibri, sans-serif;\">Parolin ha destacado tres aspectos que caracterizan particularmente a la\u00a0<i style=\"box-sizing: border-box;\n-webkit-tap-highlight-color: rgba(0, 0, 0, 0)\">Laudato Si.<\/i><o:p><\/o:p><\/span><\/p>\n<p style=\"margin: 0cm 0cm 0.0001pt; background-image: initial; background-position: initial; background-size: initial; background-repeat: initial; background-attachment: initial; background-origin: initial; background-clip: initial; box-sizing: border-box; -webkit-tap-highlight-color: rgba(0, 0, 0, 0);\"><span style=\"font-size: 11pt; font-family: Calibri, sans-serif;\">En primer lugar, la innegable\u00a0<b style=\"box-sizing: border-box;-webkit-tap-highlight-color: rgba(0, 0, 0, 0)\">actualidad y urgencia<\/b>\u00a0de este debate acerca del cuidado de la \u201cCasa com\u00fan\u201d. Actualidad por lo \u201cprecario de la situaci\u00f3n de nuestro planeta hoy\u201d, y urgente porque hay pocas cosas tan graves como \u201cun posible colapso de la misma casa que nos alberga, tanto a nosotros como a todas las formas de vida\u201d.<o:p><\/o:p><\/span><\/p>\n<p style=\"margin: 0cm 0cm 0.0001pt; background-image: initial; background-position: initial; background-size: initial; background-repeat: initial; background-attachment: initial; background-origin: initial; background-clip: initial; box-sizing: border-box; -webkit-tap-highlight-color: rgba(0, 0, 0, 0);\"><span style=\"font-size: 11pt; font-family: Calibri, sans-serif;\">\u00a0<\/span><\/p>\n<p style=\"margin: 0cm 0cm 0.0001pt; background-image: initial; background-position: initial; background-size: initial; background-repeat: initial; background-attachment: initial; background-origin: initial; background-clip: initial;\"><span style=\"font-size: 11pt; font-family: Calibri, sans-serif;\">En segundo lugar, la importancia del mensaje que el Papa env\u00eda sobre\u00a0<b style=\"box-sizing: border-box;-webkit-tap-highlight-color: rgba(0, 0, 0, 0)\">ecolog\u00eda integral<\/b>. Citando tanto a\u00a0<b style=\"box-sizing: border-box;-webkit-tap-highlight-color: rgba(0, 0, 0, 0)\">Francisco como a Benedicto XVI<\/b>, el secretario de Estado subray\u00f3 la idea de que \u201cla ecolog\u00eda humana y la ecolog\u00eda natural est\u00e1n unidas y son prioridades inseparables para la familia humana\u201d.<o:p><\/o:p><\/span><\/p>\n<p style=\"margin: 0cm 0cm 0.0001pt; background-image: initial; background-position: initial; background-size: initial; background-repeat: initial; background-attachment: initial; background-origin: initial; background-clip: initial; box-sizing: border-box; -webkit-tap-highlight-color: rgba(0, 0, 0, 0);\"><i><span style=\"font-size: 11pt; font-family: Calibri, sans-serif;\">\u00a0<\/span><\/i><\/p>\n<p style=\"margin: 0cm 0cm 0.0001pt; background-image: initial; background-position: initial; background-size: initial; background-repeat: initial; background-attachment: initial; background-origin: initial; background-clip: initial;\"><i><span style=\"font-size: 11pt; font-family: Calibri, sans-serif;\">\u201cEn la enc\u00edclica Laudato Si el Santo Padre nos recuerda que la humanidad es la administradora y no la due\u00f1a de la creaci\u00f3n\u201d.<o:p><\/o:p><\/span><\/i><\/p>\n<p style=\"margin: 0cm 0cm 0.0001pt; background-image: initial; background-position: initial; background-size: initial; background-repeat: initial; background-attachment: initial; background-origin: initial; background-clip: initial; box-sizing: border-box; -webkit-tap-highlight-color: rgba(0, 0, 0, 0);\"><span style=\"font-size: 11pt; font-family: Calibri, sans-serif;\">\u00a0<\/span><\/p>\n<p style=\"margin: 0cm 0cm 0.0001pt; background-image: initial; background-position: initial; background-size: initial; background-repeat: initial; background-attachment: initial; background-origin: initial; background-clip: initial;\"><span style=\"font-size: 11pt; font-family: Calibri, sans-serif;\">Por ello, como\u00a0<span style=\"box-sizing: border-box;\n-webkit-tap-highlight-color: rgba(0, 0, 0, 0)\">dice el Santo Padre en la enc\u00edclica, el \u201cclamor de la tierra est\u00e1 estrechamente vinculado con el clamor de los pobres. En consecuencia, como miembros del mismo hogar, todos debemos unirnos para comprometernos a salvar nuestra casa com\u00fan (\u2026) cada uno desde su cultura, su experiencia, sus iniciativas y sus capacidades\u201d.<\/span><o:p><\/o:p><\/span><\/p>\n<p style=\"margin: 0cm 0cm 0.0001pt; background-image: initial; background-position: initial; background-size: initial; background-repeat: initial; background-attachment: initial; background-origin: initial; background-clip: initial; box-sizing: border-box; -webkit-tap-highlight-color: rgba(0, 0, 0, 0);\"><span style=\"font-size: 11pt; font-family: Calibri, sans-serif;\">\u00a0<\/span><\/p>\n<p style=\"margin: 0cm 0cm 0.0001pt; background-image: initial; background-position: initial; background-size: initial; background-repeat: initial; background-attachment: initial; background-origin: initial; background-clip: initial;\"><span style=\"font-size: 11pt; font-family: Calibri, sans-serif;\">Por \u00faltimo, el cardenal resalt\u00f3 la \u201cvisi\u00f3n\u00a0<b style=\"box-sizing: border-box;-webkit-tap-highlight-color: rgba(0, 0, 0, 0)\">profundamente espiritual\u00a0<\/b>del mundo natural\u201d que el Pont\u00edfice ofrece en el documento: Lo \u00abintegral\u00bb, de la ecolog\u00eda integral de la que habla el Papa incluye el nivel espiritual, lo que quiere decir que nuestra relaci\u00f3n con Dios y con nuestro pr\u00f3jimo incluye necesariamente nuestra relaci\u00f3n con la madre tierra.\u00a0<o:p><\/o:p><\/span><\/p>\n<p style=\"margin: 0cm 0cm 0.0001pt; background-image: initial; background-position: initial; background-size: initial; background-repeat: initial; background-attachment: initial; background-origin: initial; background-clip: initial; box-sizing: border-box; -webkit-tap-highlight-color: rgba(0, 0, 0, 0);\"><i><span style=\"font-size: 11pt; font-family: Calibri, sans-serif;\">\u00a0<\/span><\/i><\/p>\n<p style=\"margin: 0cm 0cm 0.0001pt; background-image: initial; background-position: initial; background-size: initial; background-repeat: initial; background-attachment: initial; background-origin: initial; background-clip: initial;\"><i><span style=\"font-size: 11pt; font-family: Calibri, sans-serif;\">\u201cActualidad, integralidad y profundidad espiritual, son los tres aspectos que caracterizan la Laudato Si\u201d<o:p><\/o:p><\/span><\/i><\/p>\n<p style=\"margin: 0cm 0cm 0.0001pt; background-image: initial; background-position: initial; background-size: initial; background-repeat: initial; background-attachment: initial; background-origin: initial; background-clip: initial; box-sizing: border-box; -webkit-tap-highlight-color: rgba(0, 0, 0, 0);\"><span style=\"font-size: 11pt; font-family: Calibri, sans-serif;\">\u00a0<\/span><\/p>\n<p style=\"margin: 0cm 0cm 0.0001pt; background-image: initial; background-position: initial; background-size: initial; background-repeat: initial; background-attachment: initial; background-origin: initial; background-clip: initial;\"><span style=\"font-size: 11pt; font-family: Calibri, sans-serif;\">Una relaci\u00f3n que puede y debe ser armoniosa -dijo Su Eminencia- recordando que, tal y como observa el Papa Francisco al principio de su enc\u00edclica, \u00abla\u00a0<i style=\"box-sizing: border-box;\n-webkit-tap-highlight-color: rgba(0, 0, 0, 0)\">violencia presente en el coraz\u00f3n humano<\/i>,\u00a0<i style=\"box-sizing: border-box;-webkit-tap-highlight-color: rgba(0, 0, 0, 0)\">herido por el pecado, tambi\u00e9n se manifiesta en los s\u00edntomas de enfermedad que advertimos en el suelo, en el agua, en el aire y en los seres vivientes<\/i>\u00ab(LS, 2).<o:p><\/o:p><\/span><\/p>\n<p style=\"margin: 0cm 0cm 0.0001pt; background-image: initial; background-position: initial; background-size: initial; background-repeat: initial; background-attachment: initial; background-origin: initial; background-clip: initial; box-sizing: border-box; -webkit-tap-highlight-color: rgba(0, 0, 0, 0);\"><span style=\"font-size: 11pt; font-family: Calibri, sans-serif;\">\u00a0<\/span><\/p>\n<p style=\"margin: 0cm 0cm 0.0001pt; background-image: initial; background-position: initial; background-size: initial; background-repeat: initial; background-attachment: initial; background-origin: initial; background-clip: initial;\"><span style=\"font-size: 11pt; font-family: Calibri, sans-serif;\">Porque la tierra misma est\u00e1 siendo sojuzgada y devastada, se abusa de la vida humana en una <b>cultura donde predomina el\u00a0<i style=\"box-sizing: border-box;-webkit-tap-highlight-color: rgba(0, 0, 0, 0)\">descarte<\/i><\/b><i style=\"box-sizing: border-box;-webkit-tap-highlight-color: rgba(0, 0, 0, 0)\">,<\/i>\u00a0y toda la creaci\u00f3n se tambalea al borde de la cat\u00e1strofe.<o:p><\/o:p><\/span><\/p>\n<h2 style=\"margin: 0cm 0cm 0.0001pt; background-image: initial; background-position: initial; background-size: initial; background-repeat: initial; background-attachment: initial; background-origin: initial; background-clip: initial; box-sizing: border-box; -webkit-tap-highlight-color: rgba(0, 0, 0, 0);\"><span style=\"font-size: 11pt; font-family: Calibri, sans-serif;\">\u00a0<\/span><\/h2>\n<h2 style=\"margin: 0cm 0cm 0.0001pt; background-image: initial; background-position: initial; background-size: initial; background-repeat: initial; background-attachment: initial; background-origin: initial; background-clip: initial;\"><span style=\"font-size: 11pt; font-family: Calibri, sans-serif;\">\u00a0<\/span><\/h2>\n<h2 style=\"margin: 0cm 0cm 0.0001pt; background-image: initial; background-position: initial; background-size: initial; background-repeat: initial; background-attachment: initial; background-origin: initial; background-clip: initial;\"><span style=\"font-size: 11pt; font-family: Calibri, sans-serif;\">No \u00abburlarnos\u00bb de los dones de Dios<\/span><span style=\"font-size: 11pt; font-family: Calibri, sans-serif; font-weight: normal;\"><o:p><\/o:p><\/span><\/h2>\n<p style=\"margin: 0cm 0cm 0.0001pt; background-image: initial; background-position: initial; background-size: initial; background-repeat: initial; background-attachment: initial; background-origin: initial; background-clip: initial; box-sizing: border-box; -webkit-tap-highlight-color: rgba(0, 0, 0, 0);\"><span style=\"font-size: 11pt; font-family: Calibri, sans-serif;\">\u00a0<\/span><\/p>\n<p style=\"margin: 0cm 0cm 0.0001pt; background-image: initial; background-position: initial; background-size: initial; background-repeat: initial; background-attachment: initial; background-origin: initial; background-clip: initial;\"><span style=\"font-size: 11pt; font-family: Calibri, sans-serif;\">Asimismo, el purpurado ha hecho un llamamiento urgente a \u201ccambiar nuestro sentido del progreso humano, la gesti\u00f3n de nuestra econom\u00eda y nuestro estilo de vida\u201d, de forma que volvamos a la vocaci\u00f3n a la que Dios llama a la humanidad, \u201ccultivar y custodiar\u201d su creaci\u00f3n. Sobre este punto, Parolin ha advertido de que \u201ccultivar y custodiar no deber\u00eda llevar aparejada la dominaci\u00f3n y la devastaci\u00f3n\u00bb; ya que un comportamiento como tal \u00ab<b style=\"box-sizing: border-box;-webkit-tap-highlight-color: rgba(0, 0, 0, 0)\">constituye una burla de la dignidad\u00a0<\/b>y del respeto debido a los dones de Dios\u201d.\u00a0<o:p><\/o:p><\/span><\/p>\n<p style=\"margin: 0cm 0cm 0.0001pt; background-image: initial; background-position: initial; background-size: initial; background-repeat: initial; background-attachment: initial; background-origin: initial; background-clip: initial; box-sizing: border-box; -webkit-tap-highlight-color: rgba(0, 0, 0, 0);\"><span style=\"font-size: 11pt; font-family: Calibri, sans-serif;\">\u00a0<\/span><\/p>\n<p style=\"margin: 0cm 0cm 0.0001pt; background-image: initial; background-position: initial; background-size: initial; background-repeat: initial; background-attachment: initial; background-origin: initial; background-clip: initial;\"><span style=\"font-size: 11pt; font-family: Calibri, sans-serif;\">Finalmente, el cardenal ha pedido de nuevo que el di\u00e1logo sobre este tema sea fruct\u00edfero y \u201clleve a trazar l\u00edneas de acci\u00f3n concretas y participativas para salvar la creaci\u00f3n\u201d, asegurando que si bien este camino es largo y exigente, \u00abtenemos una br\u00fajula muy buena para orientarnos y no perdernos: la carta enc\u00edclica Laudato Si.<o:p><\/o:p><\/span><\/p>\n<p class=\"MsoNormal\" style=\"margin-bottom:0cm;margin-bottom:.0001pt;line-height:\nnormal\"><o:p>\u00a0<\/o:p><\/p>\n<p><i>Tomado de: Vatican New. Por Sof\u00eda Lobos. Ciudad del Vaticano. 5 de julio de 2018.<\/i>\u00a0<\/p>\n<p><a href=\"http:\/\/web.hilo.org.pe\/wp-content\/uploads\/cq5dam.thumbnail.cropped.1000.563web\" target=\"_blank\" rel=\"noopener\">Ver archivo adjunto<\/a><\/p>\n","protected":false},"excerpt":{"rendered":"<p>El secretario de Estado Vaticano ha inaugurado un ciclo de conferencias organizadas en la Santa Sede con motivo del tercer aniversario de la enc\u00edclica Laudato Si&#8217; del Papa Francisco, sobre el cuidado de la Casa Com\u00fan.<\/p>\n","protected":false},"author":1,"featured_media":8125,"comment_status":"closed","ping_status":"closed","sticky":false,"template":"","format":"standard","meta":{"footnotes":""},"categories":[9],"tags":[],"class_list":["post-3094","post","type-post","status-publish","format-standard","has-post-thumbnail","hentry","category-noticias"],"_links":{"self":[{"href":"https:\/\/ceas.org.pe\/index.php\/wp-json\/wp\/v2\/posts\/3094","targetHints":{"allow":["GET"]}}],"collection":[{"href":"https:\/\/ceas.org.pe\/index.php\/wp-json\/wp\/v2\/posts"}],"about":[{"href":"https:\/\/ceas.org.pe\/index.php\/wp-json\/wp\/v2\/types\/post"}],"author":[{"embeddable":true,"href":"https:\/\/ceas.org.pe\/index.php\/wp-json\/wp\/v2\/users\/1"}],"replies":[{"embeddable":true,"href":"https:\/\/ceas.org.pe\/index.php\/wp-json\/wp\/v2\/comments?post=3094"}],"version-history":[{"count":1,"href":"https:\/\/ceas.org.pe\/index.php\/wp-json\/wp\/v2\/posts\/3094\/revisions"}],"predecessor-version":[{"id":6124,"href":"https:\/\/ceas.org.pe\/index.php\/wp-json\/wp\/v2\/posts\/3094\/revisions\/6124"}],"wp:featuredmedia":[{"embeddable":true,"href":"https:\/\/ceas.org.pe\/index.php\/wp-json\/wp\/v2\/media\/8125"}],"wp:attachment":[{"href":"https:\/\/ceas.org.pe\/index.php\/wp-json\/wp\/v2\/media?parent=3094"}],"wp:term":[{"taxonomy":"category","embeddable":true,"href":"https:\/\/ceas.org.pe\/index.php\/wp-json\/wp\/v2\/categories?post=3094"},{"taxonomy":"post_tag","embeddable":true,"href":"https:\/\/ceas.org.pe\/index.php\/wp-json\/wp\/v2\/tags?post=3094"}],"curies":[{"name":"wp","href":"https:\/\/api.w.org\/{rel}","templated":true}]}}