{"id":3093,"date":"2018-06-28T18:23:35","date_gmt":"2018-06-28T18:23:35","guid":{"rendered":""},"modified":"2026-03-11T09:11:57","modified_gmt":"2026-03-11T14:11:57","slug":"monsenor-pedro-barreto-jimeno-sj-fue-investido-como-nuevo-cardenal-de-la-iglesia-catolica","status":"publish","type":"post","link":"https:\/\/ceas.org.pe\/index.php\/2018\/06\/28\/monsenor-pedro-barreto-jimeno-sj-fue-investido-como-nuevo-cardenal-de-la-iglesia-catolica\/","title":{"rendered":"Monse\u00f1or Pedro Barreto Jimeno, SJ fue investido como nuevo Cardenal de la Iglesia cat\u00f3lica"},"content":{"rendered":"<p class=\"MsoNormal\" style=\"text-align:justify\"><span style=\"font-family:\"Segoe UI\",sans-serif;\nmso-ansi-language:ES-PE\">En el Consistorio P\u00fablico presidido por el Papa Francisco en la Santa Sede (Roma), fue creado como nuevo Cardenal de la Iglesia Cat\u00f3lica, Monse\u00f1or Pedro Barreto Jimeno S.J., Arzobispo Metropolitano de Huancayo (regi\u00f3n Jun\u00edn) y Primer Vicepresidente de la Conferencia Episcopal Peruana.<o:p><\/o:p><\/span><\/p>\n<p class=\"MsoNormal\" style=\"text-align:justify\"><span style=\"font-family:\"Segoe UI\",sans-serif;\nmso-ansi-language:ES-PE\">Junto a 13 prelados de diferentes partes del mundo, Monse\u00f1or Barreto fue investido por el Santo Padre con el birrete y anillo cardenalicio, y se le entreg\u00f3 la bula de creaci\u00f3n de Cardenal, como signos que distinguen la creaci\u00f3n de los purpurados y que los incorpora a la Di\u00f3cesis de Roma. <o:p><\/o:p><\/span><\/p>\n<p class=\"MsoNormal\" style=\"text-align:justify\"><span style=\"font-family:\"Segoe UI\",sans-serif;\nmso-ansi-language:ES-PE\">En se\u00f1al de comuni\u00f3n, colegialidad y aprecio con el nuevo Cardenal Barreto, estuvieron presentes en el Consistorio, Monse\u00f1or Miguel Cabrejos Vidarte, Presidente de la Conferencia Episcopal y Arzobispo de Trujillo; Monse\u00f1or Norberto Strotmann, Secretario General de la Conferencia Episcopal y Obispo de Chosica; Monse\u00f1or Antonio Santarsiero, Presidente del Consejo Econ\u00f3mico de la Conferencia Episcopal y Obispo de Huacho; y Monse\u00f1or Juan Carlos Vera, Obispo Castrense del Per\u00fa. <o:p><\/o:p><\/span><\/p>\n<p class=\"MsoNormal\" style=\"text-align:justify\"><span style=\"font-family:\"Segoe UI\",sans-serif;\nmso-ansi-language:ES-PE\">Ma\u00f1ana jueves 29 de junio, en la Solemnidad de San Pedro y San Pablo, el Papa Francisco celebrar\u00e1 la Santa Misa en la Plaza de San Pedro, acompa\u00f1ado de los nuevos cardenales. <o:p><\/o:p><\/span><\/p>\n<p class=\"MsoNormal\" style=\"text-align:justify\"><span style=\"font-family:\"Segoe UI\",sans-serif;\nmso-ansi-language:ES-PE\">\u00a0<\/span><\/p>\n<p class=\"MsoNormal\" style=\"text-align:justify\"><b><span style=\"font-family:\"Segoe UI\",sans-serif;mso-ansi-language:ES-PE\">ES UN REGALO DEL PAPA FRANCISCO PARA LA IGLESIA PERUANA<o:p><\/o:p><\/span><\/b><\/p>\n<p class=\"MsoNormal\" style=\"text-align:justify\"><span style=\"font-family:\"Segoe UI\",sans-serif;\nmso-ansi-language:ES-PE\">Desde Ciudad del Vaticano, el nuevo cardenal peruano expres\u00f3 sentirse con un gozo muy grande al ver la alegr\u00eda de los peruanos que participaron en la ceremonia. \u201cEs un regalo muy grande del Papa Francisco para la Iglesia en el Per\u00fa\u201d, precis\u00f3 muy emocionado el Cardenal Barreto. \u201cJunto a mis hermanos Obispos de la Conferencia Episcopal queremos trabajar unidos por el bien de la patria, porque el inter\u00e9s de la Iglesia Cat\u00f3lica peruana es \u00fanica y exclusivamente el transmitir la alegr\u00eda del Evangelio, la esperanza de cuidar nuestra casa com\u00fan\u201d, agreg\u00f3 el nuevo Cardenal. <o:p><\/o:p><\/span><\/p>\n<p class=\"MsoNormal\" style=\"text-align:justify\"><span style=\"font-family:\"Segoe UI\",sans-serif;\nmso-ansi-language:ES-PE\">Asimismo, y acompa\u00f1ando al nuevo purpurado, Monse\u00f1or Miguel Cabrejos, Presidente de la Conferencia Episcopal Peruana y Arzobispo de Trujillo, precis\u00f3 que el Per\u00fa entero debe estar muy contento con esta elecci\u00f3n, pues es la primera vez que el pa\u00eds tiene dos cardenales. \u201cEl cardenalato es un servicio hasta derramar la sangre, esa es la esencia de un Cardenal\u201d, enfatiz\u00f3 la autoridad del Episcopado Peruano.<o:p><\/o:p><\/span><\/p>\n<p class=\"MsoNormal\" style=\"text-align:justify\"><span style=\"font-family:\"Segoe UI\",sans-serif;\nmso-ansi-language:ES-PE\">De esta manera, Monse\u00f1or Barreto se convierte en el quinto Cardenal procedente del Per\u00fa, habiendo sido precedido por los Obispos Juan Gualberto Guevara, Juan Land\u00e1zuri Ricketts, Augusto Vargas <o:p><\/o:p><\/span><\/p>\n<p class=\"MsoNormal\" style=\"text-align:justify\"><span style=\"font-family:\"Segoe UI\",sans-serif;\nmso-ansi-language:ES-PE\">Alzamora y Juan Luis Cipriani, todos con el cargo de Arzobispo de Lima. Monse\u00f1or Barreto es el primer Cardenal que procede de una jurisdicci\u00f3n del interior del pa\u00eds. <o:p><\/o:p><\/span><\/p>\n<p class=\"MsoNormal\" style=\"text-align:justify\"><span style=\"font-family:\"Segoe UI\",sans-serif;\nmso-ansi-language:ES-PE\">Actualmente el Colegio Cardenalicio est\u00e1 conformado por 226 miembros, procedentes de 92 pa\u00edses. <o:p><\/o:p><\/span><\/p>\n<p class=\"MsoNormal\" style=\"text-align:justify\"><span style=\"font-family:\"Segoe UI\",sans-serif;\nmso-ansi-language:ES-PE\">\u00a0<\/span><\/p>\n<p class=\"MsoNormal\" style=\"text-align:justify\"><b><span style=\"font-family:\"Segoe UI\",sans-serif;mso-ansi-language:ES-PE\">ESCUDO DEL CARDENALATO DE PEDRO BARRETO SJ<o:p><\/o:p><\/span><\/b><\/p>\n<p class=\"MsoNormal\" style=\"text-align:justify\"><span style=\"font-family:\"Segoe UI\",sans-serif;\nmso-ansi-language:ES-PE\">Como parte de los distintivos de cada Cardenal, se crea un escudo que tiene las bases de la her\u00e1ldica eclesial del Vaticano. En el caso del Cardenal Barreto, su escudo tiene en su interior la frase: \u00abEn todo amar y servir\u00bb, de San Ignacio de Loyola, fundador de la Compa\u00f1\u00eda de Jes\u00fas, a la cual pertenece. <o:p><\/o:p><\/span><\/p>\n<p class=\"MsoNormal\" style=\"text-align:justify\"><span style=\"font-family:\"Segoe UI\",sans-serif;\nmso-ansi-language:ES-PE\">La composici\u00f3n del escudo tambi\u00e9n presenta una ilustraci\u00f3n de la Catedral de la Arquidi\u00f3cesis de Huancayo, junto a una cadena de nevados que representa a la regi\u00f3n de la sierra donde el nuevo Cardenal desempe\u00f1a su labor pastoral, y parte de la flora y fauna que caracterizan a esta regi\u00f3n del centro del pa\u00eds.<o:p><\/o:p><\/span><\/p>\n<p class=\"MsoNormal\" style=\"text-align:justify\">\n<span style=\"font-family:\"Segoe UI\",sans-serif;mso-ansi-language:ES-PE\">Tomado de: Conferencia Episcopal Peruana. 28 de junio de 2018.<\/span><\/p>\n<p>\u00a0<\/p>\n<p><a href=\"http:\/\/web.hilo.org.pe\/wp-content\/uploads\/36281513_2151619098199666_2585831154145820672_n.jpg\" target=\"_blank\" rel=\"noopener\">Ver archivo adjunto<\/a><\/p>\n","protected":false},"excerpt":{"rendered":"<p>En el Consistorio P\u00fablico presidido por el Papa Francisco en la Santa Sede (Roma), fue creado como nuevo Cardenal de la Iglesia Cat\u00f3lica, Monse\u00f1or Pedro Barreto Jimeno S.J., Arzobispo Metropolitano de Huancayo (regi\u00f3n Jun\u00edn) y Primer Vicepresidente de la Conferencia Episcopal Peruana.<\/p>\n","protected":false},"author":1,"featured_media":0,"comment_status":"closed","ping_status":"closed","sticky":false,"template":"","format":"standard","meta":{"footnotes":""},"categories":[9],"tags":[],"class_list":["post-3093","post","type-post","status-publish","format-standard","hentry","category-noticias"],"_links":{"self":[{"href":"https:\/\/ceas.org.pe\/index.php\/wp-json\/wp\/v2\/posts\/3093","targetHints":{"allow":["GET"]}}],"collection":[{"href":"https:\/\/ceas.org.pe\/index.php\/wp-json\/wp\/v2\/posts"}],"about":[{"href":"https:\/\/ceas.org.pe\/index.php\/wp-json\/wp\/v2\/types\/post"}],"author":[{"embeddable":true,"href":"https:\/\/ceas.org.pe\/index.php\/wp-json\/wp\/v2\/users\/1"}],"replies":[{"embeddable":true,"href":"https:\/\/ceas.org.pe\/index.php\/wp-json\/wp\/v2\/comments?post=3093"}],"version-history":[{"count":1,"href":"https:\/\/ceas.org.pe\/index.php\/wp-json\/wp\/v2\/posts\/3093\/revisions"}],"predecessor-version":[{"id":6125,"href":"https:\/\/ceas.org.pe\/index.php\/wp-json\/wp\/v2\/posts\/3093\/revisions\/6125"}],"wp:attachment":[{"href":"https:\/\/ceas.org.pe\/index.php\/wp-json\/wp\/v2\/media?parent=3093"}],"wp:term":[{"taxonomy":"category","embeddable":true,"href":"https:\/\/ceas.org.pe\/index.php\/wp-json\/wp\/v2\/categories?post=3093"},{"taxonomy":"post_tag","embeddable":true,"href":"https:\/\/ceas.org.pe\/index.php\/wp-json\/wp\/v2\/tags?post=3093"}],"curies":[{"name":"wp","href":"https:\/\/api.w.org\/{rel}","templated":true}]}}