{"id":3092,"date":"2018-06-27T16:15:16","date_gmt":"2018-06-27T16:15:16","guid":{"rendered":""},"modified":"2026-03-11T09:11:57","modified_gmt":"2026-03-11T14:11:57","slug":"monsenor-pedro-barreto-sj-sera-creado-cardenal-por-el-papa-francisco","status":"publish","type":"post","link":"https:\/\/ceas.org.pe\/index.php\/2018\/06\/27\/monsenor-pedro-barreto-sj-sera-creado-cardenal-por-el-papa-francisco\/","title":{"rendered":"Monse\u00f1or Pedro Barreto SJ ser\u00e1 creado Cardenal por el Papa Francisco"},"content":{"rendered":"<p class=\"MsoNormal\" style=\"text-align:justify\"><span style=\"font-family:\"Calibri\",sans-serif;\nmso-ascii-theme-font:minor-latin;mso-hansi-theme-font:minor-latin;mso-bidi-theme-font:\nminor-latin;mso-ansi-language:ES-PE\">Ma\u00f1ana, jueves 28 de junio, el Papa Francisco presidir\u00e1 y celebrar\u00e1 el Consistorio p\u00fablico para creaci\u00f3n de los 14 nuevos cardenales en la Santa Sede (Roma), entre los que se encuentra, Monse\u00f1or Pedro Barreto Jimeno, S.J. Arzobispo Metropolitano de Huancayo y Primer Vicepresidente de la Conferencia Episcopal Peruana.<o:p><\/o:p><\/span><\/p>\n<p class=\"MsoNormal\" style=\"text-align:justify\"><span style=\"font-family:\"Calibri\",sans-serif;\nmso-ascii-theme-font:minor-latin;mso-hansi-theme-font:minor-latin;mso-bidi-theme-font:\nminor-latin;mso-ansi-language:ES-PE\">El anuncio de la creaci\u00f3n de los 14 nuevos Cardenales fue realizado por el Santo Padre el 20 de mayo pasado durante el <i>Regina Coeli<\/i> (rezo a la Virgen Mar\u00eda) en ciudad del Vaticano. En esta oportunidad, el Papa dio a conocer cada uno de los nombres de los flamantes prelados, procedentes de diferentes partes del mundo.<o:p><\/o:p><\/span><\/p>\n<p class=\"MsoNormal\" style=\"text-align:justify\"><span style=\"font-family:\"Calibri\",sans-serif;\nmso-ascii-theme-font:minor-latin;mso-hansi-theme-font:minor-latin;mso-bidi-theme-font:\nminor-latin;mso-ansi-language:ES-PE\">El Presidente de la Conferencia Episcopal Peruana, Monse\u00f1or Miguel Cabrejos Vidarte, se encuentra en la Santa Sede para asistir al Consistorio, junto al Secretario General del Episcopado Peruano, Monse\u00f1or Norberto Strotmann, y al Obispo Castrense del Per\u00fa, Monse\u00f1or Juan Carlos Vera Plasencia. El Consistorio se desarrollar\u00e1 en la Bas\u00edlica de San Pedro, a las 4:00 p. m., hora de Roma (9:00 a. m., hora del Per\u00fa). <o:p><\/o:p><\/span><\/p>\n<p class=\"MsoNormal\" style=\"text-align:justify\"><span style=\"font-family:\"Calibri\",sans-serif;\nmso-ascii-theme-font:minor-latin;mso-hansi-theme-font:minor-latin;mso-bidi-theme-font:\nminor-latin;mso-ansi-language:ES-PE\">Entre los obispos que ser\u00e1n designados cardenales se encuentran Monse\u00f1or Luis Ladaria, Prefecto de la Congregaci\u00f3n para la Doctrina de la Fe; <\/span><span lang=\"ES\" style=\"font-family: Calibri, sans-serif; background-image: initial; background-position: initial; background-size: initial; background-repeat: initial; background-attachment: initial; background-origin: initial; background-clip: initial;\">Monse\u00f1or Giovanni Angelo Becciu, sustituto para los asuntos Generales de la Secretar\u00eda de Estado del Vaticano; Monse\u00f1or Sergio Obeso Rivera, Arzobispo Em\u00e9rito de Jalapa (M\u00e9xico); y Monse\u00f1or Toribio Ticona Porco, Prelado em\u00e9rito de Corocoro (Bolivia). <\/span><span style=\"font-family:\n\"Calibri\",sans-serif;mso-ascii-theme-font:minor-latin;mso-hansi-theme-font:\nminor-latin;mso-bidi-theme-font:minor-latin;mso-ansi-language:ES-PE\"><o:p><\/o:p><\/span><\/p>\n<p class=\"MsoNormal\" style=\"text-align:justify\"><span style=\"font-family:\"Calibri\",sans-serif;\nmso-ascii-theme-font:minor-latin;mso-hansi-theme-font:minor-latin;mso-bidi-theme-font:\nminor-latin;mso-ansi-language:ES-PE\">El 29 de junio el Santo Padre Francisco celebrar\u00e1 la Santa Misa por la festividad de San Pedro y San Pablo en la Plaza de San Pedro, acompa\u00f1ado por los 14 nuevos cardenales. <o:p><\/o:p><\/span><\/p>\n<p class=\"MsoNormal\" style=\"text-align:justify\"><b><span style=\"font-family:\"Calibri\",sans-serif;mso-ascii-theme-font:\nminor-latin;mso-hansi-theme-font:minor-latin;mso-bidi-theme-font:minor-latin;\nmso-ansi-language:ES-PE\">La celebraci\u00f3n del Consistorio ser\u00e1 transmitido en vivo y en directo desde el Portal de Noticias de El Vaticano: <\/span><\/b><span lang=\"ES\" style=\"font-family:\"Calibri\",sans-serif;mso-ascii-theme-font:minor-latin;\nmso-hansi-theme-font:minor-latin;mso-bidi-theme-font:minor-latin\"><a href=\"https:\/\/www.youtube.com\/channel\/UCnB5vfb9FMMNTnC6-kAT3fQ\"><b><span lang=\"ES-PE\">https:\/\/www.youtube.com\/channel\/UCnB5vfb9FMMNTnC6-kAT3fQ<\/span><\/b><\/a><\/span><b><span style=\"font-family:\"Calibri\",sans-serif;\nmso-ascii-theme-font:minor-latin;mso-hansi-theme-font:minor-latin;mso-bidi-theme-font:\nminor-latin;mso-ansi-language:ES-PE\"> <o:p><\/o:p><\/span><\/b><\/p>\n<p class=\"MsoNormal\" style=\"text-align:justify\"><span style=\"font-family:\"Calibri\",sans-serif;\nmso-ascii-theme-font:minor-latin;mso-hansi-theme-font:minor-latin;mso-bidi-theme-font:\nminor-latin;mso-ansi-language:ES-PE\">\u00a0<\/span><\/p>\n<p class=\"MsoNormal\" style=\"text-align:justify\"><b><span style=\"font-family:\"Calibri\",sans-serif;mso-ascii-theme-font:\nminor-latin;mso-hansi-theme-font:minor-latin;mso-bidi-theme-font:minor-latin;\nmso-ansi-language:ES-PE\">CONSISTORIO <o:p><\/o:p><\/span><\/b><\/p>\n<p class=\"MsoNormal\" style=\"text-align:justify\"><span style=\"font-family:\"Calibri\",sans-serif;\nmso-ascii-theme-font:minor-latin;mso-hansi-theme-font:minor-latin;mso-bidi-theme-font:\nminor-latin;mso-ansi-language:ES-PE\">Se denomina as\u00ed a la reuni\u00f3n de todos los Cardenales, y en el caso que sea de car\u00e1cter p\u00fablico, como en esta ocasi\u00f3n, pueden asistir otras personas, que no pertenecen al Colegio de Cardenales. Durante el Consistorio, el Pont\u00edfice hace entrega del birrete cardenalicio (sombrero rojo que distingue a los cardenales) a los nuevos cardenales designados.<o:p><\/o:p><\/span><\/p>\n<p class=\"MsoNormal\" style=\"text-align:justify\"><span style=\"font-family:\"Calibri\",sans-serif;\nmso-ascii-theme-font:minor-latin;mso-hansi-theme-font:minor-latin;mso-bidi-theme-font:\nminor-latin;mso-ansi-language:ES-PE\">Es importantes se\u00f1alar que la inclusi\u00f3n de estos 14 cardenales a la Di\u00f3cesis de Roma por el Papa Francisco, expresa la alianza de la Santa Sede con las comunidades cat\u00f3licas en todo el mundo.<o:p><\/o:p><\/span><\/p>\n<p class=\"MsoNormal\" style=\"text-align:justify\"><b><span style=\"font-family:\"Calibri\",sans-serif;mso-ascii-theme-font:\nminor-latin;mso-hansi-theme-font:minor-latin;mso-bidi-theme-font:minor-latin;\nmso-ansi-language:ES-PE\">\u00a0<\/span><\/b><\/p>\n<p class=\"MsoNormal\" style=\"text-align:justify\"><b><span style=\"font-family:\"Calibri\",sans-serif;mso-ascii-theme-font:\nminor-latin;mso-hansi-theme-font:minor-latin;mso-bidi-theme-font:minor-latin;\nmso-ansi-language:ES-PE\">SOBRE EL NUEVO CARDENAL, MONSE\u00d1OR PEDRO BARRETO JIMENO SJ<o:p><\/o:p><\/span><\/b><\/p>\n<p class=\"MsoNormal\" style=\"text-align:justify\"><span style=\"font-family:\"Calibri\",sans-serif;\nmso-ascii-theme-font:minor-latin;mso-hansi-theme-font:minor-latin;mso-bidi-theme-font:\nminor-latin;mso-ansi-language:ES-PE\">Naci\u00f3 el 12 de febrero de 1944 en la ciudad de Lima. Como aspirante a la vida religiosa sigui\u00f3 los cursos secundarios en el Noviciado de los Jesuitas en Lima. Realiz\u00f3 sus estudios filos\u00f3ficos en la Facultad de la Compa\u00f1\u00eda de Jes\u00fas en Alcal\u00e1 de Henares (Espa\u00f1a), y en la Facultad Pontificia y Civil de Lima, los estudios teol\u00f3gicos. Es Educador por el Instituto Pedag\u00f3gico Champagnat de Lima. Su ordenaci\u00f3n como sacerdote la realiz\u00f3 el 18 de diciembre del a\u00f1o 1971 y realiz\u00f3 la profesi\u00f3n perpetua el 3 de octubre de 1976.<o:p><\/o:p><\/span><\/p>\n<p class=\"MsoNormal\" style=\"text-align:justify\"><span style=\"font-family:\"Calibri\",sans-serif;\nmso-ascii-theme-font:minor-latin;mso-hansi-theme-font:minor-latin;mso-bidi-theme-font:\nminor-latin;mso-ansi-language:ES-PE\">Siendo sacerdote ha desempe\u00f1ado los cargos de asistente del maestro de novicios; profesor y director espiritual del Colegio Cristo Rey de Tacna; p\u00e1rroco y superior de la comunidad jesuita de Tacna; responsable de la Pastoral Vocacional de la Provincia; director espiritual del Colegio San Francisco Javier de Lima; superior del noviciado, p\u00e1rroco y superior de la comunidad de Nuestra Se\u00f1ora de los Desamparados en Lima; p\u00e1rroco y superior de la comunidad de Ayacucho; y p\u00e1rroco y superior de la comunidad de Tarma, entre otros. <o:p><\/o:p><\/span><\/p>\n<p class=\"MsoNormal\" style=\"text-align:justify\"><span style=\"font-family:\"Calibri\",sans-serif;\nmso-ascii-theme-font:minor-latin;mso-hansi-theme-font:minor-latin;mso-bidi-theme-font:\nminor-latin;mso-ansi-language:ES-PE\">Fue elegido Vicario Apost\u00f3lico de Ja\u00e9n y Obispo titular de Acufida, el 9 noviembre del a\u00f1o de 2001 y durante enero de 2002 recibi\u00f3 la ordenaci\u00f3n episcopal. El 17 de julio de 2004 fue nombrado Arzobispo Metropolitano de Huancayo, cargo que ejerce hasta la actualidad. <o:p><\/o:p><\/span><\/p>\n<p class=\"MsoNormal\" style=\"text-align:justify\"><i><span style=\"font-family:\"Calibri\",sans-serif;mso-ascii-theme-font:minor-latin;\nmso-hansi-theme-font:minor-latin;mso-bidi-theme-font:minor-latin;mso-ansi-language:\nES-PE\">Conferencia Episcopal Peruana<br \/>\n27 de junio de 2018<o:p><\/o:p><\/span><\/i><\/p>\n<p><span style=\"font-family: \"Segoe UI\", sans-serif; text-align: justify;\">\u00a0<\/span>\u00a0<\/p>\n<p><a href=\"http:\/\/web.hilo.org.pe\/wp-content\/uploads\/Monse\u00c3\u00b1or Pedro Barreto2web.jpg\" target=\"_blank\" rel=\"noopener\">Ver archivo adjunto<\/a><\/p>\n","protected":false},"excerpt":{"rendered":"<p>Designaci\u00f3n de un nuevo Cardenal para el pa\u00eds es hecho hist\u00f3rico para la Iglesia Cat\u00f3lica Peruana.<br \/>\nAutoridades de la Conferencia Episcopal Peruana se encuentra en Roma para participar en esta importante ceremonia.<\/p>\n","protected":false},"author":1,"featured_media":7855,"comment_status":"closed","ping_status":"closed","sticky":false,"template":"","format":"standard","meta":{"footnotes":""},"categories":[9],"tags":[],"class_list":["post-3092","post","type-post","status-publish","format-standard","has-post-thumbnail","hentry","category-noticias"],"_links":{"self":[{"href":"https:\/\/ceas.org.pe\/index.php\/wp-json\/wp\/v2\/posts\/3092","targetHints":{"allow":["GET"]}}],"collection":[{"href":"https:\/\/ceas.org.pe\/index.php\/wp-json\/wp\/v2\/posts"}],"about":[{"href":"https:\/\/ceas.org.pe\/index.php\/wp-json\/wp\/v2\/types\/post"}],"author":[{"embeddable":true,"href":"https:\/\/ceas.org.pe\/index.php\/wp-json\/wp\/v2\/users\/1"}],"replies":[{"embeddable":true,"href":"https:\/\/ceas.org.pe\/index.php\/wp-json\/wp\/v2\/comments?post=3092"}],"version-history":[{"count":1,"href":"https:\/\/ceas.org.pe\/index.php\/wp-json\/wp\/v2\/posts\/3092\/revisions"}],"predecessor-version":[{"id":6126,"href":"https:\/\/ceas.org.pe\/index.php\/wp-json\/wp\/v2\/posts\/3092\/revisions\/6126"}],"wp:featuredmedia":[{"embeddable":true,"href":"https:\/\/ceas.org.pe\/index.php\/wp-json\/wp\/v2\/media\/7855"}],"wp:attachment":[{"href":"https:\/\/ceas.org.pe\/index.php\/wp-json\/wp\/v2\/media?parent=3092"}],"wp:term":[{"taxonomy":"category","embeddable":true,"href":"https:\/\/ceas.org.pe\/index.php\/wp-json\/wp\/v2\/categories?post=3092"},{"taxonomy":"post_tag","embeddable":true,"href":"https:\/\/ceas.org.pe\/index.php\/wp-json\/wp\/v2\/tags?post=3092"}],"curies":[{"name":"wp","href":"https:\/\/api.w.org\/{rel}","templated":true}]}}