{"id":3091,"date":"2018-06-26T19:25:21","date_gmt":"2018-06-26T19:25:21","guid":{"rendered":""},"modified":"2026-03-11T09:11:57","modified_gmt":"2026-03-11T14:11:57","slug":"foro-sobre-la-problematica-ambiental-del-rio-rimac-en-el-congreso-de-la-republica","status":"publish","type":"post","link":"https:\/\/ceas.org.pe\/index.php\/2018\/06\/26\/foro-sobre-la-problematica-ambiental-del-rio-rimac-en-el-congreso-de-la-republica\/","title":{"rendered":"Foro sobre la problem\u00e1tica ambiental del r\u00edo R\u00edmac en el Congreso de la Rep\u00fablica"},"content":{"rendered":"<p class=\"MsoNormal\" style=\"margin-bottom: 7.5pt; text-align: justify; line-height: 115%; background-image: initial; background-position: initial; background-size: initial; background-repeat: initial; background-attachment: initial; background-origin: initial; background-clip: initial;\"><span style=\"font-family: Calibri, sans-serif;\">Se realiz\u00f3 el Foro \u201cR\u00edmac en peligro\u201d, sobre la problem\u00e1tica de la cuenca alta del r\u00edo R\u00edmac este lunes 25 de junio en el auditorio Alberto Andrade del Congreso de Rep\u00fablica. En este evento co-organizado con la congresista Marisa Glave y la Plataforma por la Defensa y Promoci\u00f3n del Medio Ambiente de la cuenca alta del r\u00edo R\u00edmac participaron especialistas del: Ministerio de Energ\u00eda y Minas, Ministerio de Ambiente, Organismo de Evaluaci\u00f3n y Fiscalizaci\u00f3n Ambiental \u2013 OEFA, Autoridad Nacional del Agua \u2013 ANA y de SEDAPAL, as\u00ed como el Gobierno Regional de Lima y la Municipalidad Distrital de San Mateo.<o:p><\/o:p><\/span><\/p>\n<p class=\"MsoNormal\" style=\"margin-bottom: 7.5pt; text-align: justify; line-height: 115%; background-image: initial; background-position: initial; background-size: initial; background-repeat: initial; background-attachment: initial; background-origin: initial; background-clip: initial;\"><span style=\"font-family: Calibri, sans-serif;\">La contaminaci\u00f3n del r\u00edo R\u00edmac con metales t\u00f3xicos se hizo visible cuando se dio a conocer el riesgo que representaba el desmonte minero de Tamboraque, ubicado en la cuenca alta del r\u00edo R\u00edmac, San Mateo. El riesgo de su desplome contin\u00faa. Como menciona, Severo Javier Hurtado de la Comunidad Campesina San Antonio, quien pertenece a la Plataforma Ambiental de la cuenca alta del r\u00edo R\u00edmac, existen otros sitios con desechos t\u00f3xicos y con pasivos no remediados en la zona que son tan peligrosos como Tamboraque.<o:p><\/o:p><\/span><\/p>\n<p class=\"MsoNormal\" style=\"text-align:justify;line-height:115%\"><span style=\"font-family: Calibri, sans-serif;\">Para conversar sobre esta situaci\u00f3n de emergencia ambiental del r\u00edo R\u00edmac y los planteamientos pol\u00edticos en torno a la remediaci\u00f3n de los pasivos, se dieron cita en este foro diversas organizaciones de sociedad civil y <\/span><span style=\"font-family: Calibri, sans-serif;\">dirigentes de las comunidades campesinas de San Antonio y San Mateo de Hu\u00e1nchor, que d\u00eda a d\u00eda conviven con los m\u00e1s de 170 pasivos ambientales que tienen en su territorio.<o:p><\/o:p><\/span><\/p>\n<p class=\"MsoNormal\" style=\"text-align:justify;line-height:115%\"><span style=\"font-family: Calibri, sans-serif;\">Se tuvo la presentaci\u00f3n de la problem\u00e1tica de contaminaci\u00f3n del ambiente y en la salud de las comunidades campesinas y poblaciones locales de los distritos de San Mateo y Chicla a cargo del se\u00f1or Genaro Aguilar y de la Ing. Paula Meza de CEAS, seguidamente se hicieron preguntas sobre la emergencia ambiental por los pasivos mineros y la contaminaci\u00f3n del r\u00edo R\u00edmac. <o:p><\/o:p><\/span><\/p>\n<p class=\"MsoNormal\" style=\"text-align:justify;line-height:115%\"><span style=\"font-family: Calibri, sans-serif;\">Finalmente la Congresista Marisa Glave present\u00f3 una propuesta de Ley que fortalece el marco legal para la remediaci\u00f3n de pasivos ambientales en una actividad minera.<o:p><\/o:p><\/span><\/p>\n<p class=\"MsoNormal\" style=\"text-align:justify;line-height:115%\"><span style=\"font-family: Calibri, sans-serif;\">CEAS. 26 de junio de 2018.<\/span><\/p>\n<p>\u00a0<\/p>\n<p><a href=\"http:\/\/web.hilo.org.pe\/wp-content\/uploads\/IMG_5415 wbe.jpg\" target=\"_blank\" rel=\"noopener\">Ver archivo adjunto<\/a><\/p>\n","protected":false},"excerpt":{"rendered":"<p>Se realiz\u00f3 el Foro \u201cR\u00edmac en peligro\u201d, sobre la problem\u00e1tica de la cuenca alta del r\u00edo R\u00edmac este lunes 25 de junio en el auditorio Alberto Andrade del Congreso de Rep\u00fablica. En este evento co-organizado con la congresista Marisa Glave y la Plataforma por la Defensa y Promoci\u00f3n del Medio Ambiente de la cuenca alta del r\u00edo R\u00edmac participaron especialistas del: Ministerio de Energ\u00eda y Minas, Ministerio de Ambiente, Organismo de Evaluaci\u00f3n y Fiscalizaci\u00f3n Ambiental \u2013 OEFA, Autoridad Nacional del Agua \u2013 ANA y de SEDAPAL, as\u00ed como el Gobierno Regional de Lima y la Municipalidad Distrital de San Mateo.<\/p>\n","protected":false},"author":1,"featured_media":7915,"comment_status":"closed","ping_status":"closed","sticky":false,"template":"","format":"standard","meta":{"footnotes":""},"categories":[9],"tags":[],"class_list":["post-3091","post","type-post","status-publish","format-standard","has-post-thumbnail","hentry","category-noticias"],"_links":{"self":[{"href":"https:\/\/ceas.org.pe\/index.php\/wp-json\/wp\/v2\/posts\/3091","targetHints":{"allow":["GET"]}}],"collection":[{"href":"https:\/\/ceas.org.pe\/index.php\/wp-json\/wp\/v2\/posts"}],"about":[{"href":"https:\/\/ceas.org.pe\/index.php\/wp-json\/wp\/v2\/types\/post"}],"author":[{"embeddable":true,"href":"https:\/\/ceas.org.pe\/index.php\/wp-json\/wp\/v2\/users\/1"}],"replies":[{"embeddable":true,"href":"https:\/\/ceas.org.pe\/index.php\/wp-json\/wp\/v2\/comments?post=3091"}],"version-history":[{"count":1,"href":"https:\/\/ceas.org.pe\/index.php\/wp-json\/wp\/v2\/posts\/3091\/revisions"}],"predecessor-version":[{"id":6127,"href":"https:\/\/ceas.org.pe\/index.php\/wp-json\/wp\/v2\/posts\/3091\/revisions\/6127"}],"wp:featuredmedia":[{"embeddable":true,"href":"https:\/\/ceas.org.pe\/index.php\/wp-json\/wp\/v2\/media\/7915"}],"wp:attachment":[{"href":"https:\/\/ceas.org.pe\/index.php\/wp-json\/wp\/v2\/media?parent=3091"}],"wp:term":[{"taxonomy":"category","embeddable":true,"href":"https:\/\/ceas.org.pe\/index.php\/wp-json\/wp\/v2\/categories?post=3091"},{"taxonomy":"post_tag","embeddable":true,"href":"https:\/\/ceas.org.pe\/index.php\/wp-json\/wp\/v2\/tags?post=3091"}],"curies":[{"name":"wp","href":"https:\/\/api.w.org\/{rel}","templated":true}]}}