{"id":3090,"date":"2018-06-24T16:03:31","date_gmt":"2018-06-24T16:03:31","guid":{"rendered":""},"modified":"2026-03-11T09:11:57","modified_gmt":"2026-03-11T14:11:57","slug":"conferencia-episcopal-peruana-apertura-centro-de-informacion-y-orientacion-al-migrante-venezolano","status":"publish","type":"post","link":"https:\/\/ceas.org.pe\/index.php\/2018\/06\/24\/conferencia-episcopal-peruana-apertura-centro-de-informacion-y-orientacion-al-migrante-venezolano\/","title":{"rendered":"Conferencia Episcopal Peruana apertura Centro de Informaci\u00f3n y Orientaci\u00f3n al Migrante Venezolano"},"content":{"rendered":"<p class=\"MsoNormal\" style=\"margin-bottom: 0.0001pt; text-align: justify; line-height: normal; background-image: initial; background-position: initial; background-size: initial; background-repeat: initial; background-attachment: initial; background-origin: initial; background-clip: initial;\"><span style=\"mso-fareast-font-family:\n\"Times New Roman\";mso-bidi-font-family:Calibri;mso-bidi-theme-font:minor-latin;\ncolor:#222222;mso-fareast-language:ES-PE\">El presidente de la Conferencia Episcopal Peruana, Monse\u00f1or Miguel Cabrejos Vidarte, junto al Embajador, C\u00e9sar Enrique Bustamante Llosa, Director de Comunidades Peruanas en el Exterior y Asuntos Consulares, brind\u00f3 los detalles de la apertura y funcionamiento del Centro de Informaci\u00f3n y Orientaci\u00f3n al Migrante Venezolano, que funcionar\u00e1 a partir del 2 de julio en la sede del Episcopado Peruano.<o:p><\/o:p><\/span><\/p>\n<p class=\"MsoNormal\" style=\"margin-bottom: 0.0001pt; text-align: justify; line-height: normal; background-image: initial; background-position: initial; background-size: initial; background-repeat: initial; background-attachment: initial; background-origin: initial; background-clip: initial;\"><span style=\"mso-fareast-font-family:\n\"Times New Roman\";mso-bidi-font-family:Calibri;mso-bidi-theme-font:minor-latin;\ncolor:#222222;mso-fareast-language:ES-PE\">En conferencia de prensa, Monse\u00f1or Cabrejos inform\u00f3 sobre el inicio y los servicios que se ofrecer\u00e1n en este recinto de ayuda de la problem\u00e1tica de los ciudadanos venezolanos. Indic\u00f3 que un profesional de trabajo social y otro en asesor\u00eda legal orientar\u00e1n a los migrantes venezolanos sobre sus derechos y los procedimientos para su estad\u00eda en el Per\u00fa. Esta asesor\u00eda se realizar\u00e1 en coordinaci\u00f3n con las instituciones p\u00fablicas encargadas de su condici\u00f3n migratoria.<\/span><span style=\"font-size:\n9.5pt;mso-fareast-font-family:\"Times New Roman\";mso-bidi-font-family:Calibri;\nmso-bidi-theme-font:minor-latin;color:#222222;mso-fareast-language:ES-PE\"><o:p><\/o:p><\/span><\/p>\n<p class=\"MsoNormal\" style=\"margin-bottom: 0.0001pt; text-align: justify; line-height: normal; background-image: initial; background-position: initial; background-size: initial; background-repeat: initial; background-attachment: initial; background-origin: initial; background-clip: initial;\"><span style=\"mso-fareast-font-family:\n\"Times New Roman\";mso-bidi-font-family:Calibri;mso-bidi-theme-font:minor-latin;\ncolor:#222222;mso-fareast-language:ES-PE\">\u201cLa Conferencia Episcopal quiere as\u00ed sumar esfuerzos para encontrar caminos de soluci\u00f3n que permitan mejorar las condiciones de vida de estos hermanos migrantes y su desarrollo humano integral, en aras de socorrerlos frente al desplazamiento que sufren por la grave crisis econ\u00f3mica, pol\u00edtica y social en su pa\u00eds \u201c,\u00a0expres\u00f3 Monse\u00f1or Miguel Cabrejos.<\/span><span style=\"font-size:9.5pt;mso-fareast-font-family:\n\"Times New Roman\";mso-bidi-font-family:Calibri;mso-bidi-theme-font:minor-latin;\ncolor:#222222;mso-fareast-language:ES-PE\"><o:p><\/o:p><\/span><\/p>\n<p class=\"MsoNormal\" style=\"margin-bottom: 0.0001pt; text-align: justify; line-height: normal; background-image: initial; background-position: initial; background-size: initial; background-repeat: initial; background-attachment: initial; background-origin: initial; background-clip: initial;\"><b><span style=\"mso-fareast-font-family:\n\"Times New Roman\";mso-bidi-font-family:Calibri;mso-bidi-theme-font:minor-latin;\ncolor:#222222;mso-fareast-language:ES-PE\">\u00a0<\/span><\/b><\/p>\n<p class=\"MsoNormal\" style=\"margin-bottom: 0.0001pt; text-align: justify; line-height: normal; background-image: initial; background-position: initial; background-size: initial; background-repeat: initial; background-attachment: initial; background-origin: initial; background-clip: initial;\"><b><span style=\"mso-fareast-font-family:\n\"Times New Roman\";mso-bidi-font-family:Calibri;mso-bidi-theme-font:minor-latin;\ncolor:#222222;mso-fareast-language:ES-PE\">INMIGRACI\u00d3N VENEZOLANA: CIFRAS IMPORTANTES<\/span><\/b><span style=\"font-size:9.5pt;mso-fareast-font-family:\n\"Times New Roman\";mso-bidi-font-family:Calibri;mso-bidi-theme-font:minor-latin;\ncolor:#222222;mso-fareast-language:ES-PE\"><o:p><\/o:p><\/span><\/p>\n<p class=\"MsoNormal\" style=\"margin-bottom: 0.0001pt; text-align: justify; line-height: normal; background-image: initial; background-position: initial; background-size: initial; background-repeat: initial; background-attachment: initial; background-origin: initial; background-clip: initial;\"><span style=\"mso-fareast-font-family:\n\"Times New Roman\";mso-bidi-font-family:Calibri;mso-bidi-theme-font:minor-latin;\ncolor:#222222;mso-fareast-language:ES-PE\">Es importante indicar que los venezolanos afincados en el Per\u00fa ya suman en la actualidad 350 mil, y se estima que pr\u00f3ximamente esta cifra llegar\u00eda a medio mill\u00f3n de personas, de acuerdo con datos de la Canciller\u00eda Peruana.<\/span><span style=\"font-size:9.5pt;mso-fareast-font-family:\n\"Times New Roman\";mso-bidi-font-family:Calibri;mso-bidi-theme-font:minor-latin;\ncolor:#222222;mso-fareast-language:ES-PE\"><o:p><\/o:p><\/span><\/p>\n<p class=\"MsoNormal\" style=\"margin-bottom: 0.0001pt; text-align: justify; line-height: normal; background-image: initial; background-position: initial; background-size: initial; background-repeat: initial; background-attachment: initial; background-origin: initial; background-clip: initial;\"><span style=\"mso-fareast-font-family:\n\"Times New Roman\";mso-bidi-font-family:Calibri;mso-bidi-theme-font:minor-latin;\ncolor:#222222;mso-fareast-language:ES-PE\">\u00a0<\/span><span style=\"font-size:\n9.5pt;mso-fareast-font-family:\"Times New Roman\";mso-bidi-font-family:Calibri;\nmso-bidi-theme-font:minor-latin;color:#222222;mso-fareast-language:ES-PE\"><o:p><\/o:p><\/span><\/p>\n<p class=\"MsoNormal\" style=\"margin-bottom: 0.0001pt; text-align: justify; line-height: normal; background-image: initial; background-position: initial; background-size: initial; background-repeat: initial; background-attachment: initial; background-origin: initial; background-clip: initial;\"><b><span style=\"mso-fareast-font-family:\n\"Times New Roman\";mso-bidi-font-family:Calibri;mso-bidi-theme-font:minor-latin;\ncolor:#222222;mso-fareast-language:ES-PE\">ACCIONES DE LA IGLESIA CAT\u00d3LICA PERUANA PARA LOS INMIGRANTES VENEZOLANOS<\/span><\/b><span style=\"font-size:9.5pt;\nmso-fareast-font-family:\"Times New Roman\";mso-bidi-font-family:Calibri;\nmso-bidi-theme-font:minor-latin;color:#222222;mso-fareast-language:ES-PE\"><o:p><\/o:p><\/span><\/p>\n<p class=\"MsoNormal\" style=\"margin-bottom: 0.0001pt; text-align: justify; line-height: normal; background-image: initial; background-position: initial; background-size: initial; background-repeat: initial; background-attachment: initial; background-origin: initial; background-clip: initial;\"><span style=\"mso-fareast-font-family:\n\"Times New Roman\";mso-bidi-font-family:Calibri;mso-bidi-theme-font:minor-latin;\ncolor:#222222;mso-fareast-language:ES-PE\">Asimismo, Monse\u00f1or Miguel Cabrejos precis\u00f3 que el nuevo centro de ayuda est\u00e1 articulado a la Casa de Migrante que entrar\u00e1 en funcionamiento en el mes de agosto pr\u00f3ximo, y que ser\u00e1 conducida por la Congregaci\u00f3n de los Padres Scalabrinianos.<\/span><span style=\"font-size:\n9.5pt;mso-fareast-font-family:\"Times New Roman\";mso-bidi-font-family:Calibri;\nmso-bidi-theme-font:minor-latin;color:#222222;mso-fareast-language:ES-PE\"><o:p><\/o:p><\/span><\/p>\n<p class=\"MsoNormal\" style=\"margin-bottom: 0.0001pt; text-align: justify; line-height: normal; background-image: initial; background-position: initial; background-size: initial; background-repeat: initial; background-attachment: initial; background-origin: initial; background-clip: initial;\"><span style=\"mso-fareast-font-family:\n\"Times New Roman\";mso-bidi-font-family:Calibri;mso-bidi-theme-font:minor-latin;\ncolor:#222222;mso-fareast-language:ES-PE\">De igual manera, en la ciudad de Tacna, ya viene funcionando la Casa del Migrante, gracias a un acuerdo entre la Di\u00f3cesis de Tacna y Moquegua y el Departamento de Movilidad Humana de la Conferencia Episcopal, que atiende a un promedio de 40 personas en situaci\u00f3n de vulnerabilidad social, entre ellos a nacionales venezolanos.<\/span><span style=\"font-size:9.5pt;mso-fareast-font-family:\"Times New Roman\";mso-bidi-font-family:\nCalibri;mso-bidi-theme-font:minor-latin;color:#222222;mso-fareast-language:\nES-PE\"><o:p><\/o:p><\/span><\/p>\n<p class=\"MsoNormal\" style=\"margin-bottom: 0.0001pt; text-align: justify; line-height: normal; background-image: initial; background-position: initial; background-size: initial; background-repeat: initial; background-attachment: initial; background-origin: initial; background-clip: initial;\"><span style=\"mso-fareast-font-family:\n\"Times New Roman\";mso-bidi-font-family:Calibri;mso-bidi-theme-font:minor-latin;\ncolor:#222222;mso-fareast-language:ES-PE\">A estas acciones tambi\u00e9n se suma tambi\u00e9n la instituci\u00f3n Encuentros, Servicio Jesuita de la Solidaridad, perteneciente a la Compa\u00f1\u00eda de Jes\u00fas, que atiende en su casa de Bre\u00f1a, Lima, a una cantidad importante de venezolanos.<o:p><\/o:p><\/span><\/p>\n<p class=\"MsoNormal\" style=\"margin-bottom: 0.0001pt; text-align: justify; line-height: normal; background-image: initial; background-position: initial; background-size: initial; background-repeat: initial; background-attachment: initial; background-origin: initial; background-clip: initial;\"><span style=\"mso-fareast-font-family:\n\"Times New Roman\";mso-bidi-font-family:Calibri;mso-bidi-theme-font:minor-latin;\ncolor:#222222;mso-fareast-language:ES-PE\">En San Juan de Lurigancho, Di\u00f3cesis de Chosica, ya se viene implementando acciones en colaboraci\u00f3n de Congregaciones religiosas, una de ellas es llevada por las Hermanas de los Santos Nombres de Jes\u00fas y de Mar\u00eda y los Hermanos Cristianos y que consiste en la alimentaci\u00f3n a 50 personas venezolanas para el almuerzo diario.<\/span><span style=\"font-size:9.5pt;mso-fareast-font-family:\"Times New Roman\";mso-bidi-font-family:\nCalibri;mso-bidi-theme-font:minor-latin;color:#222222;mso-fareast-language:\nES-PE\"><o:p><\/o:p><\/span><\/p>\n<p class=\"MsoNormal\" style=\"margin-bottom: 0.0001pt; text-align: justify; line-height: normal; background-image: initial; background-position: initial; background-size: initial; background-repeat: initial; background-attachment: initial; background-origin: initial; background-clip: initial;\"><span style=\"mso-fareast-font-family:\n\"Times New Roman\";mso-bidi-font-family:Calibri;mso-bidi-theme-font:minor-latin;\ncolor:#222222;mso-fareast-language:ES-PE\">De otro lado, la Di\u00f3cesis de Lur\u00edn ha implementado una oficina para atender a migrantes venezolanos, la cual es atendida por un sacerdote venezolano, entre otras iniciativas por parte de la Iglesia Cat\u00f3lica para ayudar a los venezolanos que vienen llegando a nuestro pa\u00eds.<\/span><span style=\"font-size:9.5pt;mso-fareast-font-family:\"Times New Roman\";\nmso-bidi-font-family:Calibri;mso-bidi-theme-font:minor-latin;color:#222222;\nmso-fareast-language:ES-PE\"><o:p><\/o:p><\/span><\/p>\n<p class=\"MsoNormal\" style=\"margin-bottom: 0.0001pt; text-align: justify; line-height: normal; background-image: initial; background-position: initial; background-size: initial; background-repeat: initial; background-attachment: initial; background-origin: initial; background-clip: initial;\"><i><span style=\"mso-fareast-font-family:\"Times New Roman\";mso-bidi-font-family:Calibri;\nmso-bidi-theme-font:minor-latin;color:#222222;mso-fareast-language:ES-PE\">Oficina de prensa.<br \/>\nConferencia Episcopal Peruana<o:p><\/o:p><\/span><\/i><\/p>\n<p><i><span style=\"mso-fareast-font-family:\"Times New Roman\";mso-bidi-font-family:Calibri;\nmso-bidi-theme-font:minor-latin;color:#222222;mso-fareast-language:ES-PE\">22 de junio de 2018.<\/span><\/i>\u00a0<\/p>\n<p><a href=\"http:\/\/web.hilo.org.pe\/wp-content\/uploads\/IMG_5350 web.jpg\" target=\"_blank\" rel=\"noopener\">Ver archivo adjunto<\/a><\/p>\n","protected":false},"excerpt":{"rendered":"<p>El presidente de la Conferencia Episcopal Peruana, Monse\u00f1or Miguel Cabrejos Vidarte, junto al Embajador, C\u00e9sar Enrique Bustamante Llosa, Director de Comunidades Peruanas en el Exterior y Asuntos Consulares, brind\u00f3 los detalles de la apertura y funcionamiento del Centro de Informaci\u00f3n y Orientaci\u00f3n al Migrante Venezolano, que funcionar\u00e1 a partir del 2 de julio en la sede del Episcopado Peruano.<\/p>\n","protected":false},"author":1,"featured_media":5502,"comment_status":"closed","ping_status":"closed","sticky":false,"template":"","format":"standard","meta":{"footnotes":""},"categories":[9],"tags":[],"class_list":["post-3090","post","type-post","status-publish","format-standard","has-post-thumbnail","hentry","category-noticias"],"_links":{"self":[{"href":"https:\/\/ceas.org.pe\/index.php\/wp-json\/wp\/v2\/posts\/3090","targetHints":{"allow":["GET"]}}],"collection":[{"href":"https:\/\/ceas.org.pe\/index.php\/wp-json\/wp\/v2\/posts"}],"about":[{"href":"https:\/\/ceas.org.pe\/index.php\/wp-json\/wp\/v2\/types\/post"}],"author":[{"embeddable":true,"href":"https:\/\/ceas.org.pe\/index.php\/wp-json\/wp\/v2\/users\/1"}],"replies":[{"embeddable":true,"href":"https:\/\/ceas.org.pe\/index.php\/wp-json\/wp\/v2\/comments?post=3090"}],"version-history":[{"count":1,"href":"https:\/\/ceas.org.pe\/index.php\/wp-json\/wp\/v2\/posts\/3090\/revisions"}],"predecessor-version":[{"id":6128,"href":"https:\/\/ceas.org.pe\/index.php\/wp-json\/wp\/v2\/posts\/3090\/revisions\/6128"}],"wp:featuredmedia":[{"embeddable":true,"href":"https:\/\/ceas.org.pe\/index.php\/wp-json\/wp\/v2\/media\/5502"}],"wp:attachment":[{"href":"https:\/\/ceas.org.pe\/index.php\/wp-json\/wp\/v2\/media?parent=3090"}],"wp:term":[{"taxonomy":"category","embeddable":true,"href":"https:\/\/ceas.org.pe\/index.php\/wp-json\/wp\/v2\/categories?post=3090"},{"taxonomy":"post_tag","embeddable":true,"href":"https:\/\/ceas.org.pe\/index.php\/wp-json\/wp\/v2\/tags?post=3090"}],"curies":[{"name":"wp","href":"https:\/\/api.w.org\/{rel}","templated":true}]}}