{"id":3089,"date":"2018-06-20T18:20:32","date_gmt":"2018-06-20T18:20:32","guid":{"rendered":""},"modified":"2026-03-11T09:11:57","modified_gmt":"2026-03-11T14:11:57","slug":"el-rostro-de-los-migrantes-y-de-los-ninos-es-el-rostro-de-jesus","status":"publish","type":"post","link":"https:\/\/ceas.org.pe\/index.php\/2018\/06\/20\/el-rostro-de-los-migrantes-y-de-los-ninos-es-el-rostro-de-jesus\/","title":{"rendered":"El rostro de los migrantes y de los ni\u00f1os es el rostro de Jes\u00fas"},"content":{"rendered":"<p class=\"MsoNormal\" style=\"text-align:justify\"><span lang=\"ES\" style=\"font-family:\n\"Calibri\",sans-serif;mso-ascii-theme-font:minor-latin;mso-hansi-theme-font:\nminor-latin;mso-bidi-theme-font:minor-latin\">La Presidencia de la Conferencia Episcopal Peruana saluda al Gobierno Norteamericano por haber firmado hoy una orden ejecutiva para detener la separaci\u00f3n de los ni\u00f1os inmigrantes de sus padres, cuando estos son detenidos en la frontera sur de Estados Unidos, luego de haber escuchado diversas manifestaciones a nivel mundial que ped\u00edan terminar con estas medidas alarmantes e inaceptables que atentaban contra la seguridad, cuidado y dignidad de los menores.\u00a0 <o:p><\/o:p><\/span><\/p>\n<p class=\"MsoNormal\" style=\"text-align:justify\"><span lang=\"ES\" style=\"font-family:\n\"Calibri\",sans-serif;mso-ascii-theme-font:minor-latin;mso-hansi-theme-font:\nminor-latin;mso-bidi-theme-font:minor-latin\">Nuestra regi\u00f3n latinoamericana y caribe\u00f1a, y espec\u00edficamente el Per\u00fa, no es ajena a la situaci\u00f3n de la inmigraci\u00f3n extranjera. Miles de nacionales venezolanos ingresan por nuestras fronteras, huyendo de la dif\u00edcil realidad pol\u00edtica y econ\u00f3mica que atraviesa su pa\u00eds. Nosotros, y nuestros pa\u00edses vecinos, los hemos acogido para ayudarlos a superar, en la medida de nuestras posibilidades, sus problemas. Por ese motivo, lo ocurrido en la frontera de los Estados Unidos nos llama la atenci\u00f3n y nos hace elevar la voz contra cualquier atentado a los derechos humanos y la dignidad humana, especialmente de los seres m\u00e1s indefensos, los ni\u00f1os. <o:p><\/o:p><\/span><\/p>\n<p class=\"MsoNormal\" style=\"text-align:justify\"><span style=\"font-size:11.0pt;font-family:\"Calibri\",sans-serif;mso-ascii-theme-font:\nminor-latin;mso-hansi-theme-font:minor-latin;mso-bidi-theme-font:minor-latin;\nmso-ansi-language:ES-PE\">En esta l\u00ednea, queremos recordar las palabras expresadas por el Papa Francisco, precisamente, en su visita a los Estados Unidos: <i>\u201cconstruir una naci\u00f3n nos lleva a pensarnos siempre en relaci\u00f3n con otros, saliendo de la l\u00f3gica de enemigo para pasar a la l\u00f3gica de la rec\u00edproca subsidiaridad, dando lo mejor de nosotros<\/i>\u201d. Ante la crisis de los inmigrantes y los refugiados busquemos \u201c<i>una respuesta que siempre ser\u00e1 humana, justa y fraterna. Cuid\u00e9monos de una tentaci\u00f3n contempor\u00e1nea: descartar todo lo que moleste. Recordemos la regla de oro de Jes\u00fas:<\/i> \u00abHagan ustedes con los dem\u00e1s como quieran que los dem\u00e1s hagan con ustedes\u00bb (Mt 7,12)\u201d.\u00a0 <o:p><\/o:p><\/span><\/p>\n<p class=\"MsoNormal\" style=\"text-align:justify\"><span lang=\"ES\" style=\"font-family:\n\"Calibri\",sans-serif;mso-ascii-theme-font:minor-latin;mso-hansi-theme-font:\nminor-latin;mso-bidi-theme-font:minor-latin\">Lo dicho por el Papa Francisco debe seguir iluminando a los l\u00edderes mundiales con el fin que cualquier acci\u00f3n hacia los inmigrantes sea emprendida con humanidad, paz y comprensi\u00f3n. \u201c<i>Tratemos a los dem\u00e1s con la misma pasi\u00f3n y compasi\u00f3n con la que queremos ser tratados. Busquemos para los dem\u00e1s las mismas posibilidades que deseamos para nosotros. Acompa\u00f1emos el crecimiento de los otros como queremos ser acompa\u00f1ados. En definitiva: queremos seguridad, demos seguridad; queremos vida, demos vida; queremos oportunidades, brindemos oportunidades. El par\u00e1metro que usemos para los dem\u00e1s ser\u00e1 el par\u00e1metro que el tiempo usar\u00e1 con nosotros<\/i>\u201d. (Cfr. Papa Francisco, <span style=\"background-image: initial; background-position: initial; background-size: initial; background-repeat: initial; background-attachment: initial; background-origin: initial; background-clip: initial;\">Congreso de los Estados Unidos de Am\u00e9rica)<\/span><o:p><\/o:p><\/span><\/p>\n<p class=\"MsoNormal\" style=\"text-align:justify\"><span lang=\"ES\" style=\"font-family:\n\"Calibri\",sans-serif;mso-ascii-theme-font:minor-latin;mso-hansi-theme-font:\nminor-latin;mso-bidi-theme-font:minor-latin\">Elevemos nuestras oraciones, para que este panorama tome un nuevo rumbo que permita alcanzar una sana convivencia entre ciudadanos que habitamos una misma casa com\u00fan, y que miremos siempre al desvalido, al desprotegido, al migrante, como si estuvi\u00e9ramos mirando el mismo rostro de Jes\u00fas. El llanto del ni\u00f1o es la voz de Dios. <o:p><\/o:p><\/span><\/p>\n<p class=\"MsoNormal\"><span lang=\"ES\" style=\"font-family:\"Calibri\",sans-serif;\nmso-ascii-theme-font:minor-latin;mso-hansi-theme-font:minor-latin;mso-bidi-theme-font:\nminor-latin\">Lima, 20 de junio de 2018.<o:p><\/o:p><\/span><\/p>\n<p class=\"MsoNormal\"><span lang=\"ES\" style=\"font-family:\"Calibri\",sans-serif;\nmso-ascii-theme-font:minor-latin;mso-hansi-theme-font:minor-latin;mso-bidi-theme-font:\nminor-latin\">\u00a0<\/span><\/p>\n<p class=\"MsoNormal\" align=\"center\" style=\"text-align:center\"><span lang=\"ES\" style=\"font-family:\"Calibri\",sans-serif;mso-ascii-theme-font:minor-latin;\nmso-hansi-theme-font:minor-latin;mso-bidi-theme-font:minor-latin\">La Presidencia<br \/>\n<\/span><span style=\"font-family: Calibri, sans-serif;\">Conferencia Episcopal Peruana<\/span>\u00a0<\/p>\n<p><a href=\"http:\/\/web.hilo.org.pe\/wp-content\/uploads\/CEP.jpg\" target=\"_blank\" rel=\"noopener\">Ver archivo adjunto<\/a><\/p>\n","protected":false},"excerpt":{"rendered":"<p>La Presidencia de la Conferencia Episcopal Peruana saluda al Gobierno Norteamericano por haber firmado hoy una orden ejecutiva para detener la separaci\u00f3n de los ni\u00f1os inmigrantes de sus padres, cuando estos son detenidos en la frontera sur de Estados Unidos, luego de haber escuchado diversas manifestaciones a nivel mundial que ped\u00edan terminar con estas medidas alarmantes e inaceptables que atentaban contra la seguridad, cuidado y dignidad de los menores.<\/p>\n","protected":false},"author":1,"featured_media":7869,"comment_status":"closed","ping_status":"closed","sticky":false,"template":"","format":"standard","meta":{"footnotes":""},"categories":[9],"tags":[],"class_list":["post-3089","post","type-post","status-publish","format-standard","has-post-thumbnail","hentry","category-noticias"],"_links":{"self":[{"href":"https:\/\/ceas.org.pe\/index.php\/wp-json\/wp\/v2\/posts\/3089","targetHints":{"allow":["GET"]}}],"collection":[{"href":"https:\/\/ceas.org.pe\/index.php\/wp-json\/wp\/v2\/posts"}],"about":[{"href":"https:\/\/ceas.org.pe\/index.php\/wp-json\/wp\/v2\/types\/post"}],"author":[{"embeddable":true,"href":"https:\/\/ceas.org.pe\/index.php\/wp-json\/wp\/v2\/users\/1"}],"replies":[{"embeddable":true,"href":"https:\/\/ceas.org.pe\/index.php\/wp-json\/wp\/v2\/comments?post=3089"}],"version-history":[{"count":1,"href":"https:\/\/ceas.org.pe\/index.php\/wp-json\/wp\/v2\/posts\/3089\/revisions"}],"predecessor-version":[{"id":6129,"href":"https:\/\/ceas.org.pe\/index.php\/wp-json\/wp\/v2\/posts\/3089\/revisions\/6129"}],"wp:featuredmedia":[{"embeddable":true,"href":"https:\/\/ceas.org.pe\/index.php\/wp-json\/wp\/v2\/media\/7869"}],"wp:attachment":[{"href":"https:\/\/ceas.org.pe\/index.php\/wp-json\/wp\/v2\/media?parent=3089"}],"wp:term":[{"taxonomy":"category","embeddable":true,"href":"https:\/\/ceas.org.pe\/index.php\/wp-json\/wp\/v2\/categories?post=3089"},{"taxonomy":"post_tag","embeddable":true,"href":"https:\/\/ceas.org.pe\/index.php\/wp-json\/wp\/v2\/tags?post=3089"}],"curies":[{"name":"wp","href":"https:\/\/api.w.org\/{rel}","templated":true}]}}