{"id":3088,"date":"2018-06-20T15:01:31","date_gmt":"2018-06-20T15:01:31","guid":{"rendered":""},"modified":"2026-03-11T09:11:57","modified_gmt":"2026-03-11T14:11:57","slug":"el-papa-alienta-a-los-migrantes-de-share-the-journey-en-el-almuerzo-de-caritas","status":"publish","type":"post","link":"https:\/\/ceas.org.pe\/index.php\/2018\/06\/20\/el-papa-alienta-a-los-migrantes-de-share-the-journey-en-el-almuerzo-de-caritas\/","title":{"rendered":"El Papa alienta a los migrantes de Share the Journey en el almuerzo de Caritas"},"content":{"rendered":"<p class=\"MsoNormal\" style=\"margin-bottom:0cm;margin-bottom:.0001pt;line-height:\nnormal\"><span style=\"mso-bidi-font-family:Calibri;mso-bidi-theme-font:minor-latin;\ncolor:#646464;background:white\">A trav\u00e9s de un mensaje, el Santo Padre anima a todas las comunidades \u00aba crear lazos de unidad y renovada fraternidad con los migrantes y refugiados\u00bb.<\/span><o:p><\/o:p><\/p>\n<p class=\"MsoNormal\" style=\"margin-bottom:0cm;margin-bottom:.0001pt;line-height:\nnormal\"><span style=\"mso-bidi-font-family:Calibri;mso-bidi-theme-font:minor-latin;\ncolor:#646464;background:white\"><o:p>\u00a0<\/o:p><\/span><\/p>\n<p style=\"margin:0cm;margin-bottom:.0001pt;background:white\"><span style=\"font-size:11.0pt;font-family:\"Calibri\",sans-serif;mso-ascii-theme-font:\nminor-latin;mso-hansi-theme-font:minor-latin;mso-bidi-theme-font:minor-latin;\ncolor:#373737\">El martes 19 de junio, en el comedor de Caritas \u00abSan Juan Pablo II\u00bb ubicado en V\u00eda Marsala 109 de Roma, se llev\u00f3 a cabo el almuerzo para refugiados y migrantes organizado por Caritas Internationalis como parte de la campa\u00f1a\u00a0<b style=\"box-sizing: border-box;-webkit-tap-highlight-color: rgba(0, 0, 0, 0)\">\u00abShare the Journey\u00bb<\/b>, es decir, \u00abCompartiendo el Viaje\u00bb, lanzada por el Papa Francisco el 27 de septiembre de 2017 y que durar\u00e1 hasta el a\u00f1o 2019.<o:p><\/o:p><\/span><\/p>\n<p style=\"margin:0cm;margin-bottom:.0001pt;background:white;box-sizing: border-box;\n-webkit-tap-highlight-color: rgba(0, 0, 0, 0);font-variant-ligatures: normal;\nfont-variant-caps: normal;orphans: 2;text-align:start;widows: 2;-webkit-text-stroke-width: 0px;\ntext-decoration-style: initial;text-decoration-color: initial;word-spacing:\n0px\"><span style=\"font-size:11.0pt;font-family:\"Calibri\",sans-serif;mso-ascii-theme-font:\nminor-latin;mso-hansi-theme-font:minor-latin;mso-bidi-theme-font:minor-latin;\ncolor:#373737\">Una iniciativa enmarcada en la\u00a0<b style=\"box-sizing: border-box;\n-webkit-tap-highlight-color: rgba(0, 0, 0, 0)\">Semana Global de Acci\u00f3n<\/b>, que se desarrolla del 17 al 24 de junio,\u00a0en concordancia con el D\u00eda Mundial del Refugiado, que se celebra el 20 de junio.<o:p><\/o:p><\/span><\/p>\n<h2 style=\"margin-top:0cm;line-height:normal;background:white;box-sizing: border-box;\n-webkit-tap-highlight-color: rgba(0, 0, 0, 0);font-variant-ligatures: normal;\nfont-variant-caps: normal;orphans: 2;text-align:start;widows: 2;-webkit-text-stroke-width: 0px;\ntext-decoration-style: initial;text-decoration-color: initial;word-spacing:\n0px\"><span style=\"font-size:11.0pt;font-family:\"Calibri\",sans-serif;mso-ascii-theme-font:\nminor-latin;mso-hansi-theme-font:minor-latin;mso-bidi-theme-font:minor-latin;\ncolor:#373737\"><o:p>\u00a0<\/o:p><\/span><\/h2>\n<h2 style=\"margin-top:0cm;line-height:normal;background:white\"><b style=\"mso-bidi-font-weight:normal\"><span style=\"font-size:11.0pt;font-family:\n\"Calibri\",sans-serif;mso-ascii-theme-font:minor-latin;mso-hansi-theme-font:\nminor-latin;mso-bidi-theme-font:minor-latin;color:#373737\">Un almuerzo para compartir fraternidad<o:p><\/o:p><\/span><\/b><\/h2>\n<h2 style=\"margin-top:0cm;line-height:normal;background:white;box-sizing: border-box;\n-webkit-tap-highlight-color: rgba(0, 0, 0, 0);font-variant-ligatures: normal;\nfont-variant-caps: normal;orphans: 2;text-align:start;widows: 2;-webkit-text-stroke-width: 0px;\ntext-decoration-style: initial;text-decoration-color: initial;word-spacing:\n0px\"><b><span style=\"font-size:11.0pt;font-family:\"Calibri\",sans-serif;\nmso-ascii-theme-font:minor-latin;mso-hansi-theme-font:minor-latin;mso-bidi-theme-font:\nminor-latin;color:#373737\">\u00a0<o:p><\/o:p><\/span><\/b><\/h2>\n<p style=\"margin:0cm;margin-bottom:.0001pt;background:white;box-sizing: border-box;\n-webkit-tap-highlight-color: rgba(0, 0, 0, 0);font-variant-ligatures: normal;\nfont-variant-caps: normal;orphans: 2;text-align:start;widows: 2;-webkit-text-stroke-width: 0px;\ntext-decoration-style: initial;text-decoration-color: initial;word-spacing:\n0px\"><span style=\"font-size:11.0pt;font-family:\"Calibri\",sans-serif;mso-ascii-theme-font:\nminor-latin;mso-hansi-theme-font:minor-latin;mso-bidi-theme-font:minor-latin;\ncolor:#373737\">La idea es que las organizaciones de Caritas en todo el mundo realicen actividades relacionadas con la migraci\u00f3n basadas en los cuatro verbos propuestos por el Papa:\u00a0<b style=\"box-sizing: border-box;-webkit-tap-highlight-color: rgba(0, 0, 0, 0)\">Acoger, Proteger, Promover e Integrar.<\/b><o:p><\/o:p><\/span><\/p>\n<p class=\"MsoNormal\" style=\"margin-bottom:0cm;margin-bottom:.0001pt;line-height:\nnormal\"><span style=\"mso-bidi-font-family:Calibri;mso-bidi-theme-font:minor-latin\"><o:p>\u00a0<\/o:p><\/span><\/p>\n<p style=\"margin:0cm;margin-bottom:.0001pt;background:white\"><span style=\"font-size:11.0pt;font-family:\"Calibri\",sans-serif;mso-ascii-theme-font:\nminor-latin;mso-hansi-theme-font:minor-latin;mso-bidi-theme-font:minor-latin;\ncolor:#373737\">Dentro de estas acciones, se invita a participar en una \u201cComida Compartida\u201d con\u00a0<b style=\"box-sizing: border-box;-webkit-tap-highlight-color: rgba(0, 0, 0, 0)\">migrantes y refugiados<\/b>: sentarse a la mesa, compartir testimonios e historias de vida, en torno a la riqueza gastron\u00f3mica que vamos encontrando en nuestros hermanos que vienen de otros pa\u00edses.<o:p><\/o:p><\/span><\/p>\n<h2 style=\"margin-top:0cm;line-height:normal;background:white;box-sizing: border-box;\n-webkit-tap-highlight-color: rgba(0, 0, 0, 0);font-variant-ligatures: normal;\nfont-variant-caps: normal;orphans: 2;text-align:start;widows: 2;-webkit-text-stroke-width: 0px;\ntext-decoration-style: initial;text-decoration-color: initial;word-spacing:\n0px\"><b><span style=\"font-size:11.0pt;font-family:\"Calibri\",sans-serif;\nmso-ascii-theme-font:minor-latin;mso-hansi-theme-font:minor-latin;mso-bidi-theme-font:\nminor-latin;color:#373737\">\u00a0<o:p><\/o:p><\/span><\/b><\/h2>\n<h2 style=\"margin-top:0cm;line-height:normal;background:white\"><b style=\"mso-bidi-font-weight:normal\"><span style=\"font-size:11.0pt;font-family:\n\"Calibri\",sans-serif;mso-ascii-theme-font:minor-latin;mso-hansi-theme-font:\nminor-latin;mso-bidi-theme-font:minor-latin;color:#373737\">El mensaje del Papa para los migrantes y refugiados<o:p><\/o:p><\/span><\/b><\/h2>\n<p class=\"MsoNormal\" style=\"margin-bottom:0cm;margin-bottom:.0001pt;line-height:\nnormal\"><span style=\"mso-bidi-font-family:Calibri;mso-bidi-theme-font:minor-latin;\ncolor:#373737;background:white\"><br \/>\nEn esta ocasi\u00f3n, antes de iniciar la comida Mons. Feroci, director de la C\u00e1ritas diocesana, ley\u00f3 a los participantes el mensaje escrito que les envi\u00f3 el Papa Francisco \u00abanim\u00e1ndolos a continuar en este camino de apoyo a los migrantes y refugiados, compartiendo juntos este almuerzo organizado por Caritas\u00bb.<\/span><o:p><\/o:p><\/p>\n<p class=\"MsoNormal\" style=\"margin-bottom:0cm;margin-bottom:.0001pt;line-height:\nnormal\"><span style=\"mso-bidi-font-family:Calibri;mso-bidi-theme-font:minor-latin;\ncolor:#373737;background:white\"><o:p>\u00a0<\/o:p><\/span><\/p>\n<p class=\"MsoNormal\" style=\"margin-bottom:0cm;margin-bottom:.0001pt;line-height:\nnormal\"><span style=\"mso-bidi-font-family:Calibri;mso-bidi-theme-font:minor-latin;\ncolor:#373737;background:white\">\u00abInvito a todos -migrantes, refugiados, trabajadores de Caritas e instituciones- a descubrir los momentos de esta campa\u00f1a que m\u00e1s los han marcado y a preguntarse \u00bfqu\u00e9 esperanza anima sus caminos?\u00bb, escribi\u00f3 el Pont\u00edfice exhort\u00e1ndolos a \u00abcelebrar aquello que los une\u00bb.<\/span><o:p><\/o:p><\/p>\n<p class=\"MsoNormal\" style=\"margin-bottom:0cm;margin-bottom:.0001pt;line-height:\nnormal\"><span style=\"mso-bidi-font-family:Calibri;mso-bidi-theme-font:minor-latin;\ncolor:#373737;background:white\"><o:p>\u00a0<\/o:p><\/span><\/p>\n<p class=\"MsoNormal\" style=\"margin-bottom:0cm;margin-bottom:.0001pt;line-height:\nnormal\"><span style=\"mso-bidi-font-family:Calibri;mso-bidi-theme-font:minor-latin;\ncolor:#373737;background:white\">\u00abAliento a Caritas, a la comunidad de fieles, a sus pastores y a todas las personas de buena voluntad; a crear siempre nuevos espacios para compartir, para que de nuestros encuentros pueda germinar una renovada fraternidad con los migrantes y refugiados\u00bb, se despidi\u00f3 el Santo Padre, enviando su bendici\u00f3n y dese\u00e1ndoles un buen almuerzo.<\/span><o:p><\/o:p><\/p>\n<p class=\"MsoNormal\"><i style=\"mso-bidi-font-style:normal\"><span style=\"mso-fareast-font-family:\"Times New Roman\";mso-bidi-font-family:Calibri;\nmso-bidi-theme-font:minor-latin;color:black;mso-themecolor:text1;mso-fareast-language:\nES-PE\"><br \/>\nTomado de: https: Vatican News. 20 de junio de 2018.<o:p><\/o:p><\/span><\/i><\/p>\n<p><a href=\"http:\/\/web.hilo.org.pe\/wp-content\/uploads\/compartiendo el viaje.jpg\" target=\"_blank\" rel=\"noopener\">Ver archivo adjunto<\/a><\/p>\n","protected":false},"excerpt":{"rendered":"<p>A trav\u00e9s de un mensaje, el Santo Padre anima a todas las comunidades \u00aba crear lazos de unidad y renovada fraternidad con los migrantes y refugiados\u00bb.<\/p>\n","protected":false},"author":1,"featured_media":7878,"comment_status":"closed","ping_status":"closed","sticky":false,"template":"","format":"standard","meta":{"footnotes":""},"categories":[9],"tags":[],"class_list":["post-3088","post","type-post","status-publish","format-standard","has-post-thumbnail","hentry","category-noticias"],"_links":{"self":[{"href":"https:\/\/ceas.org.pe\/index.php\/wp-json\/wp\/v2\/posts\/3088","targetHints":{"allow":["GET"]}}],"collection":[{"href":"https:\/\/ceas.org.pe\/index.php\/wp-json\/wp\/v2\/posts"}],"about":[{"href":"https:\/\/ceas.org.pe\/index.php\/wp-json\/wp\/v2\/types\/post"}],"author":[{"embeddable":true,"href":"https:\/\/ceas.org.pe\/index.php\/wp-json\/wp\/v2\/users\/1"}],"replies":[{"embeddable":true,"href":"https:\/\/ceas.org.pe\/index.php\/wp-json\/wp\/v2\/comments?post=3088"}],"version-history":[{"count":1,"href":"https:\/\/ceas.org.pe\/index.php\/wp-json\/wp\/v2\/posts\/3088\/revisions"}],"predecessor-version":[{"id":6130,"href":"https:\/\/ceas.org.pe\/index.php\/wp-json\/wp\/v2\/posts\/3088\/revisions\/6130"}],"wp:featuredmedia":[{"embeddable":true,"href":"https:\/\/ceas.org.pe\/index.php\/wp-json\/wp\/v2\/media\/7878"}],"wp:attachment":[{"href":"https:\/\/ceas.org.pe\/index.php\/wp-json\/wp\/v2\/media?parent=3088"}],"wp:term":[{"taxonomy":"category","embeddable":true,"href":"https:\/\/ceas.org.pe\/index.php\/wp-json\/wp\/v2\/categories?post=3088"},{"taxonomy":"post_tag","embeddable":true,"href":"https:\/\/ceas.org.pe\/index.php\/wp-json\/wp\/v2\/tags?post=3088"}],"curies":[{"name":"wp","href":"https:\/\/api.w.org\/{rel}","templated":true}]}}