{"id":3087,"date":"2018-06-19T15:24:28","date_gmt":"2018-06-19T15:24:28","guid":{"rendered":""},"modified":"2026-03-11T09:11:57","modified_gmt":"2026-03-11T14:11:57","slug":"una-cultura-del-encuentro-incluye-el-encuentro-de-las-culturas","status":"publish","type":"post","link":"https:\/\/ceas.org.pe\/index.php\/2018\/06\/19\/una-cultura-del-encuentro-incluye-el-encuentro-de-las-culturas\/","title":{"rendered":"Una cultura del encuentro, incluye el encuentro de las culturas"},"content":{"rendered":"<p style=\"margin: 0cm 0cm 11.25pt; background-image: initial; background-position: initial; background-size: initial; background-repeat: initial; background-attachment: initial; background-origin: initial; background-clip: initial;\"><span style=\"font-size: 11pt; font-family: Calibri, sans-serif;\">Luego de tres d\u00edas de di\u00e1logo, ponencias y reflexi\u00f3n sobre migraci\u00f3n y refugio, el\u00a0seminario realizado por Caritas Brasil, en el Centro Cultural de Brasilia, entre el 12 y el 14 de junio, concluy\u00f3 con una carta titulada \u201cPodemos y debemos alimentar nuestra esperanza con los emigrantes y refugiados. Una cultura del encuentro, incluye el encuentro de\u00a0las culturas\u201d,\u00a0Cardenal\u00a0Luis A. Tagle.<o:p><\/o:p><\/span><\/p>\n<p style=\"margin: 0cm 0cm 11.25pt; background-image: initial; background-position: initial; background-size: initial; background-repeat: initial; background-attachment: initial; background-origin: initial; background-clip: initial;\"><span style=\"font-size: 11pt; font-family: Calibri, sans-serif;\">El evento que congreg\u00f3 a representantes de todo Brasil, Am\u00e9rica Latina,\u00a0Caritas Internacional y organizaciones de la sociedad civil, concluy\u00f3 se\u00f1alando la bendici\u00f3n que fue el contar con\u00a0 una reflexi\u00f3n iluminada para nuestra acci\u00f3n eclesial, orientados en los cuatro verbos propuestos por el Papa Francisco para Acoger, Proteger, Promover e Integrar a los pueblos que emigran en el mundo.<o:p><\/o:p><\/span><\/p>\n<p style=\"margin: 0cm 0cm 11.25pt; background-image: initial; background-position: initial; background-size: initial; background-repeat: initial; background-attachment: initial; background-origin: initial; background-clip: initial;\"><span style=\"font-size: 11pt; font-family: Calibri, sans-serif;\">Luego de tres d\u00edas de intenso trabajo, iluminados por la reflexi\u00f3n y el testimonio del Presidente de Caritas Internacional, Cardenal Luis A. Tagle, de ponencias de la Conferencia Episcopal brasile\u00f1a, organizaciones de la sociedad civil, de colectivos de emigrantes que residen en Brasil y de representantes de Caritas Am\u00e9rica Latina y Caritas Internacional,\u00a0el seminario cerr\u00f3 con el env\u00edo de una misiva.\u00a0<o:p><\/o:p><\/span><\/p>\n<p style=\"margin: 0cm 0cm 11.25pt; background-image: initial; background-position: initial; background-size: initial; background-repeat: initial; background-attachment: initial; background-origin: initial; background-clip: initial;\"><span style=\"font-size: 11pt; font-family: Calibri, sans-serif;\">La Carta se\u00f1ala que \u201cla presencia de migrantes y refugiados entre nosotros es una valiosa oportunidad para el desarrollo de nuestra cultura y de relaciones\u00a0interculturales y religiosas\u2026\u00a0 Comprendemos el contexto migratorio global y regional destacando el estado de una crisis migratoria que requiere\u00a0de un trabajo articulado, \u00e1gil y oportuno de todas las organizaciones: iglesia, sociedad civil, Estados y organismos internacionales\u201d.<o:p><\/o:p><\/span><\/p>\n<p style=\"margin: 0cm 0cm 11.25pt; background-image: initial; background-position: initial; background-size: initial; background-repeat: initial; background-attachment: initial; background-origin: initial; background-clip: initial;\"><span style=\"font-size: 11pt; font-family: Calibri, sans-serif;\">El texto se\u00f1ala adem\u00e1s la denuncia de \u201cla criminalizaci\u00f3n de las migraciones, la xenofobia, racismo y las m\u00faltiples violaciones a los derechos humanos de migrantes y refugiados, incluido el tr\u00e1fico de personas y el trabajo esclavo.\u00a0<o:p><\/o:p><\/span><\/p>\n<p style=\"margin: 0cm 0cm 11.25pt; background-image: initial; background-position: initial; background-size: initial; background-repeat: initial; background-attachment: initial; background-origin: initial; background-clip: initial;\"><span style=\"font-size: 11pt; font-family: Calibri, sans-serif;\">Finalmente, la misiva\u00a0exhorta a los Estados, Iglesias y la sociedad civil\u00a0en general para continuar las reflexiones inter-culturales e inter-religiosas sobre el fen\u00f3meno migratorio que afecta a Am\u00e9rica Latina\u00a0generando an\u00e1lisis de contextos que permitan comprender y abordar sus causas y tendencias y permitan respuestas coordinadas entre todos los actores.\u00a0<o:p><\/o:p><\/span><\/p>\n<p style=\"margin: 0cm 0cm 11.25pt; background-image: initial; background-position: initial; background-size: initial; background-repeat: initial; background-attachment: initial; background-origin: initial; background-clip: initial;\"><span style=\"font-size: 11pt; font-family: Calibri, sans-serif;\">El Congreso \u201cCaminos para una cultura del encuentro\u201d,\u00a0concluy\u00f3 con la gran tarea de llevar una maleta para cada regi\u00f3n de Brasil, las cuales ser\u00e1n llenadas con historias de vida de emigrantes y refugiados que hayan llegado a Brasil.\u00a0 Los testimonios ser\u00e1n recopilados en un libro que ser\u00e1 editado y presentado como parte de la campa\u00f1a mundial impulsada por Caritas Internacional \u201cCompartiendo el Viaje\u201d, cuando esta concluya en mayo de 2019.\u00a0<o:p><\/o:p><\/span><\/p>\n<p><i>Tomado de: <a href=\"http:\/\/www.caritaslatinoamerica.org\/\"><span style=\"color: black; text-decoration-line: none;\">http:\/\/www.caritaslatinoamerica.org\/<\/span><\/a> 18 de Junio de 2018.<\/i>\u00a0<\/p>\n<p><a href=\"http:\/\/web.hilo.org.pe\/wp-content\/uploads\/CONGRESO CAMINOS.jpg\" target=\"_blank\" rel=\"noopener\">Ver archivo adjunto<\/a><\/p>\n","protected":false},"excerpt":{"rendered":"<p>El Congreso \u201cCaminos para una cultura del encuentro\u201d, concluy\u00f3 con la gran tarea de llevar una maleta para cada regi\u00f3n de Brasil, las cuales ser\u00e1n llenadas con historias de vida de emigrantes y refugiados que hayan llegado a Brasil.  Los testimonios ser\u00e1n recopilados en un libro que ser\u00e1 editado y presentado como parte de la campa\u00f1a mundial impulsada por Caritas Internacional \u201cCompartiendo el Viaje\u201d, cuando esta concluya en mayo de 2019.<\/p>\n","protected":false},"author":1,"featured_media":7862,"comment_status":"closed","ping_status":"closed","sticky":false,"template":"","format":"standard","meta":{"footnotes":""},"categories":[9],"tags":[],"class_list":["post-3087","post","type-post","status-publish","format-standard","has-post-thumbnail","hentry","category-noticias"],"_links":{"self":[{"href":"https:\/\/ceas.org.pe\/index.php\/wp-json\/wp\/v2\/posts\/3087","targetHints":{"allow":["GET"]}}],"collection":[{"href":"https:\/\/ceas.org.pe\/index.php\/wp-json\/wp\/v2\/posts"}],"about":[{"href":"https:\/\/ceas.org.pe\/index.php\/wp-json\/wp\/v2\/types\/post"}],"author":[{"embeddable":true,"href":"https:\/\/ceas.org.pe\/index.php\/wp-json\/wp\/v2\/users\/1"}],"replies":[{"embeddable":true,"href":"https:\/\/ceas.org.pe\/index.php\/wp-json\/wp\/v2\/comments?post=3087"}],"version-history":[{"count":1,"href":"https:\/\/ceas.org.pe\/index.php\/wp-json\/wp\/v2\/posts\/3087\/revisions"}],"predecessor-version":[{"id":6131,"href":"https:\/\/ceas.org.pe\/index.php\/wp-json\/wp\/v2\/posts\/3087\/revisions\/6131"}],"wp:featuredmedia":[{"embeddable":true,"href":"https:\/\/ceas.org.pe\/index.php\/wp-json\/wp\/v2\/media\/7862"}],"wp:attachment":[{"href":"https:\/\/ceas.org.pe\/index.php\/wp-json\/wp\/v2\/media?parent=3087"}],"wp:term":[{"taxonomy":"category","embeddable":true,"href":"https:\/\/ceas.org.pe\/index.php\/wp-json\/wp\/v2\/categories?post=3087"},{"taxonomy":"post_tag","embeddable":true,"href":"https:\/\/ceas.org.pe\/index.php\/wp-json\/wp\/v2\/tags?post=3087"}],"curies":[{"name":"wp","href":"https:\/\/api.w.org\/{rel}","templated":true}]}}