{"id":3086,"date":"2018-06-19T15:13:18","date_gmt":"2018-06-19T15:13:18","guid":{"rendered":""},"modified":"2026-03-11T09:11:57","modified_gmt":"2026-03-11T14:11:57","slug":"baguazo-otro-juicio-otra-actitudo","status":"publish","type":"post","link":"https:\/\/ceas.org.pe\/index.php\/2018\/06\/19\/baguazo-otro-juicio-otra-actitudo\/","title":{"rendered":"Baguazo, otro juicio \u00bfotra actitud\u00f3"},"content":{"rendered":"<p style=\"margin: 0cm 0cm 0.0001pt; background-image: initial; background-position: initial; background-size: initial; background-repeat: initial; background-attachment: initial; background-origin: initial; background-clip: initial;\"><span style=\"font-size:11.0pt;font-family:\"Calibri\",sans-serif;mso-ascii-theme-font:\nminor-latin;mso-hansi-theme-font:minor-latin;mso-bidi-theme-font:minor-latin;\ncolor:#333333\">Hace tres a\u00f1os me refer\u00ed a algunas insuficiencias que adolec\u00eda el proceso de la \u201cCurva del Diablo\u201d, teniendo en cuenta que se trata de hacer justicia, es decir, abordar esta dolorosa situaci\u00f3n con equidad y respeto de los derechos de los ciudadanos. Y esto en atenci\u00f3n 1) a las v\u00edctimas de este horrendo enfrentamiento: los que all\u00ed murieron, o los que quedaron con heridas irremediables y sus familiares, quienes perdieron esposo, hijos o hermanos,\u00a0todos peruanos\/as; 2) en consideraci\u00f3n a un proceso en el que los inculpados son nativos que, durante todo el desarrollo del conflicto actuaron movidos por sus categor\u00edas culturales propias, incluso en el momento del desenlace violento del mismo.<o:p><\/o:p><\/span><\/p>\n<p style=\"margin: 0cm 0cm 0.0001pt; background-image: initial; background-position: initial; background-size: initial; background-repeat: initial; background-attachment: initial; background-origin: initial; background-clip: initial;\"><span style=\"font-size:11.0pt;font-family:\"Calibri\",sans-serif;mso-ascii-theme-font:\nminor-latin;mso-hansi-theme-font:minor-latin;mso-bidi-theme-font:minor-latin;\ncolor:#333333\">\u00a0<\/span><\/p>\n<p style=\"margin: 0cm 0cm 0.0001pt; background-image: initial; background-position: initial; background-size: initial; background-repeat: initial; background-attachment: initial; background-origin: initial; background-clip: initial; outline: none;\"><span style=\"font-size:11.0pt;\nfont-family:\"Calibri\",sans-serif;mso-ascii-theme-font:minor-latin;mso-hansi-theme-font:\nminor-latin;mso-bidi-theme-font:minor-latin;color:#333333\">Hoy quisiera seguir insistiendo sobre esto mismo, porque considero que habremos abordado con la altura y dignidad que requiere este drama de nuestra naci\u00f3n, si evitamos que el estr\u00e9pito del reclamo de sanci\u00f3n a los inculpados nos aleje de la mirada m\u00e1s amplia; aquella que s\u00ed rendir\u00eda justicia a todos (al Per\u00fa). Es que este no es un delito com\u00fan. Estamos ante un conflicto social que se sald\u00f3 con la muerte de 33 personas y 200 heridos. Si nos limitamos a condenar a unos inculpados, de quienes ni siquiera se tiene indicios suficientes de su responsabilidad, nos habremos omitido de tomar las decisiones indispensables para evitar que esto vuelva a suceder. Recordemos que la Defensora del Pueblo de entonces afirm\u00f3 que\u00a0<em style=\"outline: none\"><span style=\"border: 1pt none windowtext; padding: 0cm;\">\u201cest\u00e1s muertes reclaman el compromiso de jam\u00e1s repetir un episodio similar\u201d<\/span><\/em>. \u00bfEstaremos, con todos estos juicios, transitando la senda correcta?<o:p><\/o:p><\/span><\/p>\n<p style=\"margin: 0cm 0cm 0.0001pt; background-image: initial; background-position: initial; background-size: initial; background-repeat: initial; background-attachment: initial; background-origin: initial; background-clip: initial; outline: none;\"><span style=\"font-size:11.0pt;\nfont-family:\"Calibri\",sans-serif;mso-ascii-theme-font:minor-latin;mso-hansi-theme-font:\nminor-latin;mso-bidi-theme-font:minor-latin;color:#333333\">\u00a0<\/span><\/p>\n<p style=\"margin: 0cm 0cm 0.0001pt; background-image: initial; background-position: initial; background-size: initial; background-repeat: initial; background-attachment: initial; background-origin: initial; background-clip: initial;\"><span style=\"font-size:11.0pt;font-family:\"Calibri\",sans-serif;mso-ascii-theme-font:\nminor-latin;mso-hansi-theme-font:minor-latin;mso-bidi-theme-font:minor-latin;\ncolor:#333333\">Si solo optamos por los juicios, cualquiera sea el resultado de ellos, nos quedaremos insatisfechos. Es que, por un lado, no se puede reparar lo irreparable, y por otro lado, no habremos dado los pasos necesarios que nos saquen de las causas que nos condujeron a tal desastre.<o:p><\/o:p><\/span><\/p>\n<p style=\"margin: 0cm 0cm 0.0001pt; background-image: initial; background-position: initial; background-size: initial; background-repeat: initial; background-attachment: initial; background-origin: initial; background-clip: initial; outline: none;\"><span style=\"font-size:11.0pt;\nfont-family:\"Calibri\",sans-serif;mso-ascii-theme-font:minor-latin;mso-hansi-theme-font:\nminor-latin;mso-bidi-theme-font:minor-latin;color:#333333\">\u00a0<\/span><\/p>\n<p style=\"margin: 0cm 0cm 0.0001pt; background-image: initial; background-position: initial; background-size: initial; background-repeat: initial; background-attachment: initial; background-origin: initial; background-clip: initial;\"><span style=\"font-size:11.0pt;font-family:\"Calibri\",sans-serif;mso-ascii-theme-font:\nminor-latin;mso-hansi-theme-font:minor-latin;mso-bidi-theme-font:minor-latin;\ncolor:#333333\">Por eso, es preciso recordar aqu\u00ed que lo que estuvo en el origen de esos sucesos fue la intransigencia del gobierno ante la demanda de la derogatoria de un centenar de decretos, presentada por los pueblos ind\u00edgenas de la Amazon\u00eda porque ellos consideraron que afectaban a sus derechos (de consulta previa) y que su aplicaci\u00f3n afectar\u00eda sus territorios y la vida en sus comunidades. Los obispos de la Amazon\u00eda, unos d\u00edas antes, hicieron la siguiente invocaci\u00f3n:\u00a0<em style=\"outline: none\"><span style=\"border: 1pt none windowtext; padding: 0cm;\">\u201cConsideramos necesaria una Mesa de aut\u00e9ntico Di\u00e1logo conformado por todos los actores sociales para la soluci\u00f3n pac\u00edfica y armoniosa del conflicto creado.<\/span><\/em>\u201d (Mayo 2009, Pronunciamiento de los Obispos de la Amazon\u00eda ante el paro de los pueblos Amaz\u00f3nicos).<o:p><\/o:p><\/span><\/p>\n<p style=\"margin: 0cm 0cm 0.0001pt; background-image: initial; background-position: initial; background-size: initial; background-repeat: initial; background-attachment: initial; background-origin: initial; background-clip: initial;\"><span style=\"font-size:11.0pt;font-family:\"Calibri\",sans-serif;mso-ascii-theme-font:\nminor-latin;mso-hansi-theme-font:minor-latin;mso-bidi-theme-font:minor-latin;\ncolor:#333333\">\u00a0<\/span><\/p>\n<p style=\"margin: 0cm 0cm 0.0001pt; background-image: initial; background-position: initial; background-size: initial; background-repeat: initial; background-attachment: initial; background-origin: initial; background-clip: initial;\"><span style=\"font-size:11.0pt;font-family:\"Calibri\",sans-serif;mso-ascii-theme-font:\nminor-latin;mso-hansi-theme-font:minor-latin;mso-bidi-theme-font:minor-latin;\ncolor:#333333\">La actitud de los gobiernos sucesivos hasta la actualidad no parece corresponder a un proceso de cambio de pol\u00edtica respecto de la Amazon\u00eda. Por el contrario, desde el 2013 al 2015 el gobierno ha dado una serie de normas que tienden a debilitar los derechos de los pueblos ind\u00edgenas sobre sus territorios y favorecer la inversi\u00f3n de las empresas extractivas; en los \u00faltimos a\u00f1os, los da\u00f1os sobre la poblaci\u00f3n y el medio ambiente provocados por derrames en algunos r\u00edos de la Amazon\u00eda han sido poco atendidos por el gobierno. En s\u00edntesis, la imagen que transmite el Estado no es la de quien se preocupa por la conservaci\u00f3n de la Amazonia, ni por el cuidado de la integridad cultural, educativa y sanitaria de los pueblos ind\u00edgenas, menos a\u00fan de quien los considera como sus primeros interlocutores en la elaboraci\u00f3n de una pol\u00edtica de desarrollo que no arrase con la Amazonia.<o:p><\/o:p><\/span><\/p>\n<p style=\"margin: 0cm 0cm 0.0001pt; background-image: initial; background-position: initial; background-size: initial; background-repeat: initial; background-attachment: initial; background-origin: initial; background-clip: initial; outline: none;\"><span style=\"font-size:11.0pt;\nfont-family:\"Calibri\",sans-serif;mso-ascii-theme-font:minor-latin;mso-hansi-theme-font:\nminor-latin;mso-bidi-theme-font:minor-latin;color:#333333\">\u00a0<\/span><\/p>\n<p style=\"margin: 0cm 0cm 0.0001pt; background-image: initial; background-position: initial; background-size: initial; background-repeat: initial; background-attachment: initial; background-origin: initial; background-clip: initial;\"><span style=\"font-size:11.0pt;font-family:\"Calibri\",sans-serif;mso-ascii-theme-font:\nminor-latin;mso-hansi-theme-font:minor-latin;mso-bidi-theme-font:minor-latin;\ncolor:#333333\">El Papa en su visita nos marc\u00f3 la pauta de la actitud que tendr\u00edamos que adoptar en la relaci\u00f3n con la Amazonia:\u00a0<em style=\"outline: none\"><span style=\"border: 1pt none windowtext; padding: 0cm;\">\u201cQuienes no habitamos estas tierras necesitamos de vuestra sabidur\u00eda y conocimiento para poder adentrarnos, sin destruir\u2026<\/span><\/em>\u00a0<em style=\"outline: none\"><span style=\"border: 1pt none windowtext; padding: 0cm;\">Hemos de romper con el paradigma hist\u00f3rico que considera la Amazonia como una despensa inagotable de los Estados sin tener en cuenta a sus habitantes<\/span><\/em>\u2026\u00a0<em style=\"outline: none\"><span style=\"border: 1pt none windowtext; padding: 0cm;\">Considero imprescindible realizar esfuerzos para generar espacios institucionales de respeto, reconocimiento y di\u00e1logo con los pueblos nativos; asumiendo y rescatando la cultura, lengua, tradiciones, derechos y espiritualidad que les son propias.\u201d<\/span><\/em><o:p><\/o:p><\/span><\/p>\n<p style=\"margin: 0cm 0cm 0.0001pt; background-image: initial; background-position: initial; background-size: initial; background-repeat: initial; background-attachment: initial; background-origin: initial; background-clip: initial; outline: none;\"><span style=\"font-size:11.0pt;\nfont-family:\"Calibri\",sans-serif;mso-ascii-theme-font:minor-latin;mso-hansi-theme-font:\nminor-latin;mso-bidi-theme-font:minor-latin;color:#333333\">\u00a0<\/span><\/p>\n<p style=\"margin: 0cm 0cm 0.0001pt; background-image: initial; background-position: initial; background-size: initial; background-repeat: initial; background-attachment: initial; background-origin: initial; background-clip: initial;\"><span style=\"font-size:11.0pt;font-family:\"Calibri\",sans-serif;mso-ascii-theme-font:\nminor-latin;mso-hansi-theme-font:minor-latin;mso-bidi-theme-font:minor-latin;\ncolor:#333333\">Este a\u00f1o se ha iniciado el juicio de la estaci\u00f3n 6. Ya se han tenido cuatro audiencias y nuevamente nos encontramos con las mismas falencias en el proceso: hay procesados que no pudieron estar en el lugar de los hechos, porque en ese mismo momento estaban en la Curva del Diablo; los costos de desplazamiento y alojamiento para asistir son inalcanzables para los inculpados; las mismas resistencias para ofrecer traducci\u00f3n, siendo esto un derecho. En otras palabras, no se visibiliza cambio de actitud hacia los nativos. \u00bfSer\u00e1 reflejo de la actitud del Estado respecto de la cuesti\u00f3n Amaz\u00f3nica?<o:p><\/o:p><\/span><\/p>\n<p style=\"margin: 0cm 0cm 0.0001pt; background-image: initial; background-position: initial; background-size: initial; background-repeat: initial; background-attachment: initial; background-origin: initial; background-clip: initial; outline: none;\"><span style=\"font-size:11.0pt;\nfont-family:\"Calibri\",sans-serif;mso-ascii-theme-font:minor-latin;mso-hansi-theme-font:\nminor-latin;mso-bidi-theme-font:minor-latin;color:#333333\">\u00a0<\/span><\/p>\n<p style=\"margin: 0cm 0cm 0.0001pt; background-image: initial; background-position: initial; background-size: initial; background-repeat: initial; background-attachment: initial; background-origin: initial; background-clip: initial;\"><span style=\"font-size:11.0pt;font-family:\"Calibri\",sans-serif;mso-ascii-theme-font:\nminor-latin;mso-hansi-theme-font:minor-latin;mso-bidi-theme-font:minor-latin;\ncolor:#333333\">Queremos creer que no, y que las palabras del Papa, han calado hondo en nuestro pa\u00eds, especialmente en nuestras autoridades, de tal manera que estemos dispuestos a hacer los esfuerzos necesarios para que todos podamos ver al Per\u00fa como un lugar de esperanza.<o:p><\/o:p><\/span><\/p>\n<p style=\"margin: 0cm 0cm 0.0001pt; background-image: initial; background-position: initial; background-size: initial; background-repeat: initial; background-attachment: initial; background-origin: initial; background-clip: initial; outline: none;\"><span style=\"font-size:11.0pt;\nfont-family:\"Calibri\",sans-serif;mso-ascii-theme-font:minor-latin;mso-hansi-theme-font:\nminor-latin;mso-bidi-theme-font:minor-latin;color:#333333\">\u00a0<\/span><\/p>\n<p style=\"margin: 0cm 0cm 0.0001pt; background-image: initial; background-position: initial; background-size: initial; background-repeat: initial; background-attachment: initial; background-origin: initial; background-clip: initial;\"><strong><i><span style=\"font-size:11.0pt;font-family:\n\"Calibri\",sans-serif;mso-ascii-theme-font:minor-latin;mso-hansi-theme-font:\nminor-latin;mso-bidi-theme-font:minor-latin;color:#333333;border:none windowtext 1.0pt;\nmso-border-alt:none windowtext 0cm;padding:0cm\">\u00a0<\/span><\/i><\/strong><\/p>\n<p style=\"margin: 0cm 0cm 0.0001pt; background-image: initial; background-position: initial; background-size: initial; background-repeat: initial; background-attachment: initial; background-origin: initial; background-clip: initial;\"><strong><i><span style=\"font-size:11.0pt;font-family:\n\"Calibri\",sans-serif;mso-ascii-theme-font:minor-latin;mso-hansi-theme-font:\nminor-latin;mso-bidi-theme-font:minor-latin;color:#333333;border:none windowtext 1.0pt;\nmso-border-alt:none windowtext 0cm;padding:0cm\">Por Mons. Alfredo Vizcarra Mori, S.J.*<\/span><\/i><\/strong><i><span style=\"font-size:11.0pt;font-family:\"Calibri\",sans-serif;mso-ascii-theme-font:\nminor-latin;mso-hansi-theme-font:minor-latin;mso-bidi-theme-font:minor-latin;\ncolor:#333333\"><o:p><\/o:p><\/span><\/i><\/p>\n<p style=\"margin: 0cm 0cm 0.0001pt; background-image: initial; background-position: initial; background-size: initial; background-repeat: initial; background-attachment: initial; background-origin: initial; background-clip: initial; outline: none;\"><span style=\"font-size:11.0pt;\nfont-family:\"Calibri\",sans-serif;mso-ascii-theme-font:minor-latin;mso-hansi-theme-font:\nminor-latin;mso-bidi-theme-font:minor-latin;color:#333333\">\u00a0<\/span><\/p>\n<p style=\"margin: 0cm 0cm 0.0001pt; background-image: initial; background-position: initial; background-size: initial; background-repeat: initial; background-attachment: initial; background-origin: initial; background-clip: initial;\"><i><span style=\"font-size:11.0pt;font-family:\n\"Calibri\",sans-serif;mso-ascii-theme-font:minor-latin;mso-hansi-theme-font:\nminor-latin;mso-bidi-theme-font:minor-latin;color:#333333\">*Mons. Alfredo Vizcarra Mori es obispo del Vicariato Apost\u00f3lico de Ja\u00e9n, presidente de la Asamblea del CAAAP y coordinador de la Red Eclesial Panamaz\u00f3nica (REPAM) en Per\u00fa.<o:p><\/o:p><\/span><\/i><\/p>\n<p class=\"MsoNormal\"><i><span style=\"mso-fareast-font-family:\"Times New Roman\";mso-bidi-font-family:Calibri;\nmso-bidi-theme-font:minor-latin;color:#333333;mso-fareast-language:ES-PE\">\u00a0<\/span><\/i><\/p>\n<p><i><span style=\"mso-fareast-font-family:\"Times New Roman\";mso-bidi-font-family:Calibri;\nmso-bidi-theme-font:minor-latin;color:#333333;mso-fareast-language:ES-PE\">Tomado de: <a href=\"http:\/\/www.caaap.org.pe\/\"><span style=\"color: rgb(51, 51, 51); text-decoration-line: none;\">http:\/\/www.caaap.org.pe\/<\/span><\/a> 17 de junio de 2018.<\/span><\/i>\u00a0<\/p>\n<p><a href=\"http:\/\/web.hilo.org.pe\/wp-content\/uploads\/AlfredoVizcarra_01-e1529233233836.jpg\" target=\"_blank\" rel=\"noopener\">Ver archivo adjunto<\/a><\/p>\n","protected":false},"excerpt":{"rendered":"<p>En s\u00edntesis, la imagen que transmite el Estado no es la de quien se preocupa por la conservaci\u00f3n de la Amazonia, ni por el cuidado de la integridad cultural, educativa y sanitaria de los pueblos ind\u00edgenas, menos a\u00fan de quien los considera como sus primeros interlocutores en la elaboraci\u00f3n de una pol\u00edtica de desarrollo que no arrase con la Amazonia.<\/p>\n","protected":false},"author":1,"featured_media":8065,"comment_status":"closed","ping_status":"closed","sticky":false,"template":"","format":"standard","meta":{"footnotes":""},"categories":[9],"tags":[],"class_list":["post-3086","post","type-post","status-publish","format-standard","has-post-thumbnail","hentry","category-noticias"],"_links":{"self":[{"href":"https:\/\/ceas.org.pe\/index.php\/wp-json\/wp\/v2\/posts\/3086","targetHints":{"allow":["GET"]}}],"collection":[{"href":"https:\/\/ceas.org.pe\/index.php\/wp-json\/wp\/v2\/posts"}],"about":[{"href":"https:\/\/ceas.org.pe\/index.php\/wp-json\/wp\/v2\/types\/post"}],"author":[{"embeddable":true,"href":"https:\/\/ceas.org.pe\/index.php\/wp-json\/wp\/v2\/users\/1"}],"replies":[{"embeddable":true,"href":"https:\/\/ceas.org.pe\/index.php\/wp-json\/wp\/v2\/comments?post=3086"}],"version-history":[{"count":1,"href":"https:\/\/ceas.org.pe\/index.php\/wp-json\/wp\/v2\/posts\/3086\/revisions"}],"predecessor-version":[{"id":6132,"href":"https:\/\/ceas.org.pe\/index.php\/wp-json\/wp\/v2\/posts\/3086\/revisions\/6132"}],"wp:featuredmedia":[{"embeddable":true,"href":"https:\/\/ceas.org.pe\/index.php\/wp-json\/wp\/v2\/media\/8065"}],"wp:attachment":[{"href":"https:\/\/ceas.org.pe\/index.php\/wp-json\/wp\/v2\/media?parent=3086"}],"wp:term":[{"taxonomy":"category","embeddable":true,"href":"https:\/\/ceas.org.pe\/index.php\/wp-json\/wp\/v2\/categories?post=3086"},{"taxonomy":"post_tag","embeddable":true,"href":"https:\/\/ceas.org.pe\/index.php\/wp-json\/wp\/v2\/tags?post=3086"}],"curies":[{"name":"wp","href":"https:\/\/api.w.org\/{rel}","templated":true}]}}