{"id":3085,"date":"2018-06-19T15:02:27","date_gmt":"2018-06-19T15:02:27","guid":{"rendered":""},"modified":"2026-03-11T09:11:57","modified_gmt":"2026-03-11T14:11:57","slug":"el-rimac-en-peligro-problematica-de-la-cuenca-alta-del-rio-rimac","status":"publish","type":"post","link":"https:\/\/ceas.org.pe\/index.php\/2018\/06\/19\/el-rimac-en-peligro-problematica-de-la-cuenca-alta-del-rio-rimac\/","title":{"rendered":"El R\u00edmac en peligro: Problem\u00e1tica de la cuenca alta del r\u00edo R\u00edmac"},"content":{"rendered":"<p class=\"MsoNormal\" style=\"text-align:justify\"><span style=\"font-size:11.0pt;\nfont-family:\"Calibri\",sans-serif;mso-ascii-theme-font:minor-latin;mso-hansi-theme-font:\nminor-latin;mso-bidi-theme-font:minor-latin;color:#1D2129\">El r\u00edo R\u00edmac est\u00e1 en peligro. Desde su nacimiento en la sierra de Lima hasta el Callao, sus aguas se van contaminando a medida que va llegando a nuestra ciudad. La actividad minera es una de las principales causantes, dejando cientos de pasivos ambientales mineros que al llegar a sus aguas, ponen en peligro el ambiente y la vida de miles de peruanos y peruanas.\u00a0<\/span><span style=\"font-size:11.0pt;\nfont-family:\"Calibri\",sans-serif;mso-ascii-theme-font:minor-latin;mso-hansi-theme-font:\nminor-latin;mso-bidi-theme-font:minor-latin\"><o:p><\/o:p><\/span><\/p>\n<p class=\"MsoNormal\" style=\"text-align:justify\"><span style=\"font-size:11.0pt;\nfont-family:\"Calibri\",sans-serif;mso-ascii-theme-font:minor-latin;mso-hansi-theme-font:\nminor-latin;mso-bidi-theme-font:minor-latin;color:#1D2129\"><br style=\"text-decoration-style:initial;text-decoration-color:initial\" \/><br \/>\n<span style=\"background:white\">Desde el caso de la relavera de Tamboraque, hasta los pasivos ambientales abandonados de Millotingo y Ticlio, hemos visto que el Estado poco o nada ha hecho para remediarlos y asegurar que las empresas mineras se hagan responsable de las consecuencias de su actividad.<\/span><br style=\"text-decoration-style:initial;text-decoration-color:initial\" \/><br \/>\n<br style=\"text-decoration-style:initial;text-decoration-color:initial\" \/><br \/>\n<span style=\"background:white\">Este lunes 25 los invitamos al Foro P\u00fablico sobre la problem\u00e1tica de toda la cuenca alta del R\u00edmac, donde contaremos con representantes de diversas instituciones gubernamentales y con dirigentes de las comunidades campesinas de San Mateo de Hu\u00e1nchor, que d\u00eda a d\u00eda conviven con los m\u00e1s de 170 pasivos ambientales que tienen en su territorio.<o:p><\/o:p><\/span><\/span><\/p>\n<p class=\"MsoNormal\" style=\"text-align:justify\"><span style=\"font-size:10.5pt;\nfont-family:\"Helvetica\",sans-serif;color:#1D2129\"><br \/>\n<br style=\"text-decoration-style:initial;text-decoration-color:initial\" \/><br \/>\n<\/span><span style=\"font-size:11.0pt;font-family:\"Calibri\",sans-serif;\nmso-ascii-theme-font:minor-latin;mso-hansi-theme-font:minor-latin;mso-bidi-theme-font:\nminor-latin;color:#1D2129;background:white\">INGRESO LIBRE<\/span><span style=\"font-size:11.0pt;font-family:\"Calibri\",sans-serif;mso-ascii-theme-font:\nminor-latin;mso-hansi-theme-font:minor-latin;mso-bidi-theme-font:minor-latin\"> <o:p><\/o:p><\/span><\/p>\n<p class=\"MsoNormal\"><span style=\"font-size:11.0pt;font-family:\"Calibri\",sans-serif;\nmso-ascii-theme-font:minor-latin;mso-hansi-theme-font:minor-latin;mso-bidi-theme-font:\nminor-latin\">Evento en Facebook:\u00a0<a href=\"https:\/\/www.facebook.com\/events\/1808616855869651\/\">https:\/\/www.facebook.com\/events\/1808616855869651\/<\/a><o:p><\/o:p><\/span><\/p>\n<p><a href=\"http:\/\/web.hilo.org.pe\/wp-content\/uploads\/EVENTO RIMAC web.jpg\" target=\"_blank\" rel=\"noopener\">Ver archivo adjunto<\/a><\/p>\n","protected":false},"excerpt":{"rendered":"<p>El r\u00edo R\u00edmac est\u00e1 en peligro. Desde su nacimiento en la sierra de Lima hasta el Callao, sus aguas se van contaminando a medida que va llegando a nuestra ciudad. La actividad minera es una de las principales causantes, dejando cientos de pasivos ambientales mineros que al llegar a sus aguas, ponen en peligro el ambiente y la vida de miles de peruanos y peruanas.<\/p>\n","protected":false},"author":1,"featured_media":0,"comment_status":"closed","ping_status":"closed","sticky":false,"template":"","format":"standard","meta":{"footnotes":""},"categories":[9],"tags":[],"class_list":["post-3085","post","type-post","status-publish","format-standard","hentry","category-noticias"],"_links":{"self":[{"href":"https:\/\/ceas.org.pe\/index.php\/wp-json\/wp\/v2\/posts\/3085","targetHints":{"allow":["GET"]}}],"collection":[{"href":"https:\/\/ceas.org.pe\/index.php\/wp-json\/wp\/v2\/posts"}],"about":[{"href":"https:\/\/ceas.org.pe\/index.php\/wp-json\/wp\/v2\/types\/post"}],"author":[{"embeddable":true,"href":"https:\/\/ceas.org.pe\/index.php\/wp-json\/wp\/v2\/users\/1"}],"replies":[{"embeddable":true,"href":"https:\/\/ceas.org.pe\/index.php\/wp-json\/wp\/v2\/comments?post=3085"}],"version-history":[{"count":1,"href":"https:\/\/ceas.org.pe\/index.php\/wp-json\/wp\/v2\/posts\/3085\/revisions"}],"predecessor-version":[{"id":6133,"href":"https:\/\/ceas.org.pe\/index.php\/wp-json\/wp\/v2\/posts\/3085\/revisions\/6133"}],"wp:attachment":[{"href":"https:\/\/ceas.org.pe\/index.php\/wp-json\/wp\/v2\/media?parent=3085"}],"wp:term":[{"taxonomy":"category","embeddable":true,"href":"https:\/\/ceas.org.pe\/index.php\/wp-json\/wp\/v2\/categories?post=3085"},{"taxonomy":"post_tag","embeddable":true,"href":"https:\/\/ceas.org.pe\/index.php\/wp-json\/wp\/v2\/tags?post=3085"}],"curies":[{"name":"wp","href":"https:\/\/api.w.org\/{rel}","templated":true}]}}