{"id":3084,"date":"2018-06-08T18:32:20","date_gmt":"2018-06-08T18:32:20","guid":{"rendered":""},"modified":"2026-03-11T09:11:57","modified_gmt":"2026-03-11T14:11:57","slug":"por-un-peru-nuevo-donde-reine-la-justicia","status":"publish","type":"post","link":"https:\/\/ceas.org.pe\/index.php\/2018\/06\/08\/por-un-peru-nuevo-donde-reine-la-justicia\/","title":{"rendered":"Por un Per\u00fa nuevo donde reine la Justicia"},"content":{"rendered":"<p class=\"MsoNormal\" align=\"right\" style=\"margin-bottom: 0.0001pt; text-align: right; background-image: initial; background-position: initial; background-size: initial; background-repeat: initial; background-attachment: initial; background-origin: initial; background-clip: initial;\"><i><span style=\"font-size: 11pt; line-height: 115%; font-family: Calibri, sans-serif; background-image: initial; background-position: initial; background-size: initial; background-repeat: initial; background-attachment: initial; background-origin: initial; background-clip: initial;\">\u00abLos frutos de la justicia ser\u00e1n tranquilidad y seguridad para siempre.\u00bb\u00a0(<\/span><\/i><i><span style=\"font-size:11.0pt;line-height:\n115%;font-family:\"Calibri\",sans-serif;mso-ascii-theme-font:minor-latin;\nmso-hansi-theme-font:minor-latin;mso-bidi-theme-font:minor-latin\"><a href=\"https:\/\/www.bibliacatolica.com.br\/biblia-latinoamericana\/isaias\/32\/?utm_source=bibliacatolica&#038;utm_medium=share_text&#038;utm_campaign=copy_and_paste\">Isa\u00edas 32<\/a><\/span><\/i><cite><span style=\"font-size: 11pt; line-height: 115%; font-family: Calibri, sans-serif; background-image: initial; background-position: initial; background-size: initial; background-repeat: initial; background-attachment: initial; background-origin: initial; background-clip: initial; font-style: normal;\">, 17)<o:p><\/o:p><\/span><\/cite><\/p>\n<p class=\"MsoNormal\" style=\"margin-bottom: 0.0001pt; text-align: justify; background-image: initial; background-position: initial; background-size: initial; background-repeat: initial; background-attachment: initial; background-origin: initial; background-clip: initial;\"><span lang=\"ES\" style=\"font-size:11.0pt;line-height:\n115%;font-family:\"Calibri\",sans-serif;mso-ascii-theme-font:minor-latin;\nmso-fareast-font-family:\"Times New Roman\";mso-hansi-theme-font:minor-latin;\nmso-bidi-theme-font:minor-latin;mso-ansi-language:ES;mso-fareast-language:ES-PE\">\u00a0<\/span><\/p>\n<p class=\"MsoNormal\" style=\"margin-bottom: 0.0001pt; text-align: justify; background-image: initial; background-position: initial; background-size: initial; background-repeat: initial; background-attachment: initial; background-origin: initial; background-clip: initial;\"><span lang=\"ES\" style=\"font-size:11.0pt;line-height:\n115%;font-family:\"Calibri\",sans-serif;mso-ascii-theme-font:minor-latin;\nmso-fareast-font-family:\"Times New Roman\";mso-hansi-theme-font:minor-latin;\nmso-bidi-theme-font:minor-latin;mso-ansi-language:ES;mso-fareast-language:ES-PE\">La Presidencia de la Conferencia Episcopal Peruana ante los persistentes hechos que desconciertan y preocupan al Pueblo peruano, como Obispos inspirados en la palabra del Se\u00f1or queremos ayudar a construir puentes de <i>paz con todos, procurando que ninguna ra\u00edz amarga haga da\u00f1o a la comunidad<\/i>\u201d (cf. Heb 12, 14-15). Motivados por esta preocupaci\u00f3n pastoral queremos decir lo siguiente:<\/span><span style=\"font-size:11.0pt;line-height:115%;\nfont-family:\"Calibri\",sans-serif;mso-ascii-theme-font:minor-latin;mso-fareast-font-family:\n\"Times New Roman\";mso-hansi-theme-font:minor-latin;mso-bidi-theme-font:minor-latin;\nmso-fareast-language:ES-PE\"><o:p><\/o:p><\/span><\/p>\n<p class=\"MsoNormal\" style=\"margin-bottom: 0.0001pt; text-align: justify; background-image: initial; background-position: initial; background-size: initial; background-repeat: initial; background-attachment: initial; background-origin: initial; background-clip: initial;\"><span lang=\"ES\" style=\"font-size:11.0pt;line-height:\n115%;font-family:\"Calibri\",sans-serif;mso-ascii-theme-font:minor-latin;\nmso-fareast-font-family:\"Times New Roman\";mso-hansi-theme-font:minor-latin;\nmso-bidi-theme-font:minor-latin;mso-ansi-language:ES;mso-fareast-language:ES-PE\">\u00a0<\/span><span style=\"font-size:11.0pt;line-height:115%;font-family:\"Calibri\",sans-serif;\nmso-ascii-theme-font:minor-latin;mso-fareast-font-family:\"Times New Roman\";\nmso-hansi-theme-font:minor-latin;mso-bidi-theme-font:minor-latin;mso-fareast-language:\nES-PE\"><o:p><\/o:p><\/span><\/p>\n<ol>\n<li><span lang=\"ES\" style=\"font-family:\"Calibri\",sans-serif;\nmso-ascii-theme-font:minor-latin;mso-fareast-font-family:\"Times New Roman\";\nmso-hansi-theme-font:minor-latin;mso-bidi-theme-font:minor-latin;mso-ansi-language:\nES;mso-fareast-language:ES-PE\">Las medidas econ\u00f3micas adoptadas en d\u00edas pasados, que han terminado con la renuncia de los funcionarios responsables, han ocasionado justas reacciones de protesta. No se puede cargar m\u00e1s impuestos a trabajadores que sufren por mejoras econ\u00f3micas, mientras,\u00a0por otro lado, se mantienen empresas exentas del pago de impuestos por d\u00e9cadas y gozan todav\u00eda de grandes privilegios. Si se quiere que haya paz en el pa\u00eds, debe abandonarse cualquier pol\u00edtica econ\u00f3mica que vulnera el derecho de los empobrecidos. Son buena noticia ciertas medidas que hacen un giro hacia una mayor justicia.<\/span><span style=\"font-family:\"Calibri\",sans-serif;mso-ascii-theme-font:minor-latin;\nmso-fareast-font-family:\"Times New Roman\";mso-hansi-theme-font:minor-latin;\nmso-bidi-theme-font:minor-latin;mso-fareast-language:ES-PE\"><o:p><\/o:p><\/span><\/li>\n<li><span lang=\"ES\" style=\"font-family:\"Calibri\",sans-serif;\nmso-ascii-theme-font:minor-latin;mso-fareast-font-family:\"Times New Roman\";\nmso-hansi-theme-font:minor-latin;mso-bidi-theme-font:minor-latin;mso-ansi-language:\nES;mso-fareast-language:ES-PE\">A pesar de las justas protestas, invocamos al pueblo afectado por las medidas econ\u00f3micas a no dejarse manipular por personas infiltradas que realizan actos violentos con el objetivo de desvirtuar las protestas y manifestaciones ciudadanas protegidas por la constituci\u00f3n y el Estado de derecho.<\/span><span style=\"font-family:\"Calibri\",sans-serif;mso-ascii-theme-font:\nminor-latin;mso-fareast-font-family:\"Times New Roman\";mso-hansi-theme-font:\nminor-latin;mso-bidi-theme-font:minor-latin;mso-fareast-language:ES-PE\"><o:p><\/o:p><\/span><\/li>\n<li><span lang=\"ES\" style=\"font-family:\"Calibri\",sans-serif;\nmso-ascii-theme-font:minor-latin;mso-fareast-font-family:\"Times New Roman\";\nmso-hansi-theme-font:minor-latin;mso-bidi-theme-font:minor-latin;mso-ansi-language:\nES;mso-fareast-language:ES-PE\">Los gastos superfluos en ciertas instituciones del Estado, as\u00ed como el empleo burocr\u00e1tico para satisfacer favores,\u00a0constituyen una burla a la ciudadan\u00eda y muestra claramente que estas instituciones y muchos de sus miembros viven ajenos a la situaci\u00f3n social del pa\u00eds. Tambi\u00e9n se deben tomar medidas adecuadas y eficaces contra los que mantienen lazos con el narcotr\u00e1fico y la corrupci\u00f3n. <\/span><span style=\"font-family:\"Calibri\",sans-serif;mso-ascii-theme-font:minor-latin;\nmso-fareast-font-family:\"Times New Roman\";mso-hansi-theme-font:minor-latin;\nmso-bidi-theme-font:minor-latin;mso-fareast-language:ES-PE\"><o:p><\/o:p><\/span><\/li>\n<li><span lang=\"ES\" style=\"font-family: Calibri, sans-serif;\">La muerte de Eyvi Agreda nos impone un desaf\u00edo a todos, adem\u00e1s de nuestra solidaridad con las mujeres v\u00edctimas de feminicidio, para combatirlo, como ped\u00eda el Papa Francisco: <\/span><span style=\"background-image: initial; background-position: initial; background-size: initial; background-repeat: initial; background-attachment: initial; background-origin: initial; background-clip: initial; font-family: Calibri, sans-serif;\">\u201c<i>Mirando a las madres y a las abuelas, quiero invitarlos a luchar contra una plaga que afecta a nuestro continente americano: los numerosos casos de feminicidio<\/i>\u201d. <\/span><span lang=\"ES\" style=\"font-family: Calibri, sans-serif;\">Por ello debemos desarrollar una gran campa\u00f1a educativa que ayude a sacar de nuestra mentalidad el machismo, que viene siendo incluso incentivado en ciertos medios como un modelo de vida. La Iglesia est\u00e1 comprometida en resaltar los derechos y la dignidad de la mujer y ser puente para que una sociedad nueva resurja en el Per\u00fa, con respeto, dignidad y ternura.<\/span><\/li>\n<\/ol>\n<p class=\"MsoNormal\" style=\"margin-bottom: 0.0001pt; text-align: justify; background-image: initial; background-position: initial; background-size: initial; background-repeat: initial; background-attachment: initial; background-origin: initial; background-clip: initial;\"><span lang=\"ES\" style=\"font-size:11.0pt;line-height:\n115%;font-family:\"Calibri\",sans-serif;mso-ascii-theme-font:minor-latin;\nmso-fareast-font-family:\"Times New Roman\";mso-hansi-theme-font:minor-latin;\nmso-bidi-theme-font:minor-latin;mso-ansi-language:ES;mso-fareast-language:ES-PE\">Todos estos hechos est\u00e1n relacionados, y agradecemos al pueblo que manifiesta p\u00fablicamente su anhelo de una democracia s\u00f3lida y transparente, sin corrupci\u00f3n, con pol\u00edticos de alta calidad \u00e9tica y moral, en defensa de la vida, de la mujer y de los m\u00e1s necesitados. <o:p><\/o:p><\/span><\/p>\n<p class=\"MsoNormal\" align=\"right\" style=\"margin-bottom: 0.0001pt; text-align: right; background-image: initial; background-position: initial; background-size: initial; background-repeat: initial; background-attachment: initial; background-origin: initial; background-clip: initial;\"><span style=\"font-size:11.0pt;line-height:\n115%;font-family:\"Calibri\",sans-serif;mso-ascii-theme-font:minor-latin;\nmso-fareast-font-family:\"Times New Roman\";mso-hansi-theme-font:minor-latin;\nmso-bidi-theme-font:minor-latin;mso-fareast-language:ES-PE\">Lima, 8 de junio del 2018<o:p><\/o:p><\/span><\/p>\n<p class=\"MsoNormal\" align=\"center\" style=\"margin-bottom:0cm;margin-bottom:.0001pt;\ntext-align:center\"><span style=\"font-family:\"Times New Roman\",serif\">\u00a0<\/span><br \/>\n<span style=\"font-size:11.0pt;line-height:115%;font-family:\n\"Calibri\",sans-serif;mso-ascii-theme-font:minor-latin;mso-hansi-theme-font:\nminor-latin;mso-bidi-theme-font:minor-latin\">Excmo. Mons. Miguel Cabrejos Vidarte, OFM<o:p><\/o:p><\/span><br \/>\n<span style=\"font-size:11.0pt;line-height:115%;font-family:\n\"Calibri\",sans-serif;mso-ascii-theme-font:minor-latin;mso-hansi-theme-font:\nminor-latin;mso-bidi-theme-font:minor-latin\">Arzobispo Metropolitano de Trujillo<o:p><\/o:p><\/span><br \/>\n<span style=\"font-size:11.0pt;line-height:115%;font-family:\n\"Calibri\",sans-serif;mso-ascii-theme-font:minor-latin;mso-hansi-theme-font:\nminor-latin;mso-bidi-theme-font:minor-latin\">Presidente CEP<o:p><\/o:p><\/span><\/p>\n<p class=\"MsoNormal\" align=\"center\" style=\"margin-bottom:0cm;margin-bottom:.0001pt;\ntext-align:center\"><span style=\"font-size: 11pt; line-height: 115%; font-family: Calibri, sans-serif;\">Cardenal Electo Pedro Ricardo Barreto Jimeno, SJ<o:p><\/o:p><\/span><br \/>\n<span style=\"font-size: 11pt; line-height: 115%; font-family: Calibri, sans-serif;\">Arzobispo Metropolitano de Huancayo<o:p><\/o:p><\/span><br \/>\n<span style=\"font-size: 11pt; line-height: 115%; font-family: Calibri, sans-serif;\">Primer Vicepresidente CEP<\/span><span style=\"font-size:11.0pt;line-height:115%;\nfont-family:\"Calibri\",sans-serif;mso-ascii-theme-font:minor-latin;mso-hansi-theme-font:\nminor-latin;mso-bidi-theme-font:minor-latin\"><o:p><\/o:p><\/span><\/p>\n<p class=\"MsoNormal\" align=\"center\" style=\"margin-bottom:0cm;margin-bottom:.0001pt;\ntext-align:center\"><span lang=\"EN-US\" style=\"font-size: 11pt; line-height: 115%; font-family: Calibri, sans-serif;\">Excmo. Mons. Robert Francis Prevost, OSA<o:p><\/o:p><\/span><br \/>\n<span style=\"font-size:11.0pt;line-height:115%;font-family:\n\"Calibri\",sans-serif;mso-ascii-theme-font:minor-latin;mso-hansi-theme-font:\nminor-latin;mso-bidi-theme-font:minor-latin\">Obispo de Chiclayo<o:p><\/o:p><\/span><br \/>\n<span style=\"font-size:11.0pt;line-height:115%;font-family:\n\"Calibri\",sans-serif;mso-ascii-theme-font:minor-latin;mso-hansi-theme-font:\nminor-latin;mso-bidi-theme-font:minor-latin\">Segundo Vicepresidente CEP<o:p><\/o:p><\/span><\/p>\n<p class=\"MsoNormal\" align=\"center\" style=\"margin-bottom:0cm;margin-bottom:.0001pt;\ntext-align:center\"><span style=\"font-size: 11pt; line-height: 115%; font-family: Calibri, sans-serif;\">Excmo. Mons. <\/span><span style=\"font-size:11.0pt;line-height:115%;font-family:\"Calibri\",sans-serif;\nmso-ascii-theme-font:minor-latin;mso-hansi-theme-font:minor-latin;mso-bidi-theme-font:\nminor-latin\">Norberto Strotmann, MSC<o:p><\/o:p><\/span><br \/>\n<span style=\"font-size:11.0pt;line-height:115%;font-family:\n\"Calibri\",sans-serif;mso-ascii-theme-font:minor-latin;mso-hansi-theme-font:\nminor-latin;mso-bidi-theme-font:minor-latin\">Obispo de Chosica<o:p><\/o:p><\/span><span style=\"font-size: 11pt; line-height: 115%; font-family: Calibri, sans-serif;\">Secretario General CEP<\/span><span style=\"font-size:11.0pt;line-height:115%;font-family:\n\"Calibri\",sans-serif;mso-ascii-theme-font:minor-latin;mso-hansi-theme-font:\nminor-latin;mso-bidi-theme-font:minor-latin\"><o:p><\/o:p><\/span><\/p>\n<p class=\"MsoNormal\" align=\"center\" style=\"margin-bottom:0cm;margin-bottom:.0001pt;\ntext-align:center\"><span style=\"font-family:\"Times New Roman\",serif\">\u00a0<\/span><\/p>\n<p class=\"MsoNormal\" style=\"margin: 0cm 0cm 0.0001pt 212.4pt; text-align: justify; line-height: normal; background-image: initial; background-position: initial; background-size: initial; background-repeat: initial; background-attachment: initial; background-origin: initial; background-clip: initial;\">\u00a0<\/p>\n<p><a href=\"http:\/\/web.hilo.org.pe\/wp-content\/uploads\/CEP.jpg\" target=\"_blank\" rel=\"noopener\">Ver archivo adjunto<\/a><\/p>\n","protected":false},"excerpt":{"rendered":"<p>La Presidencia de la Conferencia Episcopal Peruana ante los persistentes hechos que desconciertan y preocupan al Pueblo peruano, como Obispos inspirados en la palabra del Se\u00f1or queremos ayudar a construir puentes de paz con todos, procurando que ninguna ra\u00edz amarga haga da\u00f1o a la comunidad\u201d (cf. Heb 12, 14-15).<\/p>\n","protected":false},"author":1,"featured_media":8020,"comment_status":"closed","ping_status":"closed","sticky":false,"template":"","format":"standard","meta":{"footnotes":""},"categories":[9],"tags":[],"class_list":["post-3084","post","type-post","status-publish","format-standard","has-post-thumbnail","hentry","category-noticias"],"_links":{"self":[{"href":"https:\/\/ceas.org.pe\/index.php\/wp-json\/wp\/v2\/posts\/3084","targetHints":{"allow":["GET"]}}],"collection":[{"href":"https:\/\/ceas.org.pe\/index.php\/wp-json\/wp\/v2\/posts"}],"about":[{"href":"https:\/\/ceas.org.pe\/index.php\/wp-json\/wp\/v2\/types\/post"}],"author":[{"embeddable":true,"href":"https:\/\/ceas.org.pe\/index.php\/wp-json\/wp\/v2\/users\/1"}],"replies":[{"embeddable":true,"href":"https:\/\/ceas.org.pe\/index.php\/wp-json\/wp\/v2\/comments?post=3084"}],"version-history":[{"count":1,"href":"https:\/\/ceas.org.pe\/index.php\/wp-json\/wp\/v2\/posts\/3084\/revisions"}],"predecessor-version":[{"id":6134,"href":"https:\/\/ceas.org.pe\/index.php\/wp-json\/wp\/v2\/posts\/3084\/revisions\/6134"}],"wp:featuredmedia":[{"embeddable":true,"href":"https:\/\/ceas.org.pe\/index.php\/wp-json\/wp\/v2\/media\/8020"}],"wp:attachment":[{"href":"https:\/\/ceas.org.pe\/index.php\/wp-json\/wp\/v2\/media?parent=3084"}],"wp:term":[{"taxonomy":"category","embeddable":true,"href":"https:\/\/ceas.org.pe\/index.php\/wp-json\/wp\/v2\/categories?post=3084"},{"taxonomy":"post_tag","embeddable":true,"href":"https:\/\/ceas.org.pe\/index.php\/wp-json\/wp\/v2\/tags?post=3084"}],"curies":[{"name":"wp","href":"https:\/\/api.w.org\/{rel}","templated":true}]}}