{"id":3083,"date":"2018-06-06T16:42:28","date_gmt":"2018-06-06T16:42:28","guid":{"rendered":""},"modified":"2026-03-11T09:11:57","modified_gmt":"2026-03-11T14:11:57","slug":"papa-francisco-saluda-al-padre-gustavo-gutierrez-por-sus-90-anos","status":"publish","type":"post","link":"https:\/\/ceas.org.pe\/index.php\/2018\/06\/06\/papa-francisco-saluda-al-padre-gustavo-gutierrez-por-sus-90-anos\/","title":{"rendered":"Papa Francisco saluda al padre Gustavo Guti\u00e9rrez por sus 90 a\u00f1os"},"content":{"rendered":"<p class=\"MsoNormal\" style=\"text-align:justify\"><span class=\"MsoHyperlink\"><span style=\"color: rgb(51, 51, 64); border: 1pt none windowtext; padding: 0cm; background-image: initial; background-position: initial; background-size: initial; background-repeat: initial; background-attachment: initial; background-origin: initial; background-clip: initial;\"><a href=\"https:\/\/larepublica.pe\/tag\/papa-francisco\"><span style=\"color: rgb(51, 51, 64); text-decoration-line: none;\">Sumo Pont\u00edfice<\/span><\/a><\/span><\/span><span class=\"MsoHyperlink\"><span style=\"color: rgb(51, 51, 64); border: 1pt none windowtext; padding: 0cm;\">\u00a0envi\u00f3 una carta en la que expresa sus mejores deseos en el onom\u00e1stico del reconocido\u00a0<\/span><\/span><span class=\"MsoHyperlink\"><span style=\"color: rgb(51, 51, 64);\">te\u00f3logo peruano<\/span><\/span><span class=\"MsoHyperlink\"><span style=\"color: rgb(51, 51, 64); border: 1pt none windowtext; padding: 0cm;\">.<o:p><\/o:p><\/span><\/span><\/p>\n<p style=\"margin: 0cm 0cm 0.0001pt; text-align: justify; background-image: initial; background-position: initial; background-size: initial; background-repeat: initial; background-attachment: initial; background-origin: initial; background-clip: initial; vertical-align: baseline;\"><span class=\"MsoHyperlink\"><span style=\"font-size: 11pt; font-family: Calibri, sans-serif; color: rgb(51, 51, 64); border: 1pt none windowtext; padding: 0cm; background-image: initial; background-position: initial; background-size: initial; background-repeat: initial; background-attachment: initial; background-origin: initial; background-clip: initial;\">El\u00a0<a href=\"https:\/\/larepublica.pe\/tag\/papa-francisco\"><span style=\"color: rgb(51, 51, 64); text-decoration-line: none;\">Papa Francisco<\/span><\/a>\u00a0se dio un tiempo entre sus labores y envi\u00f3 una carta al\u00a0<a href=\"https:\/\/larepublica.pe\/tag\/religion\"><span style=\"color: rgb(51, 51, 64); text-decoration-line: none;\">padre<\/span><\/a>\u00a0<\/span><\/span><span class=\"MsoHyperlink\"><span style=\"font-size: 11pt; font-family: Calibri, sans-serif; color: rgb(51, 51, 64); background-image: initial; background-position: initial; background-size: initial; background-repeat: initial; background-attachment: initial; background-origin: initial; background-clip: initial;\">Gustavo Guti\u00e9rrez Merino<\/span><\/span><span class=\"MsoHyperlink\"><span style=\"font-size: 11pt; font-family: Calibri, sans-serif; color: rgb(51, 51, 64); border: 1pt none windowtext; padding: 0cm; background-image: initial; background-position: initial; background-size: initial; background-repeat: initial; background-attachment: initial; background-origin: initial; background-clip: initial;\">\u00a0quien en dos d\u00edas cumplir\u00e1 90 a\u00f1os.<o:p><\/o:p><\/span><\/span><\/p>\n<p style=\"margin: 0cm 0cm 0.0001pt; text-align: justify; background-image: initial; background-position: initial; background-size: initial; background-repeat: initial; background-attachment: initial; background-origin: initial; background-clip: initial; vertical-align: baseline;\"><span class=\"MsoHyperlink\"><span style=\"font-size: 11pt; font-family: Calibri, sans-serif; color: rgb(51, 51, 64); border: 1pt none windowtext; padding: 0cm; background-image: initial; background-position: initial; background-size: initial; background-repeat: initial; background-attachment: initial; background-origin: initial; background-clip: initial;\"><o:p>\u00a0<\/o:p><\/span><\/span><\/p>\n<p style=\"margin: 0cm 0cm 0.0001pt; text-align: justify; background-image: initial; background-position: initial; background-size: initial; background-repeat: initial; background-attachment: initial; background-origin: initial; background-clip: initial; vertical-align: baseline;\"><span class=\"MsoHyperlink\"><span style=\"font-size: 11pt; font-family: Calibri, sans-serif; color: rgb(51, 51, 64); border: 1pt none windowtext; padding: 0cm; background-image: initial; background-position: initial; background-size: initial; background-repeat: initial; background-attachment: initial; background-origin: initial; background-clip: initial;\">As\u00ed, el l\u00edder de la\u00a0<a href=\"https:\/\/larepublica.pe\/tag\/iglesia-catolica\"><span style=\"color: rgb(51, 51, 64); text-decoration-line: none;\">Iglesia Cat\u00f3lica<\/span><\/a>\u00a0se suma a las celebraciones que centros de\u00a0<\/span><\/span><span class=\"MsoHyperlink\"><span style=\"font-size: 11pt; font-family: Calibri, sans-serif; color: rgb(51, 51, 64); background-image: initial; background-position: initial; background-size: initial; background-repeat: initial; background-attachment: initial; background-origin: initial; background-clip: initial;\">estudios<\/span><\/span><span class=\"MsoHyperlink\"><span style=\"font-size: 11pt; font-family: Calibri, sans-serif; color: rgb(51, 51, 64); border: 1pt none windowtext; padding: 0cm; background-image: initial; background-position: initial; background-size: initial; background-repeat: initial; background-attachment: initial; background-origin: initial; background-clip: initial;\">\u00a0y\u00a0<a href=\"https:\/\/larepublica.pe\/mundo\/1255933-etiopia-pastor-evangelico-murio-atacado-cocodrilo-pleno-bautizo-foto\"><span style=\"color: rgb(51, 51, 64); text-decoration-line: none;\">religiosos<\/span><\/a>\u00a0efectuar\u00e1n con motivo del aniversario n\u00famero 90 del nacimiento de\u00a0<\/span><\/span><span class=\"MsoHyperlink\"><span style=\"font-size: 11pt; font-family: Calibri, sans-serif; color: rgb(51, 51, 64); background-image: initial; background-position: initial; background-size: initial; background-repeat: initial; background-attachment: initial; background-origin: initial; background-clip: initial;\">Guti\u00e9rrez<\/span><\/span><span class=\"MsoHyperlink\"><span style=\"font-size: 11pt; font-family: Calibri, sans-serif; color: rgb(51, 51, 64); border: 1pt none windowtext; padding: 0cm; background-image: initial; background-position: initial; background-size: initial; background-repeat: initial; background-attachment: initial; background-origin: initial; background-clip: initial;\">, mundialmente reconocido por la\u00a0<\/span><\/span><span class=\"MsoHyperlink\"><span style=\"font-size: 11pt; font-family: Calibri, sans-serif; color: rgb(51, 51, 64); background-image: initial; background-position: initial; background-size: initial; background-repeat: initial; background-attachment: initial; background-origin: initial; background-clip: initial;\">Teolog\u00eda de la liberaci\u00f3n<\/span><\/span><span class=\"MsoHyperlink\"><span style=\"font-size: 11pt; font-family: Calibri, sans-serif; color: rgb(51, 51, 64); border: 1pt none windowtext; padding: 0cm; background-image: initial; background-position: initial; background-size: initial; background-repeat: initial; background-attachment: initial; background-origin: initial; background-clip: initial;\">.<o:p><\/o:p><\/span><\/span><\/p>\n<p class=\"MsoNormal\" style=\"text-align:justify\"><span class=\"MsoHyperlink\"><span style=\"color: rgb(51, 51, 64); border: 1pt none windowtext; padding: 0cm; background-image: initial; background-position: initial; background-size: initial; background-repeat: initial; background-attachment: initial; background-origin: initial; background-clip: initial;\"><o:p>\u00a0<\/o:p><\/span><\/span><\/p>\n<p style=\"margin: 0cm 0cm 0.0001pt; text-align: justify; background-image: initial; background-position: initial; background-size: initial; background-repeat: initial; background-attachment: initial; background-origin: initial; background-clip: initial; vertical-align: baseline;\"><span class=\"MsoHyperlink\"><span style=\"font-size: 11pt; font-family: Calibri, sans-serif; color: rgb(51, 51, 64); border: 1pt none windowtext; padding: 0cm; background-image: initial; background-position: initial; background-size: initial; background-repeat: initial; background-attachment: initial; background-origin: initial; background-clip: initial;\">En una carta fechada el pasado 28 de mayo y con lugar el\u00a0<\/span><\/span><span class=\"MsoHyperlink\"><span style=\"font-size: 11pt; font-family: Calibri, sans-serif; color: rgb(51, 51, 64); background-image: initial; background-position: initial; background-size: initial; background-repeat: initial; background-attachment: initial; background-origin: initial; background-clip: initial;\">Vaticano<\/span><\/span><span class=\"MsoHyperlink\"><span style=\"font-size: 11pt; font-family: Calibri, sans-serif; color: rgb(51, 51, 64); border: 1pt none windowtext; padding: 0cm; background-image: initial; background-position: initial; background-size: initial; background-repeat: initial; background-attachment: initial; background-origin: initial; background-clip: initial;\">,\u00a0<\/span><\/span><span class=\"MsoHyperlink\"><span style=\"font-size: 11pt; font-family: Calibri, sans-serif; color: rgb(51, 51, 64); background-image: initial; background-position: initial; background-size: initial; background-repeat: initial; background-attachment: initial; background-origin: initial; background-clip: initial;\">Jorge Mario Bergoglio<\/span><\/span><span class=\"MsoHyperlink\"><span style=\"font-size: 11pt; font-family: Calibri, sans-serif; color: rgb(51, 51, 64); border: 1pt none windowtext; padding: 0cm; background-image: initial; background-position: initial; background-size: initial; background-repeat: initial; background-attachment: initial; background-origin: initial; background-clip: initial;\">\u00a0redact\u00f3 un emotivo saludo al\u00a0<a href=\"https:\/\/larepublica.pe\/politica\/1253644-iglesia-dice-extradicion-luis-figari-depende-justicia-peruana\"><span style=\"color: rgb(51, 51, 64); text-decoration-line: none;\">religioso<\/span><\/a> peruano en el que destaca sus virtudes y su contribuci\u00f3n al\u00a0<\/span><\/span><span class=\"MsoHyperlink\"><span style=\"font-size: 11pt; font-family: Calibri, sans-serif; color: rgb(51, 51, 64); background-image: initial; background-position: initial; background-size: initial; background-repeat: initial; background-attachment: initial; background-origin: initial; background-clip: initial;\">catolicismo<\/span><\/span><span class=\"MsoHyperlink\"><span style=\"font-size: 11pt; font-family: Calibri, sans-serif; color: rgb(51, 51, 64); border: 1pt none windowtext; padding: 0cm; background-image: initial; background-position: initial; background-size: initial; background-repeat: initial; background-attachment: initial; background-origin: initial; background-clip: initial;\">. \u201cMe uno a tu acci\u00f3n de gracias a Dios por cuanto has contribuido a la Iglesia y a la humanidad, a trav\u00e9s de tu servicio teol\u00f3gico y de tu amor preferencial por los pobres y los descartados de la sociedad\u201d, se puede leer en una parte de la misiva.<o:p><\/o:p><\/span><\/span><\/p>\n<p style=\"margin: 0cm 0cm 0.0001pt; text-align: justify; background-image: initial; background-position: initial; background-size: initial; background-repeat: initial; background-attachment: initial; background-origin: initial; background-clip: initial; vertical-align: baseline;\"><span class=\"MsoHyperlink\"><span style=\"font-size: 11pt; font-family: Calibri, sans-serif; color: rgb(51, 51, 64); border: 1pt none windowtext; padding: 0cm; background-image: initial; background-position: initial; background-size: initial; background-repeat: initial; background-attachment: initial; background-origin: initial; background-clip: initial;\"><o:p>\u00a0<\/o:p><\/span><\/span><\/p>\n<p style=\"margin: 0cm 0cm 0.0001pt; text-align: justify; background-image: initial; background-position: initial; background-size: initial; background-repeat: initial; background-attachment: initial; background-origin: initial; background-clip: initial; vertical-align: baseline;\"><span class=\"MsoHyperlink\"><span style=\"font-size: 11pt; font-family: Calibri, sans-serif; color: rgb(51, 51, 64); border: 1pt none windowtext; padding: 0cm; background-image: initial; background-position: initial; background-size: initial; background-repeat: initial; background-attachment: initial; background-origin: initial; background-clip: initial;\">Finalmente,\u00a0<a href=\"https:\/\/larepublica.pe\/politica\/1251827-pedro-barreto-corrupcion-responsabilidad-crecimiento-mineria-ilegal\"><span style=\"color: rgb(51, 51, 64); text-decoration-line: none;\">Francisco<\/span><\/a>\u00a0le pidi\u00f3 a\u00a0<\/span><\/span><span class=\"MsoHyperlink\"><span style=\"font-size: 11pt; font-family: Calibri, sans-serif; color: rgb(51, 51, 64); background-image: initial; background-position: initial; background-size: initial; background-repeat: initial; background-attachment: initial; background-origin: initial; background-clip: initial;\">Guti\u00e9rrez<\/span><\/span><span class=\"MsoHyperlink\"><span style=\"font-size: 11pt; font-family: Calibri, sans-serif; color: rgb(51, 51, 64); border: 1pt none windowtext; padding: 0cm; background-image: initial; background-position: initial; background-size: initial; background-repeat: initial; background-attachment: initial; background-origin: initial; background-clip: initial;\">\u00a0que rece por \u00e9l y que no desista de su\u00a0<\/span><\/span><span class=\"MsoHyperlink\"><span style=\"font-size: 11pt; font-family: Calibri, sans-serif; color: rgb(51, 51, 64); background-image: initial; background-position: initial; background-size: initial; background-repeat: initial; background-attachment: initial; background-origin: initial; background-clip: initial;\">misi\u00f3n religiosa<\/span><\/span><span class=\"MsoHyperlink\"><span style=\"font-size: 11pt; font-family: Calibri, sans-serif; color: rgb(51, 51, 64); border: 1pt none windowtext; padding: 0cm; background-image: initial; background-position: initial; background-size: initial; background-repeat: initial; background-attachment: initial; background-origin: initial; background-clip: initial;\">.<o:p><\/o:p><\/span><\/span><\/p>\n<p style=\"margin: 0cm 0cm 0.0001pt; text-align: justify; background-image: initial; background-position: initial; background-size: initial; background-repeat: initial; background-attachment: initial; background-origin: initial; background-clip: initial; vertical-align: baseline;\"><span class=\"MsoHyperlink\"><span style=\"font-size: 11pt; font-family: Calibri, sans-serif; color: rgb(51, 51, 64); background-image: initial; background-position: initial; background-size: initial; background-repeat: initial; background-attachment: initial; background-origin: initial; background-clip: initial;\"><o:p>\u00a0<\/o:p><\/span><\/span><\/p>\n<p style=\"margin: 0cm 0cm 0.0001pt; text-align: justify; background-image: initial; background-position: initial; background-size: initial; background-repeat: initial; background-attachment: initial; background-origin: initial; background-clip: initial; vertical-align: baseline;\"><span class=\"MsoHyperlink\"><span style=\"font-size: 11pt; font-family: Calibri, sans-serif; color: rgb(51, 51, 64); background-image: initial; background-position: initial; background-size: initial; background-repeat: initial; background-attachment: initial; background-origin: initial; background-clip: initial;\">Gustavo Guti\u00e9rrez Merino<\/span><\/span><span class=\"MsoHyperlink\"><span style=\"font-size: 11pt; font-family: Calibri, sans-serif; color: rgb(51, 51, 64); border: 1pt none windowtext; padding: 0cm; background-image: initial; background-position: initial; background-size: initial; background-repeat: initial; background-attachment: initial; background-origin: initial; background-clip: initial;\">\u00a0naci\u00f3 en el 8 de junio de 1928 en el Centro viejo de Lima en el seno de una familia humilde con or\u00edgenes nativos y quechuas. Estudi\u00f3 Medicina, pero su vocaci\u00f3n para ser\u00a0<a href=\"https:\/\/larepublica.pe\/sociedad\/1252870-cajamarca-pueblo-cajamarquino-celebro-corpus-christi\"><span style=\"color: rgb(51, 51, 64); text-decoration-line: none;\">sacerdote<\/span><\/a>\u00a0lo llev\u00f3 a estudiar Filosof\u00eda y Psicolog\u00eda en la universidad de Lovaina (B\u00e9lgica) y Teolog\u00eda en Lyon (Francia), llegando a ordenarse en 1959.<o:p><\/o:p><\/span><\/span><\/p>\n<p style=\"margin: 0cm 0cm 0.0001pt; text-align: justify; background-image: initial; background-position: initial; background-size: initial; background-repeat: initial; background-attachment: initial; background-origin: initial; background-clip: initial; vertical-align: baseline;\"><span class=\"MsoHyperlink\"><span style=\"font-size: 11pt; font-family: Calibri, sans-serif; color: rgb(51, 51, 64); border: 1pt none windowtext; padding: 0cm; background-image: initial; background-position: initial; background-size: initial; background-repeat: initial; background-attachment: initial; background-origin: initial; background-clip: initial;\"><o:p>\u00a0<\/o:p><\/span><\/span><\/p>\n<p style=\"margin: 0cm 0cm 0.0001pt; text-align: justify; background-image: initial; background-position: initial; background-size: initial; background-repeat: initial; background-attachment: initial; background-origin: initial; background-clip: initial; vertical-align: baseline;\"><span class=\"MsoHyperlink\"><span style=\"font-size: 11pt; font-family: Calibri, sans-serif; color: rgb(51, 51, 64); border: 1pt none windowtext; padding: 0cm; background-image: initial; background-position: initial; background-size: initial; background-repeat: initial; background-attachment: initial; background-origin: initial; background-clip: initial;\">En los a\u00f1os 60, aborda una nueva interpretaci\u00f3n de la\u00a0<\/span><\/span><span class=\"MsoHyperlink\"><span style=\"font-size: 11pt; font-family: Calibri, sans-serif; color: rgb(51, 51, 64); background-image: initial; background-position: initial; background-size: initial; background-repeat: initial; background-attachment: initial; background-origin: initial; background-clip: initial;\">teolog\u00eda<\/span><\/span><span class=\"MsoHyperlink\"><span style=\"font-size: 11pt; font-family: Calibri, sans-serif; color: rgb(51, 51, 64); border: 1pt none windowtext; padding: 0cm; background-image: initial; background-position: initial; background-size: initial; background-repeat: initial; background-attachment: initial; background-origin: initial; background-clip: initial;\">\u00a0en relaci\u00f3n a la problem\u00e1tica de la injusta estructura social en\u00a0<\/span><\/span><span class=\"MsoHyperlink\"><span style=\"font-size: 11pt; font-family: Calibri, sans-serif; color: rgb(51, 51, 64); background-image: initial; background-position: initial; background-size: initial; background-repeat: initial; background-attachment: initial; background-origin: initial; background-clip: initial;\">Am\u00e9rica Latina<\/span><\/span><span class=\"MsoHyperlink\"><span style=\"font-size: 11pt; font-family: Calibri, sans-serif; color: rgb(51, 51, 64); border: 1pt none windowtext; padding: 0cm; background-image: initial; background-position: initial; background-size: initial; background-repeat: initial; background-attachment: initial; background-origin: initial; background-clip: initial;\">, por lo que la pobreza se vuelve un eje importante en sus textos. Indica que el \u00fanico medio para llegar a\u00a0<\/span><\/span><span class=\"MsoHyperlink\"><span style=\"font-size: 11pt; font-family: Calibri, sans-serif; color: rgb(51, 51, 64); background-image: initial; background-position: initial; background-size: initial; background-repeat: initial; background-attachment: initial; background-origin: initial; background-clip: initial;\">Dios<\/span><\/span><span class=\"MsoHyperlink\"><span style=\"font-size: 11pt; font-family: Calibri, sans-serif; color: rgb(51, 51, 64); border: 1pt none windowtext; padding: 0cm; background-image: initial; background-position: initial; background-size: initial; background-repeat: initial; background-attachment: initial; background-origin: initial; background-clip: initial;\">\u00a0ser\u00eda, entonces, el compromiso de fe para con \u00e9l y no la situaci\u00f3n socioecon\u00f3mica del creyente.<o:p><\/o:p><\/span><\/span><\/p>\n<p style=\"margin: 0cm 0cm 0.0001pt; text-align: justify; background-image: initial; background-position: initial; background-size: initial; background-repeat: initial; background-attachment: initial; background-origin: initial; background-clip: initial; vertical-align: baseline;\"><span class=\"MsoHyperlink\"><span style=\"font-size: 11pt; font-family: Calibri, sans-serif; color: rgb(51, 51, 64); border: 1pt none windowtext; padding: 0cm; background-image: initial; background-position: initial; background-size: initial; background-repeat: initial; background-attachment: initial; background-origin: initial; background-clip: initial;\"><o:p>\u00a0<\/o:p><\/span><\/span><\/p>\n<p style=\"margin: 0cm 0cm 0.0001pt; text-align: justify; background-image: initial; background-position: initial; background-size: initial; background-repeat: initial; background-attachment: initial; background-origin: initial; background-clip: initial; vertical-align: baseline;\"><span class=\"MsoHyperlink\"><span style=\"font-size: 11pt; font-family: Calibri, sans-serif; color: rgb(51, 51, 64); border: 1pt none windowtext; padding: 0cm; background-image: initial; background-position: initial; background-size: initial; background-repeat: initial; background-attachment: initial; background-origin: initial; background-clip: initial;\">En 2003 fue galardonado con el\u00a0<\/span><\/span><span class=\"MsoHyperlink\"><span style=\"font-size: 11pt; font-family: Calibri, sans-serif; color: rgb(51, 51, 64); background-image: initial; background-position: initial; background-size: initial; background-repeat: initial; background-attachment: initial; background-origin: initial; background-clip: initial;\">Premio Pr\u00edncipe de Asturias de Comunicaci\u00f3n y Humanidades<\/span><\/span><span class=\"MsoHyperlink\"><span style=\"font-size: 11pt; font-family: Calibri, sans-serif; color: rgb(51, 51, 64); border: 1pt none windowtext; padding: 0cm; background-image: initial; background-position: initial; background-size: initial; background-repeat: initial; background-attachment: initial; background-origin: initial; background-clip: initial;\">, y en 2012 el Ministerio de Cultura y Petroper\u00fa lo condecor\u00f3 con el\u00a0<\/span><\/span><span class=\"MsoHyperlink\"><span style=\"font-size: 11pt; font-family: Calibri, sans-serif; color: rgb(51, 51, 64); background-image: initial; background-position: initial; background-size: initial; background-repeat: initial; background-attachment: initial; background-origin: initial; background-clip: initial;\">Premio Nacional de Cultura<\/span><\/span><span class=\"MsoHyperlink\"><span style=\"font-size: 11pt; font-family: Calibri, sans-serif; color: rgb(51, 51, 64); border: 1pt none windowtext; padding: 0cm; background-image: initial; background-position: initial; background-size: initial; background-repeat: initial; background-attachment: initial; background-origin: initial; background-clip: initial;\">\u00a0por su trayectoria y aporte a la investigaci\u00f3n en el pa\u00eds.<o:p><\/o:p><\/span><\/span><\/p>\n<p style=\"margin: 0cm 0cm 0.0001pt; text-align: justify; background-image: initial; background-position: initial; background-size: initial; background-repeat: initial; background-attachment: initial; background-origin: initial; background-clip: initial; vertical-align: baseline;\"><span class=\"MsoHyperlink\"><span style=\"font-size: 11pt; font-family: Calibri, sans-serif; color: rgb(51, 51, 64); border: 1pt none windowtext; padding: 0cm; background-image: initial; background-position: initial; background-size: initial; background-repeat: initial; background-attachment: initial; background-origin: initial; background-clip: initial;\"><o:p>\u00a0<\/o:p><\/span><\/span><\/p>\n<p style=\"margin: 0cm 0cm 0.0001pt; text-align: justify; background-image: initial; background-position: initial; background-size: initial; background-repeat: initial; background-attachment: initial; background-origin: initial; background-clip: initial; vertical-align: baseline;\"><span class=\"MsoHyperlink\"><span style=\"font-size: 11pt; font-family: Calibri, sans-serif; color: rgb(51, 51, 64); border: 1pt none windowtext; padding: 0cm; background-image: initial; background-position: initial; background-size: initial; background-repeat: initial; background-attachment: initial; background-origin: initial; background-clip: initial;\">El d\u00eda de ma\u00f1ana, se realizar\u00e1 una\u00a0<a href=\"https:\/\/larepublica.pe\/sociedad\/1252215-senor-qoylluriti-cusco-caballo-retuerce-dolor-camino-santuario\"><span style=\"color: rgb(51, 51, 64); text-decoration-line: none;\">misa<\/span><\/a>\u00a0por este motivo a las 7 de la noche en la\u00a0<\/span><\/span><span class=\"MsoHyperlink\"><span style=\"font-size: 11pt; font-family: Calibri, sans-serif; color: rgb(51, 51, 64); background-image: initial; background-position: initial; background-size: initial; background-repeat: initial; background-attachment: initial; background-origin: initial; background-clip: initial;\">Iglesia Santo Domingo<\/span><\/span><span class=\"MsoHyperlink\"><span style=\"font-size: 11pt; font-family: Calibri, sans-serif; color: rgb(51, 51, 64); border: 1pt none windowtext; padding: 0cm; background-image: initial; background-position: initial; background-size: initial; background-repeat: initial; background-attachment: initial; background-origin: initial; background-clip: initial;\">\u00a0(Cuadra N\u00b01 del Jr. Caman\u00e1, Cercado de Lima), con la participaci\u00f3n de instituciones acad\u00e9micas como el\u00a0<\/span><\/span><span class=\"MsoHyperlink\"><span style=\"font-size: 11pt; font-family: Calibri, sans-serif; color: rgb(51, 51, 64); background-image: initial; background-position: initial; background-size: initial; background-repeat: initial; background-attachment: initial; background-origin: initial; background-clip: initial;\">Instituto Bartolom\u00e9 de Las Casas<\/span><\/span><span class=\"MsoHyperlink\"><span style=\"font-size: 11pt; font-family: Calibri, sans-serif; color: rgb(51, 51, 64); border: 1pt none windowtext; padding: 0cm; background-image: initial; background-position: initial; background-size: initial; background-repeat: initial; background-attachment: initial; background-origin: initial; background-clip: initial;\">\u00a0y la\u00a0<\/span><\/span><span class=\"MsoHyperlink\"><span style=\"font-size: 11pt; font-family: Calibri, sans-serif; color: rgb(51, 51, 64); background-image: initial; background-position: initial; background-size: initial; background-repeat: initial; background-attachment: initial; background-origin: initial; background-clip: initial;\">Pontifica Universidad cat\u00f3lica del Per\u00fa<\/span><\/span><span class=\"MsoHyperlink\"><span style=\"font-size: 11pt; font-family: Calibri, sans-serif; color: rgb(51, 51, 64); border: 1pt none windowtext; padding: 0cm; background-image: initial; background-position: initial; background-size: initial; background-repeat: initial; background-attachment: initial; background-origin: initial; background-clip: initial;\">.<o:p><\/o:p><\/span><\/span><\/p>\n<p class=\"MsoNormal\"><o:p>\u00a0<\/o:p><\/p>\n<p class=\"MsoNormal\"><i><span style=\"font-size:10.0pt;line-height:107%\">Tomado de: Diario La Rep\u00fablica. 6 de junio de 2018.<br \/>\nhttps:\/\/larepublica.pe\/sociedad\/1256139-papa-francisco-envia-saludos-90-anos-gustavo-gutierrez<o:p><\/o:p><\/span><\/i><\/p>\n<p><a href=\"http:\/\/web.hilo.org.pe\/wp-content\/uploads\/noticia-li (1).jpg\" target=\"_blank\" rel=\"noopener\">Ver archivo adjunto<\/a><\/p>\n","protected":false},"excerpt":{"rendered":"<p>Sumo Pont\u00edfice envi\u00f3 una carta en la que expresa sus mejores deseos en el onom\u00e1stico del reconocido te\u00f3logo peruano.<br \/>\nEl Papa Francisco se dio un tiempo entre sus labores y envi\u00f3 una carta al padre Gustavo Guti\u00e9rrez Merino quien en dos d\u00edas cumplir\u00e1 90 a\u00f1os.<\/p>\n","protected":false},"author":1,"featured_media":7855,"comment_status":"closed","ping_status":"closed","sticky":false,"template":"","format":"standard","meta":{"footnotes":""},"categories":[9],"tags":[],"class_list":["post-3083","post","type-post","status-publish","format-standard","has-post-thumbnail","hentry","category-noticias"],"_links":{"self":[{"href":"https:\/\/ceas.org.pe\/index.php\/wp-json\/wp\/v2\/posts\/3083","targetHints":{"allow":["GET"]}}],"collection":[{"href":"https:\/\/ceas.org.pe\/index.php\/wp-json\/wp\/v2\/posts"}],"about":[{"href":"https:\/\/ceas.org.pe\/index.php\/wp-json\/wp\/v2\/types\/post"}],"author":[{"embeddable":true,"href":"https:\/\/ceas.org.pe\/index.php\/wp-json\/wp\/v2\/users\/1"}],"replies":[{"embeddable":true,"href":"https:\/\/ceas.org.pe\/index.php\/wp-json\/wp\/v2\/comments?post=3083"}],"version-history":[{"count":1,"href":"https:\/\/ceas.org.pe\/index.php\/wp-json\/wp\/v2\/posts\/3083\/revisions"}],"predecessor-version":[{"id":6135,"href":"https:\/\/ceas.org.pe\/index.php\/wp-json\/wp\/v2\/posts\/3083\/revisions\/6135"}],"wp:featuredmedia":[{"embeddable":true,"href":"https:\/\/ceas.org.pe\/index.php\/wp-json\/wp\/v2\/media\/7855"}],"wp:attachment":[{"href":"https:\/\/ceas.org.pe\/index.php\/wp-json\/wp\/v2\/media?parent=3083"}],"wp:term":[{"taxonomy":"category","embeddable":true,"href":"https:\/\/ceas.org.pe\/index.php\/wp-json\/wp\/v2\/categories?post=3083"},{"taxonomy":"post_tag","embeddable":true,"href":"https:\/\/ceas.org.pe\/index.php\/wp-json\/wp\/v2\/tags?post=3083"}],"curies":[{"name":"wp","href":"https:\/\/api.w.org\/{rel}","templated":true}]}}